{"id":28561,"date":"2025-10-22T21:10:10","date_gmt":"2025-10-22T21:10:10","guid":{"rendered":"https:\/\/www.europesays.com\/lv\/28561\/"},"modified":"2025-10-22T21:10:10","modified_gmt":"2025-10-22T21:10:10","slug":"eiropas-savieniba-vienojas-par-jaunam-sankcijam-pret-krieviju-2","status":"publish","type":"post","link":"https:\/\/www.europesays.com\/lv\/28561\/","title":{"rendered":"Eiropas Savien\u012bba vienojas par jaun\u0101m sankcij\u0101m pret Krieviju"},"content":{"rendered":"<p>19. sankciju k\u0101rta, kam Krievija pak\u013cauta kop\u0161 t\u0101s atk\u0101rtot\u0101 iebrukuma Ukrain\u0101 2022. gada febru\u0101r\u012b, paredz l\u012bdz 2027. gadam aizliegt sa\u0161\u0137idrin\u0101t\u0101s g\u0101zes importu no Krievijas, iek\u013caut &#8220;melnaj\u0101 sarakst\u0101&#8221; v\u0113l liel\u0101ku skaitu Krievijas &#8220;\u0113nu flotes&#8221; tankku\u0123u un ierobe\u017eot krievu diplom\u0101tu p\u0101rvieto\u0161anos Eirop\u0101.<\/p>\n<p>L\u012bdz \u0161im vieno\u0161anos par jaunaj\u0101m sankcij\u0101m kav\u0113ja Slov\u0101kija, kas pras\u012bja savas auto ra\u017eo\u0161anas nozares aizsardz\u012bbu no ES ties\u012bbu norm\u0101m, kuru m\u0113r\u0137is ir klimata p\u0101rmai\u0146u ierobe\u017eo\u0161ana.<\/p>\n","protected":false},"excerpt":{"rendered":"19. sankciju k\u0101rta, kam Krievija pak\u013cauta kop\u0161 t\u0101s atk\u0101rtot\u0101 iebrukuma Ukrain\u0101 2022. gada febru\u0101r\u012b, paredz l\u012bdz 2027. gadam&hellip;\n","protected":false},"author":2,"featured_media":28562,"comment_status":"","ping_status":"","sticky":false,"template":"","format":"standard","meta":{"footnotes":""},"categories":[14],"tags":[23,57,28,29,32,33,22,74,30,31,35,39,38,36,37,34,40,20,26,27,24,25,54,55,56,21,58],"class_list":{"0":"post-28561","1":"post","2":"type-post","3":"status-publish","4":"format-standard","5":"has-post-thumbnail","7":"category-zinas-no-arvalstim","8":"tag-aktualitates","9":"tag-arvalstim","10":"tag-breaking-news","11":"tag-breakingnews","12":"tag-featured-news","13":"tag-featurednews","14":"tag-headlines","15":"tag-krievijas-iebrukums-ukraina","16":"tag-latest-news","17":"tag-latestnews","18":"tag-latvia","19":"tag-latvian","20":"tag-latviesu","21":"tag-latviesu-valoda","22":"tag-latviesuvaloda","23":"tag-latvija","24":"tag-lv","25":"tag-news","26":"tag-popularakas-zinas","27":"tag-popularakaszinas","28":"tag-top-stories","29":"tag-topstories","30":"tag-world","31":"tag-world-news","32":"tag-worldnews","33":"tag-zinas","34":"tag-zinas-no-arvalstim"},"share_on_mastodon":{"url":"","error":""},"_links":{"self":[{"href":"https:\/\/www.europesays.com\/lv\/wp-json\/wp\/v2\/posts\/28561","targetHints":{"allow":["GET"]}}],"collection":[{"href":"https:\/\/www.europesays.com\/lv\/wp-json\/wp\/v2\/posts"}],"about":[{"href":"https:\/\/www.europesays.com\/lv\/wp-json\/wp\/v2\/types\/post"}],"author":[{"embeddable":true,"href":"https:\/\/www.europesays.com\/lv\/wp-json\/wp\/v2\/users\/2"}],"replies":[{"embeddable":true,"href":"https:\/\/www.europesays.com\/lv\/wp-json\/wp\/v2\/comments?post=28561"}],"version-history":[{"count":0,"href":"https:\/\/www.europesays.com\/lv\/wp-json\/wp\/v2\/posts\/28561\/revisions"}],"wp:featuredmedia":[{"embeddable":true,"href":"https:\/\/www.europesays.com\/lv\/wp-json\/wp\/v2\/media\/28562"}],"wp:attachment":[{"href":"https:\/\/www.europesays.com\/lv\/wp-json\/wp\/v2\/media?parent=28561"}],"wp:term":[{"taxonomy":"category","embeddable":true,"href":"https:\/\/www.europesays.com\/lv\/wp-json\/wp\/v2\/categories?post=28561"},{"taxonomy":"post_tag","embeddable":true,"href":"https:\/\/www.europesays.com\/lv\/wp-json\/wp\/v2\/tags?post=28561"}],"curies":[{"name":"wp","href":"https:\/\/api.w.org\/{rel}","templated":true}]}}