{"id":285610,"date":"2026-09-04T10:15:15","date_gmt":"2026-09-04T10:15:15","guid":{"rendered":"https:\/\/www.europesays.com\/lv\/285610\/"},"modified":"2026-09-04T10:15:15","modified_gmt":"2026-09-04T10:15:15","slug":"foto-cerina-garklava-un-citas-tv-personibas-pulcejas-krasna-rudens-sezonas-balle-santa","status":"publish","type":"post","link":"https:\/\/www.europesays.com\/lv\/285610\/","title":{"rendered":"FOTO: Ceri\u0146a, Garkl\u0101va un citas TV person\u012bbas pulc\u0113jas kr\u0101\u0161\u0146\u0101 rudens sezonas ball\u0113 \u2014 Santa"},"content":{"rendered":"<p>Vair\u0101k nek\u0101 300 viesu\u00a0vid\u016b bija t\u0101di sabiedr\u012bb\u0101 paz\u012bstami \u013caudis k\u0101 Lelde Ceri\u0146a, Krist\u012bne Garkl\u0101va, R\u016bta Dvinska, M\u0101rti\u0146\u0161 Spuris un citi. Vakara viesi bija izv\u0113l\u0113ju\u0161ies nepiespiesti elegantus t\u0113rpus, baud\u012bja satik\u0161an\u0101s prieku un iepazin\u0101s ar jaun\u0101s sezonas iecer\u0113m.<\/p>\n<p>\u00a0<\/p>\n<p>Pas\u0101kuma dal\u012bbnieki vill\u0101 pulc\u0113j\u0101s jau no pulksten 18, bet pusstundu v\u0113l\u0101k s\u0101k\u0101s ofici\u0101l\u0101 da\u013ca, ko vad\u012bja Krist\u012bne Garkl\u0101va un Ivo Jurk\u0101ns.<\/p>\n<blockquote><p>&#13;<\/p>\n<p>\u00abKatras jaun\u0101s sezonas s\u0101kums ir \u012bpa\u0161s br\u012bdis, kad varam atskat\u012bties uz paveikto un vienlaikus ar lielu entuziasmu raudz\u012bties n\u0101kotn\u0113. \u0160oruden skat\u012bt\u0101jiem pied\u0101v\u0101sim gan iem\u012b\u013cotu raid\u012bjumu un seri\u0101lu atgrie\u0161anos, gan vair\u0101kus jaunus projektus, sp\u0113c\u012bgu zi\u0146u saturu, pasaules l\u012bme\u0146a sporta notikumus un soci\u0101li noz\u012bm\u012bgas iniciat\u012bvas,\u00bb pauda\u00a0TV3 Group Latvija vad\u012bt\u0101ja Ginta Salmane.<\/p>\n<p>&#13;\n<\/p><\/blockquote>\n<p>Par muzik\u0101lo noska\u0146u r\u016bp\u0113j\u0101s grupas\u00a0The Sound Poets un Med\u012bbu lauki, Fin\u0137is, k\u0101 ar\u012b DJ Egons Reiters. Vakars turpin\u0101j\u0101s ar savies\u012bg\u0101m sarun\u0101m, dej\u0101m un telev\u012bzijas kol\u0113\u0123u atkalredz\u0113\u0161anos p\u0113c vasaras.<\/p>\n<p>\t\t\t\t\t\t\tPadalies ar draugiem<\/p>\n","protected":false},"excerpt":{"rendered":"Vair\u0101k nek\u0101 300 viesu\u00a0vid\u016b bija t\u0101di sabiedr\u012bb\u0101 paz\u012bstami \u013caudis k\u0101 Lelde Ceri\u0146a, Krist\u012bne Garkl\u0101va, R\u016bta Dvinska, M\u0101rti\u0146\u0161 Spuris&hellip;\n","protected":false},"author":2,"featured_media":285611,"comment_status":"","ping_status":"","sticky":false,"template":"","format":"standard","meta":{"footnotes":"","_share_on_mastodon":"0"},"categories":[19],"tags":[89,90,35,39,38,36,37,34,40],"class_list":["post-285610","post","type-post","status-publish","format-standard","has-post-thumbnail","category-izklaide","tag-entertainment","tag-izklaide","tag-latvia","tag-latvian","tag-latviesu","tag-latviesu-valoda","tag-latviesuvaloda","tag-latvija","tag-lv"],"share_on_mastodon":{"url":"https:\/\/pubeurope.com\/@lv\/117212251831064082","error":""},"_links":{"self":[{"href":"https:\/\/www.europesays.com\/lv\/wp-json\/wp\/v2\/posts\/285610","targetHints":{"allow":["GET"]}}],"collection":[{"href":"https:\/\/www.europesays.com\/lv\/wp-json\/wp\/v2\/posts"}],"about":[{"href":"https:\/\/www.europesays.com\/lv\/wp-json\/wp\/v2\/types\/post"}],"author":[{"embeddable":true,"href":"https:\/\/www.europesays.com\/lv\/wp-json\/wp\/v2\/users\/2"}],"replies":[{"embeddable":true,"href":"https:\/\/www.europesays.com\/lv\/wp-json\/wp\/v2\/comments?post=285610"}],"version-history":[{"count":0,"href":"https:\/\/www.europesays.com\/lv\/wp-json\/wp\/v2\/posts\/285610\/revisions"}],"wp:featuredmedia":[{"embeddable":true,"href":"https:\/\/www.europesays.com\/lv\/wp-json\/wp\/v2\/media\/285611"}],"wp:attachment":[{"href":"https:\/\/www.europesays.com\/lv\/wp-json\/wp\/v2\/media?parent=285610"}],"wp:term":[{"taxonomy":"category","embeddable":true,"href":"https:\/\/www.europesays.com\/lv\/wp-json\/wp\/v2\/categories?post=285610"},{"taxonomy":"post_tag","embeddable":true,"href":"https:\/\/www.europesays.com\/lv\/wp-json\/wp\/v2\/tags?post=285610"}],"curies":[{"name":"wp","href":"https:\/\/api.w.org\/{rel}","templated":true}]}}