{"id":285614,"date":"2026-09-04T10:19:10","date_gmt":"2026-09-04T10:19:10","guid":{"rendered":"https:\/\/www.europesays.com\/lv\/285614\/"},"modified":"2026-09-04T10:19:10","modified_gmt":"2026-09-04T10:19:10","slug":"atklajas-jaunas-detalas-par-bijusa-motosportista-normunda-erkula-navi","status":"publish","type":"post","link":"https:\/\/www.europesays.com\/lv\/285614\/","title":{"rendered":"Atkl\u0101jas jaunas deta\u013cas par biju\u0161\u0101 motosportista Normunda \u0112rku\u013ca n\u0101vi"},"content":{"rendered":"<p>\u0112rkulis tra\u0123iski g\u0101ja boj\u0101 66 gadu vecum\u0101 aizvad\u012bt\u0101s ned\u0113\u013cas nogal\u0113. Izdevniec\u012bbas &#8220;Kurzemes V\u0101rds&#8221; port\u0101ls &#8220;Liep\u0101jniekiem.lv&#8221;, atsaucoties uz t\u0101 r\u012bc\u012bb\u0101 non\u0101ku\u0161u neofici\u0101lu inform\u0101ciju, iepriek\u0161 v\u0113st\u012bja, ka v\u012brietis, iesp\u0113jams, non\u0101v\u0113ts ar vair\u0101kiem na\u017ea d\u016brieniem C\u012bravas pus\u0113.<\/p>\n<p>\u0112rkulis ar kaimi\u0146u, iesp\u0113jams, bija pl\u0101nojis p\u0113c mak\u0161\u0137er\u0113\u0161anas kop\u0101 doties m\u0101jup. &#8220;Tr\u012bs d\u016brieni rok\u0101, aizsarg\u0101jies, un iedurts bijis rib\u0101s, padus\u0113. Tas bija likten\u012bgi,&#8221; st\u0101sta \u0112rku\u013ca b\u0113rn\u012bbas draugs Ain\u0101rs Spir\u0123is. Abi viens otru pazinu\u0161i 60 gadus.<\/p>\n<p>Ain\u0101rs Normundu raksturo k\u0101 m\u012b\u013cu un labu draugu, pie kura vienm\u0113r var\u0113jis v\u0113rsties p\u0113c padoma. &#8220;Vi\u0146\u0161 nebija t\u0101ds, kur\u0161 muld\u0113s aiz muguras. Pateiks t\u0101, k\u0101 ir.&#8221;<\/p>\n<p>Valsts policij\u0101 a\u0123ent\u016bru LETA iepriek\u0161 inform\u0113ja, ka 29. august\u0101 sa\u0146emta inform\u0101cija par l\u012b\u0137a atra\u0161anu Dienvidkurzemes novada La\u017eas pagast\u0101. Notikuma viet\u0101 konstat\u0113ts 1960. gad\u0101 dzimis v\u012brietis bez dz\u012bv\u012bbas paz\u012bm\u0113m. Par notiku\u0161o policij\u0101 s\u0101kts krimin\u0101lprocess un ir aiztur\u0113ta viena persona, kurai k\u0101 dro\u0161\u012bbas l\u012bdzeklis piem\u0113rots apcietin\u0101jums.<\/p>\n<p>Izmekl\u0113\u0161anas interes\u0113s policija patlaban no pla\u0161\u0101kiem koment\u0101riem atturas.<\/p>\n<p>&#8220;Liep\u0101jniekiem.lv&#8221; v\u0113sta, ka \u0112rkulis 20. gadsimta 70. un 80. gados se\u0161reiz k\u013cuvis par Latvijas \u010dempionu, ir izc\u012bn\u012bjis sudraba godalgu PSRS pieaugu\u0161o \u010dempion\u0101t\u0101, k\u0101 ar\u012b ticis pie visu triju kalumu meda\u013c\u0101m PSRS armijas meistarsac\u012bkst\u0113s.<\/p>\n<p>1978. gad\u0101 \u0112rkulis k\u013cuva par PSRS \u010dempionu motokros\u0101 125 kubikcentimetru klas\u0113.<\/p>\n<p>Atvad\u012b\u0161an\u0101s no \u0112rku\u013ca notiks piektdien, 4. septembr\u012b, plkst. 15 Liep\u0101j\u0101 L\u012bvas kaps\u0113tas kapli\u010d\u0101 Cenkones iel\u0101 18\/20.<\/p>\n","protected":false},"excerpt":{"rendered":"\u0112rkulis tra\u0123iski g\u0101ja boj\u0101 66 gadu vecum\u0101 aizvad\u012bt\u0101s ned\u0113\u013cas nogal\u0113. Izdevniec\u012bbas &#8220;Kurzemes V\u0101rds&#8221; port\u0101ls &#8220;Liep\u0101jniekiem.lv&#8221;, atsaucoties uz t\u0101&hellip;\n","protected":false},"author":2,"featured_media":285615,"comment_status":"","ping_status":"","sticky":false,"template":"","format":"standard","meta":{"footnotes":"","_share_on_mastodon":"0"},"categories":[12],"tags":[23,28,29,32,33,22,2161,30,31,35,39,38,36,37,34,40,578,165,20,26,27,24,25,21],"class_list":["post-285614","post","type-post","status-publish","format-standard","has-post-thumbnail","category-latvija","tag-aktualitates","tag-breaking-news","tag-breakingnews","tag-featured-news","tag-featurednews","tag-headlines","tag-in-memoriam","tag-latest-news","tag-latestnews","tag-latvia","tag-latvian","tag-latviesu","tag-latviesu-valoda","tag-latviesuvaloda","tag-latvija","tag-lv","tag-motokross","tag-motoru-sports","tag-news","tag-popularakas-zinas","tag-popularakaszinas","tag-top-stories","tag-topstories","tag-zinas"],"share_on_mastodon":{"url":"https:\/\/pubeurope.com\/@lv\/117212267349771870","error":""},"_links":{"self":[{"href":"https:\/\/www.europesays.com\/lv\/wp-json\/wp\/v2\/posts\/285614","targetHints":{"allow":["GET"]}}],"collection":[{"href":"https:\/\/www.europesays.com\/lv\/wp-json\/wp\/v2\/posts"}],"about":[{"href":"https:\/\/www.europesays.com\/lv\/wp-json\/wp\/v2\/types\/post"}],"author":[{"embeddable":true,"href":"https:\/\/www.europesays.com\/lv\/wp-json\/wp\/v2\/users\/2"}],"replies":[{"embeddable":true,"href":"https:\/\/www.europesays.com\/lv\/wp-json\/wp\/v2\/comments?post=285614"}],"version-history":[{"count":0,"href":"https:\/\/www.europesays.com\/lv\/wp-json\/wp\/v2\/posts\/285614\/revisions"}],"wp:featuredmedia":[{"embeddable":true,"href":"https:\/\/www.europesays.com\/lv\/wp-json\/wp\/v2\/media\/285615"}],"wp:attachment":[{"href":"https:\/\/www.europesays.com\/lv\/wp-json\/wp\/v2\/media?parent=285614"}],"wp:term":[{"taxonomy":"category","embeddable":true,"href":"https:\/\/www.europesays.com\/lv\/wp-json\/wp\/v2\/categories?post=285614"},{"taxonomy":"post_tag","embeddable":true,"href":"https:\/\/www.europesays.com\/lv\/wp-json\/wp\/v2\/tags?post=285614"}],"curies":[{"name":"wp","href":"https:\/\/api.w.org\/{rel}","templated":true}]}}