{"id":285620,"date":"2026-09-04T10:26:11","date_gmt":"2026-09-04T10:26:11","guid":{"rendered":"https:\/\/www.europesays.com\/lv\/285620\/"},"modified":"2026-09-04T10:26:11","modified_gmt":"2026-09-04T10:26:11","slug":"uz-spragstvielam-aprikotu-dronu-lidosta-reage-ar-nosodijumu-un-konsulata-slegsanu-vai-vacijas-atbilde-ir-pietiekama","status":"publish","type":"post","link":"https:\/\/www.europesays.com\/lv\/285620\/","title":{"rendered":"Uz spr\u0101gstviel\u0101m apr\u012bkotu dronu lidost\u0101 rea\u0123\u0113 ar nosod\u012bjumu un konsul\u0101ta sl\u0113g\u0161anu. Vai V\u0101cijas atbilde ir pietiekama?"},"content":{"rendered":"<p>Sprie\u017eot p\u0113c Eiropas Savien\u012bbas (ES) un NATO augst\u0101ko amatpersonu pazi\u0146ojumiem, nosac\u012bta &#8220;sarkan\u0101 l\u012bnija&#8221; novilkta p\u0113c tam, kad 4. august\u0101 tr\u012bs ar spr\u0101gstviel\u0101m apr\u012bkoti droni patva\u013c\u012bgi lidin\u0101j\u0101s Leipcigas lidost\u0101 V\u0101cij\u0101, caur kuru tiek transport\u0113tas ar\u012b milit\u0101r\u0101s kravas uz Ukrainu.<\/p>\n<p>Jau no s\u0101kta gala aizdomas krita uz Krieviju, un \u0161oned\u0113\u013c <a href=\"https:\/\/www.tvnet.lv\/term\/555442\/vacija\" class=\"topicLink\" target=\"_blank\" rel=\"nofollow noopener\">V\u0101cija<\/a> p\u0113c notiku\u0161\u0101 izmekl\u0113\u0161anas <a target=\"_blank\" rel=\"noopener noreferrer nofollow\" href=\"https:\/\/www.tvnet.lv\/8538095\/vacija-apsudz-krieviju-par-diversijas-meginajumu-leipcigas-lidosta\">publiski aps\u016bdz\u0113ja<\/a> Krieviju m\u0113\u0123in\u0101jum\u0101 sar\u012bkot diversiju Leipcigas lidost\u0101.<\/p>\n","protected":false},"excerpt":{"rendered":"Sprie\u017eot p\u0113c Eiropas Savien\u012bbas (ES) un NATO augst\u0101ko amatpersonu pazi\u0146ojumiem, nosac\u012bta &#8220;sarkan\u0101 l\u012bnija&#8221; novilkta p\u0113c tam, kad 4.&hellip;\n","protected":false},"author":2,"featured_media":285621,"comment_status":"","ping_status":"","sticky":false,"template":"","format":"standard","meta":{"footnotes":"","_share_on_mastodon":"0"},"categories":[5],"tags":[23,28,29,32,33,22,1571,234,30,31,35,39,38,36,37,34,40,20,26,27,24,25,2238,299,21],"class_list":["post-285620","post","type-post","status-publish","format-standard","has-post-thumbnail","category-aktualitates","tag-aktualitates","tag-breaking-news","tag-breakingnews","tag-featured-news","tag-featurednews","tag-headlines","tag-hibridkars","tag-krievija","tag-latest-news","tag-latestnews","tag-latvia","tag-latvian","tag-latviesu","tag-latviesu-valoda","tag-latviesuvaloda","tag-latvija","tag-lv","tag-news","tag-popularakas-zinas","tag-popularakaszinas","tag-top-stories","tag-topstories","tag-tvnet-arvalstis","tag-vacija","tag-zinas"],"share_on_mastodon":{"url":"https:\/\/pubeurope.com\/@lv\/117212295027464890","error":""},"_links":{"self":[{"href":"https:\/\/www.europesays.com\/lv\/wp-json\/wp\/v2\/posts\/285620","targetHints":{"allow":["GET"]}}],"collection":[{"href":"https:\/\/www.europesays.com\/lv\/wp-json\/wp\/v2\/posts"}],"about":[{"href":"https:\/\/www.europesays.com\/lv\/wp-json\/wp\/v2\/types\/post"}],"author":[{"embeddable":true,"href":"https:\/\/www.europesays.com\/lv\/wp-json\/wp\/v2\/users\/2"}],"replies":[{"embeddable":true,"href":"https:\/\/www.europesays.com\/lv\/wp-json\/wp\/v2\/comments?post=285620"}],"version-history":[{"count":0,"href":"https:\/\/www.europesays.com\/lv\/wp-json\/wp\/v2\/posts\/285620\/revisions"}],"wp:featuredmedia":[{"embeddable":true,"href":"https:\/\/www.europesays.com\/lv\/wp-json\/wp\/v2\/media\/285621"}],"wp:attachment":[{"href":"https:\/\/www.europesays.com\/lv\/wp-json\/wp\/v2\/media?parent=285620"}],"wp:term":[{"taxonomy":"category","embeddable":true,"href":"https:\/\/www.europesays.com\/lv\/wp-json\/wp\/v2\/categories?post=285620"},{"taxonomy":"post_tag","embeddable":true,"href":"https:\/\/www.europesays.com\/lv\/wp-json\/wp\/v2\/tags?post=285620"}],"curies":[{"name":"wp","href":"https:\/\/api.w.org\/{rel}","templated":true}]}}