{"id":285636,"date":"2026-09-04T10:43:15","date_gmt":"2026-09-04T10:43:15","guid":{"rendered":"https:\/\/www.europesays.com\/lv\/285636\/"},"modified":"2026-09-04T10:43:15","modified_gmt":"2026-09-04T10:43:15","slug":"ventspili-miklainos-apstaklos-mirst-virietis-policija-menesiem-nespej-pienacigi-komunicet-ar-tuviniekiem","status":"publish","type":"post","link":"https:\/\/www.europesays.com\/lv\/285636\/","title":{"rendered":"Ventspil\u012b m\u012bklainos apst\u0101k\u013cos mirst v\u012brietis, policija m\u0113ne\u0161iem nesp\u0113j pien\u0101c\u012bgi komunic\u0113t ar tuviniekiem"},"content":{"rendered":"<p class=\"descr\">Pag\u0101ju\u0161\u0101 gada nogal\u0113 dz\u012bvokl\u012b Ventspil\u012b m\u012bklainos apst\u0101k\u013cos nomira v\u012brietis. Tuvinieki jau asto\u0146us m\u0113ne\u0161us nezina neko par policijas izmekl\u0113\u0161anu, n\u0101ves c\u0113lo\u0146iem, un \u0161\u012b nezi\u0146a dzen izmisum\u0101. Likumsargu komunik\u0101cija ir zem katras kritikas, raid\u012bjumam &#8220;Brz Tabu&#8221; s\u016bkst\u012bj\u0101s miru\u0161\u0101 v\u012brie\u0161a m\u0101sa.<\/p>\n<p>&#8220;Bez Tabu&#8221; redakcij\u0101 v\u0113rs\u0101s Krist\u012bne, kura sarun\u0101 vair\u0101kk\u0101rt apraud\u0101j\u0101s, run\u0101jot par br\u0101li P\u0101velu, kur\u0161 m\u012bklainos apst\u0101k\u013cos nomira p\u0113rn\u0101 gada nogal\u0113 Ventspil\u012b.<\/p>\n<p>Krist\u012bne st\u0101st\u012bja, ka, ilgsto\u0161i dz\u012bvojis Anglij\u0101, p\u0113rn\u0101 gada nogal\u0113 nu jau miru\u0161ais br\u0101lis P\u0101vels bija spiests atgriezties Latvij\u0101. Britu sal\u0101s palika dz\u012bvot vi\u0146a, v\u0113l viena m\u0101sa un br\u0101lis. Visi vienm\u0113r biju\u0161i \u013coti tuvi, atbalst\u012bju\u0161i viens otru.<\/p>\n<p>P\u0101vels iek\u0101rtoj\u0101s dz\u012bvokl\u012b Ventspil\u012b, un Anglij\u0101 dz\u012bvojo\u0161ie tuvinieki par vi\u0146u tur\u0113ja r\u016bpi, sazinoties un finansi\u0101li atbalstot, st\u0101st\u012bja Krist\u012bne.<\/p>\n<p>&#8220;Vi\u0146am bija pl\u0101ni. P\u0113c jaun\u0101 gada grib\u0113ja sak\u0101rtot dokumentus un doties uz V\u0101ciju str\u0101d\u0101t. Vi\u0146\u0161 man bija pats m\u012b\u013c\u0101kais! M\u0113s bij\u0101m \u010detri b\u0113rni. Lai cik gr\u016bti neb\u016btu, m\u0113s viens otram pal\u012bdz\u0113j\u0101m. Nu P\u0101vela vairs nav. Palaist, nenoskaidrojot vain\u012bgo, negribu,&#8221; st\u0101sta Krist\u012bne.<\/p>\n<p>P\u0101vels <a href=\"https:\/\/nra.lv\/birka\/ventspils\/\" target=\"_blank\" rel=\"noopener nofollow\">Ventspil\u012b<\/a> dz\u012bvoja daudzdz\u012bvok\u013cu nam\u0101. Krist\u012bne sac\u012bja, ka katru dienu vair\u0101kas reizes sazvan\u012bj\u0101s ar br\u0101li. Sarun\u0101 pag\u0101ju\u0161\u0101 gada decembr\u012b vi\u0146\u0161 teica, ka pie vi\u0146a ciemosies k\u0101ds draugs Vit\u0101lijs, raid\u012bjumam kl\u0101st\u012bja Krist\u012bne.<\/p>\n<p>Dien\u0101, kad pie P\u0101vela ierad\u0101s draugs Vit\u0101lijs, vi\u0146\u0161 nomira, teica Krist\u012bne.<\/p>\n<p>&#8220;Vi\u0146\u0161 nec\u0113la klausuli. Visu dienu zvan\u012bjos, p\u0101rbaud\u012bju visur. Nevar\u0113ju sazin\u0101ties. Es jutu. Zvan\u012bju m\u0101s\u012bcai, l\u016bdzu vi\u0146ai, lai dodas uz dz\u012bvokli un paskat\u0101s. Vi\u0146a ieg\u0101ja un teica &#8211; Pav\u013ciks gu\u013c, nekustas, nerea\u0123\u0113. Izsauca &#8220;\u0101tro pal\u012bdz\u012bbu&#8221;, policiju. Pateica, ka miris. No 11. uz 12. [decembri], kad ierad\u0101s draugs, nomira,&#8221; atceras Krist\u012bne.<\/p>\n<p>V\u0113l\u0101k Krist\u012bne, veicot savu izmekl\u0113\u0161anu, noskaidroja cilv\u0113ku, kur\u0161 apstiprin\u0101ja, ka abi, P\u0101vels un Vit\u0101lijs, tie\u0161\u0101m satik\u0101s. P\u0113c P\u0101vela n\u0101ves no \u0161\u012b drauga Vit\u0101lija ne zi\u0146as, ne mi\u0146as l\u012bdz pat \u0161im br\u012bdim, st\u0101st\u012bja Krist\u012bne. Vi\u0146a uzskata, ka br\u0101\u013ca n\u0101v\u0113 \u0161is Vit\u0101lijs ir kaut k\u0101 iesaist\u012bts un ka policijai noteikti vi\u0146u b\u016btu j\u0101mekl\u0113.<\/p>\n<p>&#8220;Vi\u0146i satik\u0101s, bija kop\u0101 un p\u0113c tam Vit\u0101lijam telefons jau bija izsl\u0113gts. Nebija sasniedzams tas Vit\u0101lijs,&#8221; nor\u0101da m\u0101sa.<\/p>\n<p>Krist\u012bne ir neizpratn\u0113 par to, k\u0101 str\u0101d\u0101 un komunic\u0113 <a href=\"https:\/\/nra.lv\/birka\/valsts-policija\/\" target=\"_blank\" rel=\"noopener nofollow\">Valsts policijas<\/a> p\u0101rst\u0101vji Ventspil\u012b, kuri ierosin\u0101ja krimin\u0101lprocesu. Jau asto\u0146us m\u0113ne\u0161us likumsargi neinform\u0113 ne par ko, un nezi\u0146a tuviniekus dzen izmisum\u0101.<\/p>\n<p>Lietas izmekl\u0113t\u0101ji main\u0101s, nevienu rok\u0101 sadab\u016bt un sazvan\u012bt neizdodas, lai saprastu n\u0101ves apst\u0101k\u013cus un vai maz likumsargi mekl\u0113ju\u0161i rok\u0101 Vit\u0101liju, teica Krist\u012bne.<\/p>\n<p>&#8220;M\u0113s jau t\u0101 ar m\u0101su iedev\u0101m [policijai] inform\u0101ciju par to Vita\u013ciku. Teic\u0101m, kad vi\u0146\u0161 ierad\u0101s. Visu inform\u0101ciju m\u0113s iedev\u0101m. Visu, kas bija nepiecie\u0161ams! Bet mums neko nesaka! Tur bija tas Vit\u0101lijs! Kas tur notika? Nav zin\u0101ms. It k\u0101 ekspert\u012bze bijusi, par to mums neko neteica. Teic\u0101m, ka esam divas m\u0101sas un br\u0101lis, bet mums nav nek\u0101du atbil\u017eu. Cik rei\u017eu esmu v\u0113rsusies policij\u0101 &#8211; nek\u0101du atbil\u017eu. Ar mums run\u0101ja rupji!&#8221; akcent\u0113 Krist\u012bne.<\/p>\n<p>Valsts policija no kl\u0101tienes sarunas izvair\u0101s, raid\u012bjumam rakstiski skaidro, ka atrasts v\u012brie\u0161a l\u012b\u0137is bez ac\u012bmredzamiem miesas boj\u0101jumiem, net\u0101lu no l\u012b\u0137a atrad\u0101s \u0161\u013circe un, iesp\u0113jams, narkotisk\u0101s vielas. Neesot g\u016bti pier\u0101d\u012bjumi, ka pret personu v\u0113rsts noziegums, ta\u010du izmekl\u0113\u0161ana turpin\u0101s. Policija neatkl\u0101j, vai maz mekl\u0113ju\u0161i piemin\u0113to Vit\u0101liju.<\/p>\n<p>Krist\u012bne netic, ka br\u0101lis lietojis narkotikas. Ar\u012b prokurat\u016bra apstiprina, ka narkotisko vielu kl\u0101tb\u016btne v\u012brie\u0161a \u0137ermen\u012b netika konstat\u0113ta. Ir izteikti pie\u0146\u0113mumi par k\u0101das citas personas saist\u012bbu ar v\u012brie\u0161a n\u0101vi un \u0161\u012b inform\u0101cija ir pievienota lietas materi\u0101liem un tiekot v\u0113rt\u0113ta, skaidro prokurat\u016bra. Prokurat\u016bra esot aizr\u0101d\u012bjusi policijas darbiniekiem atcer\u0113ties par piekl\u0101j\u012bg\u0101m komunik\u0101cijas manier\u0113m ar tuviniekiem.<\/p>\n<p>\t\t\t\t\t\tinfo<\/p>\n<p>Uzzini pirmais<br \/>kas interesants noticis Latvij\u0101 un pasaul\u0113,<br \/>pievienojoties mums <a href=\"https:\/\/t.me\/neatkariga\" rel=\"nofollow\">Telegram<\/a> vai <a href=\"https:\/\/whatsapp.com\/channel\/0029VaMLFUH5K3zLU5s4wm3y\" rel=\"nofollow noopener\" target=\"_blank\">Whatsapp<\/a> kan\u0101l\u0101<\/p>\n","protected":false},"excerpt":{"rendered":"Pag\u0101ju\u0161\u0101 gada nogal\u0113 dz\u012bvokl\u012b Ventspil\u012b m\u012bklainos apst\u0101k\u013cos nomira v\u012brietis. Tuvinieki jau asto\u0146us m\u0113ne\u0161us nezina neko par policijas izmekl\u0113\u0161anu,&hellip;\n","protected":false},"author":2,"featured_media":285637,"comment_status":"","ping_status":"","sticky":false,"template":"","format":"standard","meta":{"footnotes":"","_share_on_mastodon":"0"},"categories":[12],"tags":[23,28,29,32,33,22,30,31,35,39,38,36,37,34,40,20,26,27,24,25,21],"class_list":["post-285636","post","type-post","status-publish","format-standard","has-post-thumbnail","category-latvija","tag-aktualitates","tag-breaking-news","tag-breakingnews","tag-featured-news","tag-featurednews","tag-headlines","tag-latest-news","tag-latestnews","tag-latvia","tag-latvian","tag-latviesu","tag-latviesu-valoda","tag-latviesuvaloda","tag-latvija","tag-lv","tag-news","tag-popularakas-zinas","tag-popularakaszinas","tag-top-stories","tag-topstories","tag-zinas"],"share_on_mastodon":{"url":"https:\/\/pubeurope.com\/@lv\/117212361985619284","error":""},"_links":{"self":[{"href":"https:\/\/www.europesays.com\/lv\/wp-json\/wp\/v2\/posts\/285636","targetHints":{"allow":["GET"]}}],"collection":[{"href":"https:\/\/www.europesays.com\/lv\/wp-json\/wp\/v2\/posts"}],"about":[{"href":"https:\/\/www.europesays.com\/lv\/wp-json\/wp\/v2\/types\/post"}],"author":[{"embeddable":true,"href":"https:\/\/www.europesays.com\/lv\/wp-json\/wp\/v2\/users\/2"}],"replies":[{"embeddable":true,"href":"https:\/\/www.europesays.com\/lv\/wp-json\/wp\/v2\/comments?post=285636"}],"version-history":[{"count":0,"href":"https:\/\/www.europesays.com\/lv\/wp-json\/wp\/v2\/posts\/285636\/revisions"}],"wp:featuredmedia":[{"embeddable":true,"href":"https:\/\/www.europesays.com\/lv\/wp-json\/wp\/v2\/media\/285637"}],"wp:attachment":[{"href":"https:\/\/www.europesays.com\/lv\/wp-json\/wp\/v2\/media?parent=285636"}],"wp:term":[{"taxonomy":"category","embeddable":true,"href":"https:\/\/www.europesays.com\/lv\/wp-json\/wp\/v2\/categories?post=285636"},{"taxonomy":"post_tag","embeddable":true,"href":"https:\/\/www.europesays.com\/lv\/wp-json\/wp\/v2\/tags?post=285636"}],"curies":[{"name":"wp","href":"https:\/\/api.w.org\/{rel}","templated":true}]}}