{"id":285638,"date":"2026-09-04T10:44:14","date_gmt":"2026-09-04T10:44:14","guid":{"rendered":"https:\/\/www.europesays.com\/lv\/285638\/"},"modified":"2026-09-04T10:44:14","modified_gmt":"2026-09-04T10:44:14","slug":"zzs-aicina-saeimu-atcelt-slimnicu-tikla-reformu","status":"publish","type":"post","link":"https:\/\/www.europesays.com\/lv\/285638\/","title":{"rendered":"ZZS aicina Saeimu atcelt slimn\u012bcu t\u012bkla reformu"},"content":{"rendered":"<p>Jau zi\u0146ots, ka tre\u0161dien ZZS v\u0113rs\u0101s ar\u012b pie Valsts prezidenta Edgara Rink\u0113vi\u010da, aicinot piev\u0113rst uzman\u012bbu reformas tr\u016bkumiem un mudin\u0101t vald\u012bbu ats\u0101kt diskusijas ar nozares p\u0101rst\u0101vjiem, pa\u0161vald\u012bb\u0101m un re\u0123ion\u0101laj\u0101m slimn\u012bc\u0101m. Partijas sagatavotaj\u0101 53 lappu\u0161u zi\u0146ojum\u0101 pausti iebildumi pret reformu, nor\u0101dot uz iesp\u0113jamu finans\u0113juma samazin\u0101jumu re\u0123ion\u0101laj\u0101m slimn\u012bc\u0101m un negat\u012bvu ietekmi uz vesel\u012bbas apr\u016bpes pieejam\u012bbu vair\u0101k\u0101s Latvijas teritorij\u0101s.<\/p>\n<p>ZZS Saeimas frakcijas priek\u0161s\u0113d\u0113t\u0101js Harijs Rokpelnis iepriek\u0161 pauda p\u0101rliec\u012bbu, ka vald\u012bbas l\u0113mums agr\u0101k vai v\u0113l\u0101k b\u016bs j\u0101p\u0101rskata, jo pl\u0101not\u0101s izmai\u0146as var negat\u012bvi ietekm\u0113t vesel\u012bbas apr\u016bpes pieejam\u012bbu re\u0123ionos.<\/p>\n<p>K\u0101 zi\u0146ots, vald\u012bba apstiprin\u0101jusi slimn\u012bcu t\u012bkla reformu, kas paredz p\u0101reju no piecu l\u012bme\u0146u sist\u0113mas uz tr\u012bs l\u012bme\u0146u modeli un pak\u0101penisku p\u0101reju uz jauno k\u0101rt\u012bbu l\u012bdz 2029. gadam. L\u012bdz ar izmai\u0146\u0101m slimn\u012bcu l\u012bme\u0146os da\u013c\u0101 no t\u0101m vairs nesniegs atsevi\u0161\u0137us pakalpojumus, kuri l\u012bdz \u0161im tur sniegti sal\u012bdzino\u0161i maz\u0101k\u0101 apm\u0113r\u0101 vai ar\u012b kuru snieg\u0161anai tr\u016bcis person\u0101la. Pret reformu iebildumus paudusi Latvijas Slimn\u012bcu biedr\u012bba.<\/p>\n<p>Ministru prezidents Andris Kulbergs (AS) iepriek\u0161 nor\u0101d\u012bjis, ka slimn\u012bcu t\u012bkla reforma ir nepiecie\u0161ama, uzsverot, ka vald\u012bba nepl\u0101no samazin\u0101t finans\u0113jumu re\u0123ion\u0101laj\u0101m slimn\u012bc\u0101m, bet iecer\u0113jusi to novirz\u012bt pakalpojumiem, kurus konkr\u0113t\u0101s \u0101rstniec\u012bbas iest\u0101des sp\u0113j nodro\u0161in\u0101t efekt\u012bv\u0101k.<\/p>\n","protected":false},"excerpt":{"rendered":"Jau zi\u0146ots, ka tre\u0161dien ZZS v\u0113rs\u0101s ar\u012b pie Valsts prezidenta Edgara Rink\u0113vi\u010da, aicinot piev\u0113rst uzman\u012bbu reformas tr\u016bkumiem un&hellip;\n","protected":false},"author":2,"featured_media":285639,"comment_status":"","ping_status":"","sticky":false,"template":"","format":"standard","meta":{"footnotes":"","_share_on_mastodon":"0"},"categories":[5],"tags":[23,28,29,32,33,22,30,31,35,39,38,36,37,34,40,20,26,27,9498,1288,24,25,36790,21,666],"class_list":["post-285638","post","type-post","status-publish","format-standard","has-post-thumbnail","category-aktualitates","tag-aktualitates","tag-breaking-news","tag-breakingnews","tag-featured-news","tag-featurednews","tag-headlines","tag-latest-news","tag-latestnews","tag-latvia","tag-latvian","tag-latviesu","tag-latviesu-valoda","tag-latviesuvaloda","tag-latvija","tag-lv","tag-news","tag-popularakas-zinas","tag-popularakaszinas","tag-reformas","tag-slimnicas","tag-top-stories","tag-topstories","tag-zalo-un-zemnieku-savieniba-zzs","tag-zinas","tag-zzs"],"share_on_mastodon":{"url":"https:\/\/pubeurope.com\/@lv\/117212365633862356","error":""},"_links":{"self":[{"href":"https:\/\/www.europesays.com\/lv\/wp-json\/wp\/v2\/posts\/285638","targetHints":{"allow":["GET"]}}],"collection":[{"href":"https:\/\/www.europesays.com\/lv\/wp-json\/wp\/v2\/posts"}],"about":[{"href":"https:\/\/www.europesays.com\/lv\/wp-json\/wp\/v2\/types\/post"}],"author":[{"embeddable":true,"href":"https:\/\/www.europesays.com\/lv\/wp-json\/wp\/v2\/users\/2"}],"replies":[{"embeddable":true,"href":"https:\/\/www.europesays.com\/lv\/wp-json\/wp\/v2\/comments?post=285638"}],"version-history":[{"count":0,"href":"https:\/\/www.europesays.com\/lv\/wp-json\/wp\/v2\/posts\/285638\/revisions"}],"wp:featuredmedia":[{"embeddable":true,"href":"https:\/\/www.europesays.com\/lv\/wp-json\/wp\/v2\/media\/285639"}],"wp:attachment":[{"href":"https:\/\/www.europesays.com\/lv\/wp-json\/wp\/v2\/media?parent=285638"}],"wp:term":[{"taxonomy":"category","embeddable":true,"href":"https:\/\/www.europesays.com\/lv\/wp-json\/wp\/v2\/categories?post=285638"},{"taxonomy":"post_tag","embeddable":true,"href":"https:\/\/www.europesays.com\/lv\/wp-json\/wp\/v2\/tags?post=285638"}],"curies":[{"name":"wp","href":"https:\/\/api.w.org\/{rel}","templated":true}]}}