{"id":285648,"date":"2026-09-04T10:56:17","date_gmt":"2026-09-04T10:56:17","guid":{"rendered":"https:\/\/www.europesays.com\/lv\/285648\/"},"modified":"2026-09-04T10:56:17","modified_gmt":"2026-09-04T10:56:17","slug":"jurkovskis-par-lielo-vartu-razu-rigas-derbijos-manuprat-skatitajiem-idealas-speles-futbols-sportacentrs-com","status":"publish","type":"post","link":"https:\/\/www.europesays.com\/lv\/285648\/","title":{"rendered":"Jurkovskis par lielo v\u0101rtu ra\u017eu R\u012bgas derbijos: &#8220;Manupr\u0101t, skat\u012bt\u0101jiem ide\u0101las sp\u0113les&#8221; \u2013 Futbols \u2013 Sportacentrs.com"},"content":{"rendered":"<p>\u0160is bija jau piektais R\u012bgas derbijs p\u0113c k\u0101rtas, kas izv\u0113rt\u0101s \u013coti rezultat\u012bvs. Pirms gada, 2025. gada septembr\u012b, &#8220;Riga&#8221; un RFS aizvad\u012bja bezv\u0101rtu neiz\u0161\u0137irtu, kam sekoju\u0161as sp\u0113les ar \u0161\u0101diem rezult\u0101tiem &#8211; 3:4, 3:3, 2:1, 3:3 un tagad <a href=\"https:\/\/sportacentrs.com\/futbols\/citi_latvijas_turniri\/03092026-akrobatisks_supersitiens_pendele_divi_lot\" rel=\"nofollow noopener\" target=\"_blank\">3:2<\/a>.<\/p>\n<p>&#8220;Abas komandas skrien uz priek\u0161u, abas grib uzvar\u0113t,&#8221; teica Raivis Jurkovskis. &#8220;T\u0101p\u0113c ar\u012b izveidojas pretuzbrukumi un vair\u0101k v\u0101rtu g\u016b\u0161anas momenti. Manupr\u0101t, priek\u0161 skat\u012bt\u0101jiem ide\u0101las sp\u0113les.&#8221;<\/p>\n<p>\u0160oreiz gan RFS sp\u0113les pirmos v\u0101rtus guva no standartsitu\u0101cijas, izmantojot st\u016bra sitienu. Jurkovskis atzina, ka &#8220;Riga&#8221; aizsardz\u012bba \u0161aj\u0101 situ\u0101cij\u0101 glu\u017ei vienk\u0101r\u0161i nav nosp\u0113l\u0113jusi pareizi: &#8220;Nenosp\u0113l\u0113ja aizsardz\u012bb\u0101 viens pret vienu. Mums bija konkr\u0113ts uzdevums, bija nolikts sp\u0113l\u0113t\u0101js, kuram j\u0101sp\u0113l\u0113 pret Prengu (RFS v\u0101rtu guv\u0113ju), vi\u0146\u0161 vi\u0146u diem\u017e\u0113l nenosedza.&#8221;<\/p>\n<p>&#8220;Riga&#8221; gan dr\u012bz vien izdev\u0101s pan\u0101kt neiz\u0161\u0137irtu, kam\u0113r l\u012bdz vad\u012bbas ieg\u016b\u0161anai bija j\u0101pagaida l\u012bdz otr\u0101 puslaika s\u0101kumam, kad Re\u017einaldu Ramiriss izpild\u012bja lielisku sitienu, p\u0113c bumbas apstr\u0101d\u0101\u0161anas ar vienu piesk\u0101rienu raid\u012bja to v\u0101rtos &#8220;\u0161k\u0113r\u012bt\u0113&#8221;.<\/p>\n<p>&#8220;Katr\u0101 treni\u0146\u0101, kad mums ir centr\u0113jumi, vi\u0146\u0161 grib, lai vi\u0146am iedod t\u0101du piesp\u0113li, lai var\u0113tu veikt l\u012bdz\u012bga veida sitienu,&#8221; skaidroja Jurkovskis. &#8220;Beidzot vi\u0146am ar\u012b sp\u0113l\u0113 t\u0101ds izdev\u0101s. Lai gan, man \u0161\u0137iet, vi\u0146\u0161 ar\u012b &#8220;Audas&#8221; sast\u0101v\u0101 divus t\u0101dus jau iesita, bet tagad ar\u012b m\u016bsu krekl\u0101 ir t\u0101 iesitis.&#8221;<\/p>\n<p>&#8220;Riga&#8221; uzvaras v\u0101rtus guva p\u0113c centr\u0113juma soda laukum\u0101, un \u0161\u0101da veida piesp\u0113les pret augum\u0101 garo RFS aizsardz\u012bbu tika izpild\u012btas bie\u017ei. Jurkovskis nor\u0101d\u012bja, ka \u0161\u0101da veida taktika uzbrukum\u0101 ir rakstur\u012bga &#8220;Riga&#8221; un tiek izmantota pret daudziem pretiniekiem, kas ar\u012b iepriek\u0161 nesis pan\u0101kumus.<\/p>\n<p>Viens no \u0161\u012b R\u012bgas derbija &#8220;karst\u0101kajiem&#8221; mirk\u013ciem bija, kad uz &#8220;Riga&#8221; v\u0101rtiem tika noz\u012bm\u0113ts 11 metru soda sitiens, kad sp\u0113le ar roku tika fiks\u0113ta Ahmeds Ankr\u0101, un par to sekoja pla\u0161i &#8220;Riga&#8221; sp\u0113l\u0113t\u0101ju protesti.<\/p>\n<p>&#8220;Es pats, ja god\u012bgi, nemaz neredz\u0113ju, kur vi\u0146am t\u0101 bumba atsit\u0101s,&#8221; pasm\u0113j\u0101s Jurkovskis. &#8220;Bet vi\u0146\u0161 pats bija 100% p\u0101rliecin\u0101ts, ka vi\u0146am pa rok\u0101m nav tr\u0101p\u012bts. Savuk\u0101rt VAR tiesne\u0161i esot pateiku\u0161i, ka tur bija 100% sp\u0113le ar roku. Nu, tad j\u0101piekr\u012bt vien ir, ietekm\u0113t vairs to nevaram.&#8221;<\/p>\n<p>&#8220;Riga&#8221; komandai un Jurkovskim pa\u0161am, kur\u0161 ir stabils s\u0101kumsast\u0101va sp\u0113l\u0113t\u0101js gan klub\u0101, gan Latvijas izlas\u0113, gaid\u0101ms saspringts rudens. Ceturtdien tika izc\u012bn\u012bta iesp\u0113ja sp\u0113l\u0113t Latvijas kausa fin\u0101l\u0101, kas papildin\u0101s jau t\u0101 saspringto Virsl\u012bgas un UEFA Konferences l\u012bgas kalend\u0101ru, turkl\u0101t Jurkovskim gaid\u0101ma noslodze ar\u012b Latvijas izlas\u0113 N\u0101ciju l\u012bg\u0101.<\/p>\n<p>&#8220;Tas ir pat\u012bkami,&#8221; vi\u0146\u0161 smaid\u012bja. &#8220;Jo vair\u0101k sp\u0113\u013cu, jo lab\u0101k. Futbolistiem jau t\u0101 ir lab\u0101k, ka var vair\u0101k sp\u0113l\u0113t, nevis tren\u0113ties. T\u0101p\u0113c esmu priec\u012bgs, ka mums ir tik daudz sp\u0113\u013cu. Galvenais, fiziski iztur\u0113t.&#8221;<\/p>\n<p>Kausa fin\u0101l\u0101 28. oktobr\u012b &#8220;Riga&#8221; sp\u0113l\u0113s pret &#8220;Audu&#8221;, pret ko b\u016bs j\u0101sp\u0113l\u0113 ar\u012b Virsl\u012bg\u0101 11. septembr\u012b. Savuk\u0101rt pirms tam pirmdien gaid\u0101ma sp\u0113le pret &#8220;Daugavpili&#8221;.<\/p>\n","protected":false},"excerpt":{"rendered":"\u0160is bija jau piektais R\u012bgas derbijs p\u0113c k\u0101rtas, kas izv\u0113rt\u0101s \u013coti rezultat\u012bvs. Pirms gada, 2025. gada septembr\u012b, &#8220;Riga&#8221;&hellip;\n","protected":false},"author":2,"featured_media":285649,"comment_status":"","ping_status":"","sticky":false,"template":"","format":"standard","meta":{"footnotes":"","_share_on_mastodon":"0"},"categories":[5],"tags":[23,28,29,32,33,676,22,30,31,35,39,38,36,37,34,40,20,26,27,24,25,21],"class_list":["post-285648","post","type-post","status-publish","format-standard","has-post-thumbnail","category-aktualitates","tag-aktualitates","tag-breaking-news","tag-breakingnews","tag-featured-news","tag-featurednews","tag-futbols","tag-headlines","tag-latest-news","tag-latestnews","tag-latvia","tag-latvian","tag-latviesu","tag-latviesu-valoda","tag-latviesuvaloda","tag-latvija","tag-lv","tag-news","tag-popularakas-zinas","tag-popularakaszinas","tag-top-stories","tag-topstories","tag-zinas"],"share_on_mastodon":{"url":"https:\/\/pubeurope.com\/@lv\/117212413061769243","error":""},"_links":{"self":[{"href":"https:\/\/www.europesays.com\/lv\/wp-json\/wp\/v2\/posts\/285648","targetHints":{"allow":["GET"]}}],"collection":[{"href":"https:\/\/www.europesays.com\/lv\/wp-json\/wp\/v2\/posts"}],"about":[{"href":"https:\/\/www.europesays.com\/lv\/wp-json\/wp\/v2\/types\/post"}],"author":[{"embeddable":true,"href":"https:\/\/www.europesays.com\/lv\/wp-json\/wp\/v2\/users\/2"}],"replies":[{"embeddable":true,"href":"https:\/\/www.europesays.com\/lv\/wp-json\/wp\/v2\/comments?post=285648"}],"version-history":[{"count":0,"href":"https:\/\/www.europesays.com\/lv\/wp-json\/wp\/v2\/posts\/285648\/revisions"}],"wp:featuredmedia":[{"embeddable":true,"href":"https:\/\/www.europesays.com\/lv\/wp-json\/wp\/v2\/media\/285649"}],"wp:attachment":[{"href":"https:\/\/www.europesays.com\/lv\/wp-json\/wp\/v2\/media?parent=285648"}],"wp:term":[{"taxonomy":"category","embeddable":true,"href":"https:\/\/www.europesays.com\/lv\/wp-json\/wp\/v2\/categories?post=285648"},{"taxonomy":"post_tag","embeddable":true,"href":"https:\/\/www.europesays.com\/lv\/wp-json\/wp\/v2\/tags?post=285648"}],"curies":[{"name":"wp","href":"https:\/\/api.w.org\/{rel}","templated":true}]}}