{"id":285650,"date":"2026-09-04T11:00:18","date_gmt":"2026-09-04T11:00:18","guid":{"rendered":"https:\/\/www.europesays.com\/lv\/285650\/"},"modified":"2026-09-04T11:00:18","modified_gmt":"2026-09-04T11:00:18","slug":"krievijas-trieciena-odesas-apgabala-nogalinats-cilveks","status":"publish","type":"post","link":"https:\/\/www.europesays.com\/lv\/285650\/","title":{"rendered":"Krievijas triecien\u0101 Odesas apgabal\u0101 nogalin\u0101ts cilv\u0113ks"},"content":{"rendered":"<p>Apgabal\u0101 cietusi civil\u0101 infrastrukt\u016bra.<\/p>\n<p>&#8220;Div\u0101s daudzst\u0101vu dz\u012bvojam\u0101s m\u0101j\u0101s cietu\u0161i dz\u012bvok\u013ci, fas\u0101des un logi,&#8221; pazi\u0146ojum\u0101 nor\u0101d\u012bja apgabala vad\u012bt\u0101js.<\/p>\n<p>Krievu droni tr\u0101p\u012bju\u0161i priv\u0101tm\u0101j\u0101m. Sagrautas divas m\u0101jas, boj\u0101ta divst\u0101vu nedz\u012bvojam\u0101 \u0113ka, k\u0101 ar\u012b priv\u0101tie un dienesta transportl\u012bdzek\u013ci, teikts pazi\u0146ojum\u0101.<\/p>\n<p>Ap plkst. 4.50 Gaisa sp\u0113ki br\u012bdin\u0101ja par droniem, kas no Meln\u0101s j\u016bras puses lido Odesas virzien\u0101, un v\u0113l\u0101k &#8211; par vad\u0101maj\u0101m aviobumb\u0101m un ra\u0137e\u0161droniem &#8220;Bandero\u013c&#8221; Odesas apgabal\u0101.<\/p>\n<p>Sabiedrisk\u0101 raidorganiz\u0101cija &#8220;Suspi\u013cne&#8221; zi\u0146oja par spr\u0101dzieniem apgabala centr\u0101.<\/p>\n<p>Nakt\u012b krievi veiku\u0161i triecienus Zapori\u017ejai un Kropivnickai. Ab\u0101s pils\u0113t\u0101s nodar\u012bti post\u012bjumi daudzst\u0101vu dz\u012bvojamiem namiem.<\/p>\n","protected":false},"excerpt":{"rendered":"Apgabal\u0101 cietusi civil\u0101 infrastrukt\u016bra. &#8220;Div\u0101s daudzst\u0101vu dz\u012bvojam\u0101s m\u0101j\u0101s cietu\u0161i dz\u012bvok\u013ci, fas\u0101des un logi,&#8221; pazi\u0146ojum\u0101 nor\u0101d\u012bja apgabala vad\u012bt\u0101js. Krievu&hellip;\n","protected":false},"author":2,"featured_media":285651,"comment_status":"","ping_status":"","sticky":false,"template":"","format":"standard","meta":{"footnotes":"","_share_on_mastodon":"0"},"categories":[14],"tags":[23,57,28,29,32,33,22,234,74,30,31,35,39,38,36,37,34,40,20,26,27,24,25,276,54,55,56,21,58],"class_list":["post-285650","post","type-post","status-publish","format-standard","has-post-thumbnail","category-zinas-no-arvalstim","tag-aktualitates","tag-arvalstim","tag-breaking-news","tag-breakingnews","tag-featured-news","tag-featurednews","tag-headlines","tag-krievija","tag-krievijas-iebrukums-ukraina","tag-latest-news","tag-latestnews","tag-latvia","tag-latvian","tag-latviesu","tag-latviesu-valoda","tag-latviesuvaloda","tag-latvija","tag-lv","tag-news","tag-popularakas-zinas","tag-popularakaszinas","tag-top-stories","tag-topstories","tag-ukraina","tag-world","tag-world-news","tag-worldnews","tag-zinas","tag-zinas-no-arvalstim"],"share_on_mastodon":{"url":"https:\/\/pubeurope.com\/@lv\/117212428785353057","error":""},"_links":{"self":[{"href":"https:\/\/www.europesays.com\/lv\/wp-json\/wp\/v2\/posts\/285650","targetHints":{"allow":["GET"]}}],"collection":[{"href":"https:\/\/www.europesays.com\/lv\/wp-json\/wp\/v2\/posts"}],"about":[{"href":"https:\/\/www.europesays.com\/lv\/wp-json\/wp\/v2\/types\/post"}],"author":[{"embeddable":true,"href":"https:\/\/www.europesays.com\/lv\/wp-json\/wp\/v2\/users\/2"}],"replies":[{"embeddable":true,"href":"https:\/\/www.europesays.com\/lv\/wp-json\/wp\/v2\/comments?post=285650"}],"version-history":[{"count":0,"href":"https:\/\/www.europesays.com\/lv\/wp-json\/wp\/v2\/posts\/285650\/revisions"}],"wp:featuredmedia":[{"embeddable":true,"href":"https:\/\/www.europesays.com\/lv\/wp-json\/wp\/v2\/media\/285651"}],"wp:attachment":[{"href":"https:\/\/www.europesays.com\/lv\/wp-json\/wp\/v2\/media?parent=285650"}],"wp:term":[{"taxonomy":"category","embeddable":true,"href":"https:\/\/www.europesays.com\/lv\/wp-json\/wp\/v2\/categories?post=285650"},{"taxonomy":"post_tag","embeddable":true,"href":"https:\/\/www.europesays.com\/lv\/wp-json\/wp\/v2\/tags?post=285650"}],"curies":[{"name":"wp","href":"https:\/\/api.w.org\/{rel}","templated":true}]}}