{"id":285654,"date":"2026-09-04T11:02:14","date_gmt":"2026-09-04T11:02:14","guid":{"rendered":"https:\/\/www.europesays.com\/lv\/285654\/"},"modified":"2026-09-04T11:02:14","modified_gmt":"2026-09-04T11:02:14","slug":"atsutija-foto-10-minutes-pirms-pludiem-nepala-pazudusas-latvietes-dels-gatavs-lidot-uz-notikuma-vietu","status":"publish","type":"post","link":"https:\/\/www.europesays.com\/lv\/285654\/","title":{"rendered":"&#8220;Ats\u016bt\u012bja foto 10 min\u016btes pirms pl\u016bdiem&#8230;&#8221; Nep\u0101l\u0101 pazudu\u0161\u0101s latvietes d\u0113ls gatavs lidot uz notikuma vietu"},"content":{"rendered":"<p>Bez v\u0113sts pazudu\u0161\u0101s latvietes d\u0113ls st\u0101sta, ka vi\u0146a m\u0101te ir liela p\u0101rg\u0101jienu cien\u012bt\u0101ja. Abi kop\u0101 dodas p\u0101rg\u0101jienos, cik vien vi\u0146\u0161 sevi atceras. Liel\u0101koties Latvij\u0101, lai gan vi\u0146\u0161 pirms p\u0101ris gadiem p\u0101rc\u0113lies uz \u0101rzem\u0113m.<\/p>\n<p>Ar\u012b vi\u0146a m\u0101te pag\u0101ju\u0161aj\u0101 tre\u0161dien\u0101 \u012bsi pirms posto\u0161ajiem pl\u016bdiem atrad\u0101s uz \u0136\u012bnas un Nep\u0101las robe\u017eas.<\/p>\n<p>P\u0113c pl\u016bdiem vi\u0146am s\u0101ka rakst\u012bt zvan\u012bt un rakst\u012bt draugi\u2026<\/p>\n","protected":false},"excerpt":{"rendered":"Bez v\u0113sts pazudu\u0161\u0101s latvietes d\u0113ls st\u0101sta, ka vi\u0146a m\u0101te ir liela p\u0101rg\u0101jienu cien\u012bt\u0101ja. Abi kop\u0101 dodas p\u0101rg\u0101jienos, cik&hellip;\n","protected":false},"author":2,"featured_media":285655,"comment_status":"","ping_status":"","sticky":false,"template":"","format":"standard","meta":{"footnotes":"","_share_on_mastodon":"0"},"categories":[5],"tags":[23,28,29,3005,32,33,22,4213,30,31,35,39,38,36,37,34,40,5418,42325,20,26,27,24,25,2238,21],"class_list":["post-285654","post","type-post","status-publish","format-standard","has-post-thumbnail","category-aktualitates","tag-aktualitates","tag-breaking-news","tag-breakingnews","tag-dabas-katastrofas","tag-featured-news","tag-featurednews","tag-headlines","tag-kina","tag-latest-news","tag-latestnews","tag-latvia","tag-latvian","tag-latviesu","tag-latviesu-valoda","tag-latviesuvaloda","tag-latvija","tag-lv","tag-nepala","tag-nepalas-pludi","tag-news","tag-popularakas-zinas","tag-popularakaszinas","tag-top-stories","tag-topstories","tag-tvnet-arvalstis","tag-zinas"],"share_on_mastodon":{"url":"https:\/\/pubeurope.com\/@lv\/117212436779341416","error":""},"_links":{"self":[{"href":"https:\/\/www.europesays.com\/lv\/wp-json\/wp\/v2\/posts\/285654","targetHints":{"allow":["GET"]}}],"collection":[{"href":"https:\/\/www.europesays.com\/lv\/wp-json\/wp\/v2\/posts"}],"about":[{"href":"https:\/\/www.europesays.com\/lv\/wp-json\/wp\/v2\/types\/post"}],"author":[{"embeddable":true,"href":"https:\/\/www.europesays.com\/lv\/wp-json\/wp\/v2\/users\/2"}],"replies":[{"embeddable":true,"href":"https:\/\/www.europesays.com\/lv\/wp-json\/wp\/v2\/comments?post=285654"}],"version-history":[{"count":0,"href":"https:\/\/www.europesays.com\/lv\/wp-json\/wp\/v2\/posts\/285654\/revisions"}],"wp:featuredmedia":[{"embeddable":true,"href":"https:\/\/www.europesays.com\/lv\/wp-json\/wp\/v2\/media\/285655"}],"wp:attachment":[{"href":"https:\/\/www.europesays.com\/lv\/wp-json\/wp\/v2\/media?parent=285654"}],"wp:term":[{"taxonomy":"category","embeddable":true,"href":"https:\/\/www.europesays.com\/lv\/wp-json\/wp\/v2\/categories?post=285654"},{"taxonomy":"post_tag","embeddable":true,"href":"https:\/\/www.europesays.com\/lv\/wp-json\/wp\/v2\/tags?post=285654"}],"curies":[{"name":"wp","href":"https:\/\/api.w.org\/{rel}","templated":true}]}}