{"id":285668,"date":"2026-09-04T11:17:31","date_gmt":"2026-09-04T11:17:31","guid":{"rendered":"https:\/\/www.europesays.com\/lv\/285668\/"},"modified":"2026-09-04T11:17:31","modified_gmt":"2026-09-04T11:17:31","slug":"no-mi-ledusskapjiem-lidz-1100-hz-monitoriem-samsung-sevi-specigi-piesaka-ifa-berlin-2026","status":"publish","type":"post","link":"https:\/\/www.europesays.com\/lv\/285668\/","title":{"rendered":"No MI ledusskapjiem l\u012bdz 1100 Hz monitoriem \u2013 \u201cSamsung\u201d sevi sp\u0113c\u012bgi piesaka \u201cIFA Berlin 2026\u201d"},"content":{"rendered":"<p>No 4. l\u012bdz 8. septembrim Berl\u012bn\u0113 norisin\u0101s ikgad\u0113j\u0101 tehnolo\u0123iju izst\u0101de \u201cInnovation For All\u201d jeb IFA, kas pulc\u0113 \u017eurn\u0101listus, nozares guru un citus interesentus no malu mal\u0101m. Pateicoties \u201cSamsung Latvija\u201d, ar\u012b es var\u0113ju to visu piedz\u012bvot un pieredz\u0113t kl\u0101tien\u0113. Paldies par to!\n<\/p>\n<p>K\u0101 ierasts, pirms galven\u0101s izst\u0101des da\u017ei lielie uz\u0146\u0113mumi r\u012bko atsevi\u0161\u0137as produktu prezent\u0101cijas, kur\u0101s vienuviet dal\u0101s ar saviem jaunumiem. Man bija iesp\u0113ja apmekl\u0113t \u201cSamsung Connect\u201d pas\u0101kumu. Tas norisin\u0101j\u0101s interakt\u012bv\u0101 izst\u0101\u017eu telp\u0101 Berl\u012bnes pa\u0161\u0101 sird\u012b -\u201cHumboldt Carr\u00e9\u201d. Taj\u0101 uz\u0146\u0113mums vair\u0101k\u0101s demonstr\u0101ciju zon\u0101s iepaz\u012bstin\u0101ja ar inov\u0101cij\u0101m mobilo ier\u012b\u010du, TV, monitoru un sadz\u012bves tehnikas jom\u0101, tostarp atr\u0101d\u012bja pirmos sp\u0113\u013cu monitoros un nupat izlaisto <a href=\"https:\/\/kursors.lv\/2026\/08\/27\/samsung-prezente-galaxy-s26-fe-flagmana-pieredze-koncentrejoties-uz-butiskako\/\" rel=\"nofollow noopener\" target=\"_blank\">\u201cGalaxy S26 FE\u201d viedt\u0101lruni<\/a>, par ko dr\u012bzum\u0101 blog\u0101 var\u0113si las\u012bt ar\u012b pla\u0161\u0101ku apskatu.\n<\/p>\n<p><img fetchpriority=\"high\" decoding=\"async\" class=\"alignnone size-full wp-image-367438\" src=\"https:\/\/www.europesays.com\/lv\/wp-content\/uploads\/2026\/09\/20260902_173337.jpg\" alt=\"\" width=\"4000\" height=\"3000\"  \/>\n<\/p>\n<p>Fokuss uz ier\u012b\u010du savstarp\u0113jo draudz\u0113\u0161anos<\/p>\n<p>\u201cSamsung Connect\u201d s\u0101k\u0101s ar st\u0101stu par v\u0101cu dabaszin\u0101tnieku un p\u0113tnieku Aleksandru fon Humboltu, kura v\u0101rd\u0101 nosaukta pas\u0101kuma norises vieta. Vi\u0146a ideja, ka pasaul\u0113 viss ir savstarp\u0113ji saist\u012bts, ir b\u016btiska ar\u012b pa\u0161a \u201cSamsung\u201d produktu izstr\u0101des strat\u0113\u0123ij\u0101, kas v\u0113rsta uz ier\u012b\u010du savstarp\u0113jo sadarb\u012bbu. To apliecina uz\u0146\u0113muma v\u012bzija \u201cCompanion to AI Living\u201d, kuras pamat\u0101 ir vienota ier\u012b\u010du ekosist\u0113ma \u2013 no mobilaj\u0101m iek\u0101rt\u0101m un televizoriem l\u012bdz sadz\u012bves tehnikai. Taj\u0101 b\u016btiska noz\u012bme, protams, ir m\u0101ksl\u012bgajam intelektam (MI), kas padara ikdienu \u0113rt\u0101ku, viegl\u0101ku un vied\u0101ku.\n<\/p>\n<p>\u0160aj\u0101 pas\u0101kum\u0101 \u201cSamsung\u201d b\u016btisku uzsvaru lika uz vied\u0101s m\u0101jas konceptu, kas jau tagad krietni atvieglo ikdienas soli un \u013cauj piev\u0113rsties svar\u012bg\u0101k\u0101m liet\u0101m. \u201cSamsung\u201d gad\u012bjum\u0101 vied\u0101 m\u0101ja noz\u012bm\u0113 telefonu, datoru, pulkste\u0146u, televizoru, sadz\u012bves tehnikas apvieno\u0161anu vien\u0101 sist\u0113m\u0101. T\u0101s centr\u0101 atrodas \u201cSmartThing\u201d platforma, ko izmanto vair\u0101k nek\u0101 430 miljoni lietot\u0101ju vis\u0101 pasaul\u0113. For\u0161i, ka t\u0101 paredz\u0113ta ne tikai \u201cSamsung\u201d, bet ar\u012b citu ra\u017eot\u0101ju produktiem, kas padara \u0161o risin\u0101jumu pieejam\u0101ku un praktisk\u0101ku.\n<\/p>\n<p><img loading=\"lazy\" decoding=\"async\" class=\"alignnone size-full wp-image-367440\" src=\"https:\/\/www.europesays.com\/lv\/wp-content\/uploads\/2026\/09\/20260902_171032.jpg\" alt=\"\" width=\"4000\" height=\"3000\"  \/>\n<\/p>\n<p>Lai lab\u0101k var\u0113tu nov\u0113rt\u0113t tie\u0161i praktisko ieguvumu, uz\u0146\u0113mums nodemonstr\u0113ja vair\u0101kas ikdieni\u0161\u0137as situ\u0101cijas, kur\u0101s ier\u012b\u010du savstarp\u0113j\u0101 sadarb\u012bba \u013cauj ietaup\u012bt laiku un da\u017ek\u0101rt ar\u012b nervus. Piem\u0113ram, tikl\u012bdz \u201cSamsung\u201d ve\u013casma\u0161\u012bna pabeidz mazg\u0101\u0161anu, pazi\u0146ojums par to tiek nos\u016bt\u012bts uz viedpulksteni, telefonu, televizoru. Ta\u010du \u012bpa\u0161i iespaid\u012bgi \u0161\u0137ita tas, ka vairs nav tik daudz j\u0101dom\u0101 par \u0113st gatavo\u0161anu. Lietot\u0101js var pal\u016bgt ledusskapim sagatavot recepti no taj\u0101 eso\u0161ajiem produktiem. \u0160\u012b recepte t\u0101l\u0101k tiek nos\u016bt\u012bta cepe\u0161kr\u0101snij, kur\u0101\u00a0 autom\u0101tiski tiek uzlikta vajadz\u012bg\u0101 temperat\u016bra, lai malt\u012bti pagatavotu. Diezgan p\u0101rsteidzo\u0161i, cik liel\u0101 m\u0113r\u0101 tehnolo\u0123ijas sp\u0113j atvieglot m\u016bsu ikdienu.\n<\/p>\n<p>Ve\u013casma\u0161\u012bnas, kas iet l\u012bdzi laikam<\/p>\n<p>\u201cSamsung Connect\u201d pas\u0101kum\u0101 \u0161oreiz priek\u0161pl\u0101n\u0101 tika izvirz\u012bti sadz\u012bves tehnikas produkti un tas, k\u0101dus br\u012bnumus tie sp\u0113j paveikt ar MI pal\u012bdz\u012bbu. \u201cSamsung\u201d iepaz\u012bstin\u0101ja ar vair\u0101kiem ve\u013casma\u0161\u012bnu mode\u013ciem. Piem\u0113ram, \u201cBespoke AI Washer\u201d 10 kg modelis izce\u013cas ar augstu energoefektivit\u0101ti. Tas pat\u0113r\u0113 l\u012bdz 70% maz\u0101k ener\u0123ijas nek\u0101 Eiropas Savien\u012bb\u0101 noteikt\u0101 minim\u0101l\u0101 pras\u012bba A energoefektivit\u0101tes klasei, t\u0101d\u0113j\u0101di samazinot elektr\u012bbas pat\u0113ri\u0146u.\n<\/p>\n<p>Tikm\u0113r \u201cBespoke AI Washer\u201d 13 kg model\u012b integr\u0113ta \u201cSpaceMax\u201d tehnolo\u0123ija, kas \u013cauj ielikt krietni vair\u0101k ve\u013cas, vienlaikus saglab\u0101jot standarta 600 mm korpusa dzi\u013cumu. MI sniegtais pluss \u0161aj\u0101s ve\u013casma\u0161\u012bn\u0101s ir optimiz\u0113ti mazg\u0101\u0161anas cikli. T\u0101 k\u0101 ar\u012b \u0161\u012bs ve\u013casma\u0161\u012bnas ir integr\u0113tas \u201cSmartThings\u201d sist\u0113m\u0101, uz lietot\u0101ja \u201cSamsung\u201d ier\u012bc\u0113m tiks nos\u016bt\u012bts pazi\u0146ojums par mazg\u0101\u0161anas beig\u0101m, kas, manupr\u0101t, ir super \u0113rti.\n<\/p>\n<p><img loading=\"lazy\" decoding=\"async\" class=\"alignnone size-full wp-image-367441\" src=\"https:\/\/www.europesays.com\/lv\/wp-content\/uploads\/2026\/09\/20260902_164829.jpg\" alt=\"\" width=\"4000\" height=\"3000\"  \/>\n<\/p>\n<p>Ledusskapji, kas pl\u0101no malt\u012btes tav\u0101 viet\u0101<\/p>\n<p>Krietni liel\u0101ku pievienoto v\u0113rt\u012bbu no MI var redz\u0113t \u201cBespoke AI Refrigerator Family Hub\u201d ledusskapjos. \u201cAI Vision\u201d funkcija tagad atpaz\u012bst krietni pla\u0161\u0101ku p\u0101rtikas produktu kl\u0101stu, k\u0101 ar\u012b r\u016bp\u012bgi seko l\u012bdzi to der\u012bguma termi\u0146am. \u0160\u0101d\u0101 veid\u0101, pat neatverot ledusskapja durvis, ir iesp\u0113jams viedt\u0101lrun\u012b sekot l\u012bdzi taj\u0101 eso\u0161ajam saturam.\n<\/p>\n<p>V\u0113l viena for\u0161a lieta ir t\u0101, ka integr\u0113t\u0101 MI sist\u0113ma iesaka receptes, balstoties uz ledusskap\u012b eso\u0161o p\u0101rtiku, \u012bpa\u0161u uzman\u012bbu piev\u0113r\u0161ot produktiem ar \u012bsu der\u012bguma termi\u0146u. M\u0101ksl\u012bgais intelekts ar\u012b pal\u012bdz\u0113s sapl\u0101not malt\u012btes un izveidot iepirkumu sarakstu. Lai ar\u012b daudziem tas var\u0113tu \u0161\u0137ist \u013coti fut\u016bristiski, \u201cSamsung\u201d uzsver, ka \u0161\u012bs funkcijas nav paredz\u0113tas tikai tehnolo\u0123iju entuziastiem. Galvenais m\u0113r\u0137is ir atvieglot malt\u012b\u0161u pl\u0101no\u0161anu un ietaup\u012bt laiku, \u013caujot tik \u013coti neiespringt par p\u0101rtikas ieg\u0101di un \u0113st gatavo\u0161anu.\n<\/p>\n<p><img loading=\"lazy\" decoding=\"async\" class=\"alignnone size-full wp-image-367442\" src=\"https:\/\/www.europesays.com\/lv\/wp-content\/uploads\/2026\/09\/20260902_171142.jpg\" alt=\"\" width=\"4000\" height=\"3000\"  \/>\n<\/p>\n<p>MI maina TV skat\u012b\u0161an\u0101s pieredzi<\/p>\n<p>Televizoru ekspoz\u012bcij\u0101 \u201cSamsung\u201d \u0161oreiz liel\u0101ku uzman\u012bbu piev\u0113rsa tam, k\u0101 m\u0101ksl\u012bgais intelekts uzlabo skat\u012b\u0161an\u0101s pieredzi ikdien\u0101. Piem\u0113ram, \u201cVision AI\u201d funkcija autom\u0101tiski piel\u0101go att\u0113lu un ska\u0146u konkr\u0113tajam saturam, pal\u012bdz atrast interes\u0113jo\u0161o saturu, k\u0101 ar\u012b pied\u0101v\u0101 da\u017e\u0101das pieejam\u012bbas funkcijas. T\u0101pat tika izcelta jaun\u0101 \u201cMicro RGB\u201d tehnolo\u0123ija, kas sola prec\u012bz\u0101kas kr\u0101sas, augst\u0101ku kontrastu un detaliz\u0113t\u0101ku att\u0113lu.\n<\/p>\n<p>P\u0101rejot no v\u0101rdiem pie darbiem, \u201cSamsung\u201d par\u0101d\u012bja, k\u0101 \u0161\u012bs funkcijas darbojas praks\u0113. Atsevi\u0161\u0137i tika demonstr\u0113ta att\u0113la optimiz\u0101cija futbolam un film\u0101m, ska\u0146as piel\u0101go\u0161ana da\u017e\u0101diem satura veidiem, k\u0101 ar\u012b pieejam\u012bbas risin\u0101jumi, piem\u0113ram, subtitru nolas\u012b\u0161ana bals\u012b un \u012bpa\u0161ais \u201cRelumino\u201d re\u017e\u012bms cilv\u0113kiem ar redzes trauc\u0113jumiem.\n<\/p>\n<p><img loading=\"lazy\" decoding=\"async\" class=\"alignnone size-full wp-image-367443\" src=\"https:\/\/www.europesays.com\/lv\/wp-content\/uploads\/2026\/09\/20260902_160543.jpg\" alt=\"\" width=\"4000\" height=\"3000\"  \/>\n<\/p>\n<p>Geimeri \u0161o ziemu \u013coti gaid\u012bs<\/p>\n<p>T\u0101 k\u0101 straujiem so\u013ciem tuvojas gada tum\u0161ais periods, ir \u012bstais laiks iepaz\u012bstin\u0101t ar jaunumiem gaming produktu kl\u0101st\u0101. Videosp\u0113\u013cu cien\u012bt\u0101jiem \u201cSamsung Connect\u201d pas\u0101kum\u0101 bija atv\u0113l\u0113ta atsevi\u0161\u0137a demonstr\u0101ciju zona, kur uz\u0146\u0113mums iepaz\u012bstin\u0101ja ar saviem jaun\u0101kajiem \u201cOdyssey\u201d monitoriem. \u0160ogad \u201cSamsung\u201d turpina att\u012bst\u012bt OLED displeju tehnolo\u0123ijas un b\u016bv\u0113t augstas atsvaidzes intensit\u0101tes monitorus. Gala rezult\u0101t\u0101 uz\u0146\u0113mums izstr\u0101d\u0101jis vair\u0101kus nozar\u0113 pirmos risin\u0101jumus.\n<\/p>\n<p>Viens no liel\u0101kajiem jaunumiem ir \u201cOdyssey G75SJ\u201d, ko \u201cSamsung\u201d d\u0113v\u0113 par pasaul\u0113 pirmo 42 collu izliekto 4K OLED sp\u0113\u013cu monitoru, savuk\u0101rt 27 collu \u201cOdyssey G60H\u201d izce\u013cas ar iespaid\u012bgu 1100 Hz atsvaidzes intensit\u0101ti, kas paredz\u0113ta \u012bpa\u0161i pras\u012bgiem e-sporta sp\u0113l\u0113t\u0101jiem. Jaunums ir ar\u012b 49 collu \u201cOdyssey OLED G9\u201d ar DQHD iz\u0161\u0137irtsp\u0113ju un 360 Hz atsvaidzes intensit\u0101ti, k\u0101 ar\u012b \u201cOdyssey OLED G8\u201d, kas apvieno UHD iz\u0161\u0137irtsp\u0113ju, QD-OLED paneli un \u201cTriple Mode\u201d funkciju, kas piel\u0101go monitora darb\u012bbu aktar\u012bb\u0101 no sp\u0113les stila. L\u012bdz ar to \u012bstiem videosp\u0113\u013cu cien\u012bt\u0101jiem ir visas iesp\u0113jas \u0161o tum\u0161o laiku p\u0101rvar\u0113t ar jaud\u012bgu un veiktsp\u0113j\u012bgu apr\u012bkojumu.\n<\/p>\n<p><img loading=\"lazy\" decoding=\"async\" class=\"alignnone size-full wp-image-367445\" src=\"https:\/\/www.europesays.com\/lv\/wp-content\/uploads\/2026\/09\/20260902_162540.jpg\" alt=\"\" width=\"4000\" height=\"3000\"  \/>\n<\/p>\n<p>\u201cSamsung\u201d jaud\u012bg\u0101kie telefoni vienuviet<\/p>\n<p>Protams, ka \u201cSamsung Connect\u201d bija iesp\u0113ja redz\u0113t ar\u012b \u0161ogad prezent\u0113tos viedpulkste\u0146us un mobilos telefonus. V\u0113l vienu slavas br\u012bdi piedz\u012bvoja gan \u201cGalaxy Watch9\u201d s\u0113rijas viedpulkste\u0146i, gan ziem\u0101 prezent\u0113tie \u201cGalaxy S26\u201d s\u0113rijas viedt\u0101lru\u0146i un \u201cGalaxy Buds4 Pro\u201d austi\u0146as. Ta\u010du var\u0113ja nov\u0113rot, ka liel\u0101ko apmekl\u0113t\u0101ju uzman\u012bbu piesaist\u012bja pa\u0161i jaun\u0101kie salok\u0101mie t\u0101lru\u0146i \u2013 \u201cGalaxy Flip8\u201d, \u201cGalaxy Fold8 Ultra\u201d, bet jo \u012bpa\u0161i jaun\u0101s formas \u201cGalaxy Fold8\u201d.\n<\/p>\n<p>Netika aizmirsts ar\u012b par svaigi izcepto \u201cGalaxy S26 FE\u201d, kas sniedz flagma\u0146a iesp\u0113jas par vid\u0113j\u0101s klases t\u0101lru\u0146a cenu. Par \u0161o ier\u012bci tuv\u0101kaj\u0101s ned\u0113\u013c\u0101s var\u0113si izlas\u012bt manis sagatavoto apskatu. Ta\u010du jau tagad varu teikt, ka cenas un snieguma attiec\u012bba ir \u013coti laba. Telefons gana naski paveic to, kas man vajadz\u012bgs, k\u0101 ar\u012b komplimenti kamerai. To var nov\u0113rt\u0113t, apskatot \u0161\u012b raksta att\u0113lus, kas uz\u0146emti ar \u201cGalaxy S26 FE\u201d.\n<\/p>\n<p><img loading=\"lazy\" decoding=\"async\" class=\"alignnone size-full wp-image-367446\" src=\"https:\/\/www.europesays.com\/lv\/wp-content\/uploads\/2026\/09\/20260902_170953.jpg\" alt=\"\" width=\"4000\" height=\"3000\"  \/>\n<\/p>\n<p>Turpm\u0101kais att\u012bst\u012bbas virziens ir skaidrs<\/p>\n<p class=\"PDq2pG_selectionAnchorContainer\" data-start=\"87\" data-end=\"429\">P\u0113c \u201cSamsung Connect\u201d pas\u0101kuma rodas iespaids, ka uz\u0146\u0113mums arvien vair\u0101k att\u0101lin\u0101s no pieejas, kur katrs produkts dz\u012bvo savu dz\u012bvi. Spilgti iez\u012bm\u0113j\u0101s \u201cSamsung\u201d att\u012bst\u012bbas virziens koncentr\u0113ties uz visas ekosist\u0113mas att\u012bst\u012bbu un ier\u012b\u010du savstarp\u0113jo sadarb\u012bbu. Arvien svar\u012bg\u0101ka loma tiek uztic\u0113ta ar\u012b m\u0101ksl\u012bgajam intelektam, kas nodro\u0161ina \u0161o praktisko pusi ier\u012b\u010du lieto\u0161an\u0101.\n<\/p>\n<p data-start=\"433\" data-end=\"876\">Z\u012bm\u012bgi, ka \u0161oreiz \u013coti maz tika run\u0101ts par ier\u012b\u010du tehniskaj\u0101m nians\u0113m, k\u0101 procesors, kamera. T\u0101 viet\u0101 uzreiz tika nodemonstr\u0113ts, k\u0101 produkts str\u0101d\u0101, k\u0101 to efekt\u012bv\u0101k izmantot, kas \u012bsten\u012bb\u0101 pasaka daudz vair\u0101k nek\u0101 sausi skait\u013ci un fakti. Uz\u0146\u0113mums ar\u012b cent\u0101s par\u0101d\u012bt, k\u0101 da\u017e\u0101das ier\u012bces papildina cita citu, kas ir \u012bpa\u0161i noder\u012bgi tiem, kuriem saimniec\u012bb\u0101 ir vair\u0101kas \u201cSamsung\u201d iek\u0101rtas.\n<\/p>\n<p data-start=\"433\" data-end=\"876\"><img loading=\"lazy\" decoding=\"async\" class=\"alignnone size-full wp-image-367448\" src=\"https:\/\/www.europesays.com\/lv\/wp-content\/uploads\/2026\/09\/20260902_161806.jpg\" alt=\"\" width=\"4000\" height=\"3000\"  \/>\n<\/p>\n<p data-start=\"880\" data-end=\"1245\">Kopum\u0101 var man\u012bt, ka \u201cSamsung\u201d c\u012bt\u012bgi darbojas un turpina att\u012bst\u012bt da\u017e\u0101das produktu kategorijas, koncentr\u0113joties uz vienotu eksosist\u0113mu. \u201cSamsung Connect\u201d bija k\u0101 labs kopsavilkums par \u0161ogad l\u012bdz \u0161im padar\u012bto un sasniegto. Tikm\u0113r arvien vair\u0101k baumo, ka pavisam dr\u012bz gaid\u0101mas v\u0113l da\u017eu \u201cSamsung\u201d produktu pirmizr\u0101des.<\/p>\n","protected":false},"excerpt":{"rendered":"No 4. l\u012bdz 8. septembrim Berl\u012bn\u0113 norisin\u0101s ikgad\u0113j\u0101 tehnolo\u0123iju izst\u0101de \u201cInnovation For All\u201d jeb IFA, kas pulc\u0113 \u017eurn\u0101listus,&hellip;\n","protected":false},"author":2,"featured_media":285669,"comment_status":"","ping_status":"","sticky":false,"template":"","format":"standard","meta":{"footnotes":"","_share_on_mastodon":"0"},"categories":[16],"tags":[77,76,35,39,38,36,37,34,40],"class_list":["post-285668","post","type-post","status-publish","format-standard","has-post-thumbnail","category-bizness","tag-bizness","tag-business","tag-latvia","tag-latvian","tag-latviesu","tag-latviesu-valoda","tag-latviesuvaloda","tag-latvija","tag-lv"],"share_on_mastodon":{"url":"https:\/\/pubeurope.com\/@lv\/117212496118234807","error":""},"_links":{"self":[{"href":"https:\/\/www.europesays.com\/lv\/wp-json\/wp\/v2\/posts\/285668","targetHints":{"allow":["GET"]}}],"collection":[{"href":"https:\/\/www.europesays.com\/lv\/wp-json\/wp\/v2\/posts"}],"about":[{"href":"https:\/\/www.europesays.com\/lv\/wp-json\/wp\/v2\/types\/post"}],"author":[{"embeddable":true,"href":"https:\/\/www.europesays.com\/lv\/wp-json\/wp\/v2\/users\/2"}],"replies":[{"embeddable":true,"href":"https:\/\/www.europesays.com\/lv\/wp-json\/wp\/v2\/comments?post=285668"}],"version-history":[{"count":0,"href":"https:\/\/www.europesays.com\/lv\/wp-json\/wp\/v2\/posts\/285668\/revisions"}],"wp:featuredmedia":[{"embeddable":true,"href":"https:\/\/www.europesays.com\/lv\/wp-json\/wp\/v2\/media\/285669"}],"wp:attachment":[{"href":"https:\/\/www.europesays.com\/lv\/wp-json\/wp\/v2\/media?parent=285668"}],"wp:term":[{"taxonomy":"category","embeddable":true,"href":"https:\/\/www.europesays.com\/lv\/wp-json\/wp\/v2\/categories?post=285668"},{"taxonomy":"post_tag","embeddable":true,"href":"https:\/\/www.europesays.com\/lv\/wp-json\/wp\/v2\/tags?post=285668"}],"curies":[{"name":"wp","href":"https:\/\/api.w.org\/{rel}","templated":true}]}}