{"id":285676,"date":"2026-09-04T11:29:15","date_gmt":"2026-09-04T11:29:15","guid":{"rendered":"https:\/\/www.europesays.com\/lv\/285676\/"},"modified":"2026-09-04T11:29:15","modified_gmt":"2026-09-04T11:29:15","slug":"sietina-vieniga-baltijas-sportiste-kura-kvalificejusies-elitarajam-ultimate-spelem-vieglatletika-sportacentrs-com","status":"publish","type":"post","link":"https:\/\/www.europesays.com\/lv\/285676\/","title":{"rendered":"Sieti\u0146a: vien\u012bg\u0101 Baltijas sportiste, kura kvalific\u0113jusies elit\u0101raj\u0101m &#8220;Ultimate&#8221; sp\u0113l\u0113m \u2013 Vieglatl\u0113tika \u2013 Sportacentrs.com"},"content":{"rendered":"<p>&#8220;Ultimate Championships&#8221; me\u0161anas un l\u0113k\u0161anas discipl\u012bn\u0101s ir tikai asto\u0146as dal\u012bbnieku kvotas. Tr\u012bs no t\u0101m paredz\u0113tas pasaules \u010dempionam, olimpiskajam \u010dempionam un \u0161\u012bs sezonas Dimanta l\u012bgas fin\u0101la uzvar\u0113t\u0101jam. P\u0101r\u0113j\u0101s piecas tiek noteiktas p\u0113c pasaules ranga, attiec\u012bgi skaidrs, ka \u0161\u012bm sacens\u012bb\u0101m kvalific\u0113ties ir \u012bpa\u0161i sare\u017e\u0123\u012bti. Kvalifik\u0101cijas periods bija l\u012bdz 1. septembrim, un vakardien tika apkopoti ranga rezult\u0101ti.<\/p>\n<p>Termi\u0146a nosl\u0113gum\u0101 Anete Sieti\u0146a ie\u0146em piekto vietu pasaules rang\u0101. Divas ce\u013caz\u012bmes gan aiz\u0146em pasaules \u010dempione Juleisi Angulo un olimpisk\u0101 \u010dempione Haruka Kitagu\u010di, attiec\u012bgi kvalifik\u0101cijas rang\u0101 Sieti\u0146a ir sept\u012btaj\u0101 viet\u0101.<\/p>\n<p>Situ\u0101ciju v\u0113l var pamain\u012bt Dimanta l\u012bgas sezonas fin\u0101ls \u0161aj\u0101 ned\u0113\u013cas nogal\u0113 (taj\u0101 se\u0161u dal\u012bbnie\u010du vid\u016b b\u016bs ar\u012b Sieti\u0146a), ta\u010du tas ietekm\u0113s tikai ranga astot\u0101s vietas \u012bpa\u0161nieces Tori Morbijas likteni, kam\u0113r Sieti\u0146as ce\u013caz\u012bme uz &#8220;Ultimate Championships&#8221; ir dro\u0161a, port\u0101lam Sportacentrs.com apstiprin\u0101ja Latvijas Vieglatl\u0113tikas savien\u012bbas prezidents Dmitrijs Mi\u013ckevi\u010ds, apsveicot Sieti\u0146u ar \u0161o lielisku pan\u0101kumu.<\/p>\n<p>Sieti\u0146a ir ne tikai vien\u012bg\u0101 Latvijas sportiste, kura kvalific\u0113jusies &#8220;World Athletics&#8221; jaunaj\u0101m sacens\u012bb\u0101m, bet ar\u012b vien\u012bg\u0101 Baltijas valstu sportiste. Te gan j\u0101\u0146em v\u0113r\u0101, ka \u0161aj\u0101s elit\u0101raj\u0101s sacens\u012bb\u0101s nav p\u0101rst\u0101v\u0113tas visas olimpisk\u0101s vieglatl\u0113tikas discipl\u012bnas &#8211; iztr\u016bkst gan daudzc\u012b\u0146u, gan diska me\u0161anas, kur Lietuvu noteikti var\u0113tu p\u0101rst\u0101v\u0113t pasaules rekordists Mikols Alekna.<\/p>\n<p>&#8220;Ultimate Championships&#8221; notiks Budape\u0161t\u0101 n\u0101kamaj\u0101 ned\u0113\u013cas nogal\u0113. \u0160\u012bs ir jaunas sacens\u012bbas, kas paredz\u0113tas katru gadu, proti, gados, kad nenotiek pasaules \u010dempion\u0101ts un olimpisk\u0101s sp\u0113les. Ta\u010du at\u0161\u0137ir\u012bb\u0101 no citiem lielajiem \u010dempion\u0101tiem \u0161eit paredz\u0113ta tikai pa\u0161u elites sportistu dal\u012bba un pieejams daudz maz\u0101k dal\u012bbnieku kvotu &#8211; 16 dal\u012bbnieki skrie\u0161anas discipl\u012bn\u0101s un tikai asto\u0146i dal\u012bbnieki me\u0161anas un l\u0113k\u0161anas discipl\u012bn\u0101s.<\/p>\n<p>Eiropas \u010dempion\u0101ta bronzas meda\u013cas ieguv\u0113js Patriks Gailums bija pat\u0101lu no kvalific\u0113\u0161an\u0101s \u0161\u012bm sacens\u012bb\u0101m. Vi\u0146\u0161 pasaules rang\u0101 ir 29. viet\u0101. Savuk\u0101rt m\u016bsu vado\u0161ais k\u0101rtsl\u0113c\u0113js Valters Krei\u0161s ir 34. viet\u0101, tiesa, vi\u0146\u0161 sezonu tik un t\u0101 jau beidzis. Bet Oskars Grava, kur\u0161 Eiropas \u010dempion\u0101t\u0101 izc\u012bn\u012bja piekto vietu 200m sprint\u0101, pasaules rang\u0101 ir 39. viet\u0101.<\/p>\n<p>&#8220;Ultimate Championships&#8221; balvu fonds paredz\u0113ts 10 miljonu dol\u0101ru apm\u0113r\u0101. Taj\u0101 kop\u0101 b\u016bs 28 sacens\u012bbas &#8211; 13 sacens\u012bb\u0101s v\u012brie\u0161iem un sieviet\u0113m, k\u0101 ar\u012b 4x100m un 4x400m jaukt\u0101s stafetes.<\/p>\n<p>Sievie\u0161u sacens\u012bbas \u0161\u0137\u0113pme\u0161an\u0101 b\u016bs 12. septembr\u012b, to s\u0101kums paredz\u0113ts 19:15 p\u0113c Latvijas laika.<\/p>\n<p>Ultimate Championships &#8211; sievie\u0161u \u0161\u0137\u0113pme\u0161ana, dal\u012bbnieces<\/p>\n<tr>SportisteValstsKvalific\u0113\u0161an\u0101s<\/tr>\n<tr class=\"even\">\n<td>1.<\/td>\n<td>Juleisi Angulo<\/td>\n<td>Ekvadora<\/td>\n<td>pasaules \u010dempione<\/td>\n<\/tr>\n<tr class=\"odd\">\n<td>2.<\/td>\n<td>Haruka Kitagu\u010di<\/td>\n<td>Jap\u0101na<\/td>\n<td>olimpisk\u0101 \u010dempione<\/td>\n<\/tr>\n<tr class=\"even\">\n<td>3.<\/td>\n<td>Ziji Jana<\/td>\n<td>\u0136\u012bna<\/td>\n<td>1. vieta pasaules rang\u0101<\/td>\n<\/tr>\n<tr class=\"odd\">\n<td>4.<\/td>\n<td>Adriana Vilago\u0161a<\/td>\n<td>Serbija<\/td>\n<td>2. vieta pasaules rang\u0101<\/td>\n<\/tr>\n<tr class=\"even\">\n<td>5.<\/td>\n<td>Florda Urtado<\/td>\n<td>Kolumbija<\/td>\n<td>3. vieta pasaules rang\u0101<\/td>\n<\/tr>\n<tr class=\"odd\">\n<td>6.<\/td>\n<td>Makenzija Litla<\/td>\n<td>Austr\u0101lija<\/td>\n<td>4. vieta pasaules rang\u0101<\/td>\n<\/tr>\n<tr class=\"even\">\n<td>7.<\/td>\n<td> Anete Sieti\u0146a<\/td>\n<td>Latvija<\/td>\n<td>5. vieta pasaules rang\u0101<\/td>\n<\/tr>\n<tr class=\"odd\">\n<td>8.<\/td>\n<td>Tori Morbija<\/td>\n<td>Jaunz\u0113lande<\/td>\n<td>*vi\u0146as vietu v\u0113l var ie\u0146emt Dimanta l\u012bgas fin\u0101la uzvar\u0113t\u0101ja<\/td>\n<\/tr>\n<p>Izmantotie resursi:<br \/><a target=\"_blank\" href=\"https:\/\/worldathletics.org\/stats-zone\/road-to\/7212925?eventId=10229533\" rel=\"nofollow noopener\">https:\/\/worldathletics.org\/stats-zo&#8230;<\/a><\/p>\n","protected":false},"excerpt":{"rendered":"&#8220;Ultimate Championships&#8221; me\u0161anas un l\u0113k\u0161anas discipl\u012bn\u0101s ir tikai asto\u0146as dal\u012bbnieku kvotas. Tr\u012bs no t\u0101m paredz\u0113tas pasaules \u010dempionam, olimpiskajam&hellip;\n","protected":false},"author":2,"featured_media":285677,"comment_status":"","ping_status":"","sticky":false,"template":"","format":"standard","meta":{"footnotes":"","_share_on_mastodon":"0"},"categories":[17],"tags":[35,39,38,36,37,34,40,67,434],"class_list":["post-285676","post","type-post","status-publish","format-standard","has-post-thumbnail","category-sports","tag-latvia","tag-latvian","tag-latviesu","tag-latviesu-valoda","tag-latviesuvaloda","tag-latvija","tag-lv","tag-sports","tag-vieglatletika"],"share_on_mastodon":{"url":"https:\/\/pubeurope.com\/@lv\/117212542606737784","error":""},"_links":{"self":[{"href":"https:\/\/www.europesays.com\/lv\/wp-json\/wp\/v2\/posts\/285676","targetHints":{"allow":["GET"]}}],"collection":[{"href":"https:\/\/www.europesays.com\/lv\/wp-json\/wp\/v2\/posts"}],"about":[{"href":"https:\/\/www.europesays.com\/lv\/wp-json\/wp\/v2\/types\/post"}],"author":[{"embeddable":true,"href":"https:\/\/www.europesays.com\/lv\/wp-json\/wp\/v2\/users\/2"}],"replies":[{"embeddable":true,"href":"https:\/\/www.europesays.com\/lv\/wp-json\/wp\/v2\/comments?post=285676"}],"version-history":[{"count":0,"href":"https:\/\/www.europesays.com\/lv\/wp-json\/wp\/v2\/posts\/285676\/revisions"}],"wp:featuredmedia":[{"embeddable":true,"href":"https:\/\/www.europesays.com\/lv\/wp-json\/wp\/v2\/media\/285677"}],"wp:attachment":[{"href":"https:\/\/www.europesays.com\/lv\/wp-json\/wp\/v2\/media?parent=285676"}],"wp:term":[{"taxonomy":"category","embeddable":true,"href":"https:\/\/www.europesays.com\/lv\/wp-json\/wp\/v2\/categories?post=285676"},{"taxonomy":"post_tag","embeddable":true,"href":"https:\/\/www.europesays.com\/lv\/wp-json\/wp\/v2\/tags?post=285676"}],"curies":[{"name":"wp","href":"https:\/\/api.w.org\/{rel}","templated":true}]}}