{"id":285680,"date":"2026-09-04T11:31:08","date_gmt":"2026-09-04T11:31:08","guid":{"rendered":"https:\/\/www.europesays.com\/lv\/285680\/"},"modified":"2026-09-04T11:31:08","modified_gmt":"2026-09-04T11:31:08","slug":"atentats-pret-krievijas-generali-vai-atriebiba-par-kijivas-bernu-slimnicu","status":"publish","type":"post","link":"https:\/\/www.europesays.com\/lv\/285680\/","title":{"rendered":"Atent\u0101ts pret Krievijas \u0123ener\u0101li: vai atrieb\u012bba par Kijivas b\u0113rnu slimn\u012bcu?"},"content":{"rendered":"<p class=\"descr\">3. septembra r\u012bt\u0101 Krievijas Saratovas apgabala Engelsas rajona ciem\u0101 notika atent\u0101ts pret Krievijas milit\u0101rpersonu, kura vad\u012bja Krievijas uzbrukumu Kijivas b\u0113rnu slimn\u012bcai &#8220;Okhmatdy&#8221;, zi\u0146o &#8220;pravda.com.ua&#8221;.<\/p>\n<p>Atent\u0101ts notika no r\u012bta. \u0160\u0101v\u0113js \u0137iver\u0113 ar motociklu piebrauca pie priv\u0101tm\u0101jas un atkl\u0101ja uguni: viena lode tr\u0101p\u012bja \u0137ermen\u012b, otra &#8211; sej\u0101. Milit\u0101rpersona atrodas slimn\u012bc\u0101 kritisk\u0101 st\u0101vokl\u012b.<\/p>\n<p>Saska\u0146\u0101 ar &#8220;Baza&#8221; zi\u0146oto, atent\u0101ts tika v\u0113rsts pret Krievijas Gaisa un kosmosa sp\u0113ku (VKS) T\u0101l\u0101s avi\u0101cijas 22. smago bumbved\u0113ju div\u012bzijas komandieri Nikolaju Varpahovi\u010du.<\/p>\n<p>Jau zi\u0146ots, ka 2024. gada 8. j\u016blij\u0101 ra\u0137etes triecien\u0101 tika da\u013c\u0113ji izn\u012bcin\u0101tas vair\u0101kas slimn\u012bcas \u0113kas, tostarp toksikolo\u0123ijas noda\u013ca un intens\u012bv\u0101s terapijas telpas. <a href=\"https:\/\/nra.lv\/pasaule\/463878-latvija-palidzes-izpostitajai-kijivas-bernu-slimnicai-okhmatdyt.htm\" data-item-link=\"true\" data-item-id=\"463878\" rel=\"nofollow noopener\" target=\"_blank\">Trieciena br\u012bd\u012b slimn\u012bc\u0101 atrad\u0101s simtiem mazo pacientu un medi\u0137u<\/a>. Boj\u0101 g\u0101ja vair\u0101ki cilv\u0113ki. <\/p>\n<blockquote class=\"twitter-tweet\">\n<p lang=\"en\" dir=\"ltr\">This russian war criminal was shot today in Engels.<\/p>\n<p>Major General Nikolay Varpakhovich \u2014 commander of russia\u2019s 22nd Heavy Bomber Aviation Division.<\/p>\n<p>His bombers have rained missiles on Ukraine, including the strike on Okhmatdyt Children\u2019s Hospital in Kyiv.<\/p>\n<p>He is reportedly in\u2026 <a href=\"https:\/\/t.co\/jveUG0ZxZl\" rel=\"nofollow\">pic.twitter.com\/jveUG0ZxZl<\/a><\/p>\n<p>\u2014 UAVoyager\ufffd\ufffd (@CrimeanVoyager) <a href=\"https:\/\/x.com\/CrimeanVoyager\/status\/2095466010123939871?ref_src=twsrc%5Etfw\" rel=\"nofollow\">September 3, 2026<\/a><\/p><\/blockquote>\n<p>\t\t\t\t\t\tinfo<\/p>\n<p>Uzzini pirmais<br \/>kas interesants noticis Latvij\u0101 un pasaul\u0113,<br \/>pievienojoties mums <a href=\"https:\/\/t.me\/neatkariga\" rel=\"nofollow\">Telegram<\/a> vai <a href=\"https:\/\/whatsapp.com\/channel\/0029VaMLFUH5K3zLU5s4wm3y\" rel=\"nofollow noopener\" target=\"_blank\">Whatsapp<\/a> kan\u0101l\u0101<\/p>\n<p>\t\t\t\t\t\t\t\t\t<script async src=\"https:\/\/platform.twitter.com\/widgets.js\" charset=\"utf-8\"><\/script><\/p>\n","protected":false},"excerpt":{"rendered":"3. septembra r\u012bt\u0101 Krievijas Saratovas apgabala Engelsas rajona ciem\u0101 notika atent\u0101ts pret Krievijas milit\u0101rpersonu, kura vad\u012bja Krievijas uzbrukumu&hellip;\n","protected":false},"author":2,"featured_media":285681,"comment_status":"","ping_status":"","sticky":false,"template":"","format":"standard","meta":{"footnotes":"","_share_on_mastodon":"0"},"categories":[14],"tags":[23,57,28,29,32,33,22,30,31,35,39,38,36,37,34,40,20,26,27,24,25,54,55,56,21,58],"class_list":["post-285680","post","type-post","status-publish","format-standard","has-post-thumbnail","category-zinas-no-arvalstim","tag-aktualitates","tag-arvalstim","tag-breaking-news","tag-breakingnews","tag-featured-news","tag-featurednews","tag-headlines","tag-latest-news","tag-latestnews","tag-latvia","tag-latvian","tag-latviesu","tag-latviesu-valoda","tag-latviesuvaloda","tag-latvija","tag-lv","tag-news","tag-popularakas-zinas","tag-popularakaszinas","tag-top-stories","tag-topstories","tag-world","tag-world-news","tag-worldnews","tag-zinas","tag-zinas-no-arvalstim"],"share_on_mastodon":{"url":"https:\/\/pubeurope.com\/@lv\/117212550471317574","error":""},"_links":{"self":[{"href":"https:\/\/www.europesays.com\/lv\/wp-json\/wp\/v2\/posts\/285680","targetHints":{"allow":["GET"]}}],"collection":[{"href":"https:\/\/www.europesays.com\/lv\/wp-json\/wp\/v2\/posts"}],"about":[{"href":"https:\/\/www.europesays.com\/lv\/wp-json\/wp\/v2\/types\/post"}],"author":[{"embeddable":true,"href":"https:\/\/www.europesays.com\/lv\/wp-json\/wp\/v2\/users\/2"}],"replies":[{"embeddable":true,"href":"https:\/\/www.europesays.com\/lv\/wp-json\/wp\/v2\/comments?post=285680"}],"version-history":[{"count":0,"href":"https:\/\/www.europesays.com\/lv\/wp-json\/wp\/v2\/posts\/285680\/revisions"}],"wp:featuredmedia":[{"embeddable":true,"href":"https:\/\/www.europesays.com\/lv\/wp-json\/wp\/v2\/media\/285681"}],"wp:attachment":[{"href":"https:\/\/www.europesays.com\/lv\/wp-json\/wp\/v2\/media?parent=285680"}],"wp:term":[{"taxonomy":"category","embeddable":true,"href":"https:\/\/www.europesays.com\/lv\/wp-json\/wp\/v2\/categories?post=285680"},{"taxonomy":"post_tag","embeddable":true,"href":"https:\/\/www.europesays.com\/lv\/wp-json\/wp\/v2\/tags?post=285680"}],"curies":[{"name":"wp","href":"https:\/\/api.w.org\/{rel}","templated":true}]}}