{"id":285682,"date":"2026-09-04T11:32:11","date_gmt":"2026-09-04T11:32:11","guid":{"rendered":"https:\/\/www.europesays.com\/lv\/285682\/"},"modified":"2026-09-04T11:32:11","modified_gmt":"2026-09-04T11:32:11","slug":"berniem-maca-ka-drosi-parvietoties-satiksme","status":"publish","type":"post","link":"https:\/\/www.europesays.com\/lv\/285682\/","title":{"rendered":"B\u0113rniem m\u0101ca, k\u0101 dro\u0161i p\u0101rvietoties satiksm\u0113"},"content":{"rendered":"<p class=\"wp-block-paragraph\">S\u0101koties jaunajam m\u0101c\u012bbu gadam, Satiksmes ministrija (SM) izveidojusi jaunu digit\u0101lu m\u0101c\u012bbu materi\u0101lu 1.\u20134. kla\u0161u skol\u0113niem par dro\u0161\u012bbu ce\u013cu satiksm\u0113. Ielu gudr\u012bbu meistars Asvalters b\u0113rniem saprotam\u0101 veid\u0101 skaidro, k\u0101 dro\u0161i r\u012bkoties da\u017e\u0101d\u0101s ikdienas situ\u0101cij\u0101s.<\/p>\n<p class=\"wp-block-paragraph\">Materi\u0101l\u0101 pieejami se\u0161i video, zin\u0101\u0161anu p\u0101rbaudes testi, diplomi un citi materi\u0101li. Tos iesp\u0113jams lejupiel\u0101d\u0113t un izdruk\u0101t izmanto\u0161anai nodarb\u012bb\u0101s un sarun\u0101s par ce\u013cu satiksmes dro\u0161\u012bbu. Savuk\u0101rt pedagogiem izstr\u0101d\u0101tas vadl\u012bnijas, kas pal\u012bdz efekt\u012bvi izmantot sagatavoto saturu darb\u0101 ar b\u0113rniem.<\/p>\n<p class=\"wp-block-paragraph\">B\u0113rni uzzin\u0101s par aizsarg\u0137iveres lieto\u0161anas noz\u012bmi, p\u0101rvietojoties ar velosip\u0113du vai skrejriteni, atstarot\u0101ju izmanto\u0161anu diennakts tum\u0161aj\u0101 laik\u0101, dro\u0161u ielas \u0161\u0137\u0113rso\u0161anu, piesardz\u012bbu dzelzce\u013ca un dzelzce\u013ca p\u0101rbrauktuvju tuvum\u0101, dro\u0161\u012bbas jostu lieto\u0161anu automa\u0161\u012bn\u0101, k\u0101 ar\u012b par riskiem, ko rada viedier\u012b\u010du un austi\u0146u lieto\u0161ana, piedaloties satiksm\u0113.<\/p>\n<p class=\"wp-block-paragraph\">M\u0101c\u012bbu materi\u0101li bez maksas pieejami vietn\u0113 asvaltera-tests.lv.<img decoding=\"async\" src=\"https:\/\/www.europesays.com\/lv\/wp-content\/uploads\/2026\/09\/1788521531_27_auseklis-end-a.png\" alt=\"\" loading=\"lazy\"\/><\/p>\n","protected":false},"excerpt":{"rendered":"S\u0101koties jaunajam m\u0101c\u012bbu gadam, Satiksmes ministrija (SM) izveidojusi jaunu digit\u0101lu m\u0101c\u012bbu materi\u0101lu 1.\u20134. kla\u0161u skol\u0113niem par dro\u0161\u012bbu ce\u013cu&hellip;\n","protected":false},"author":2,"featured_media":285683,"comment_status":"","ping_status":"","sticky":false,"template":"","format":"standard","meta":{"footnotes":"","_share_on_mastodon":"0"},"categories":[12],"tags":[23,28,29,42422,32,33,22,30,31,35,39,38,36,37,34,40,20,26,27,42423,24,25,21],"class_list":["post-285682","post","type-post","status-publish","format-standard","has-post-thumbnail","category-latvija","tag-aktualitates","tag-breaking-news","tag-breakingnews","tag-drosiba-satiksme","tag-featured-news","tag-featurednews","tag-headlines","tag-latest-news","tag-latestnews","tag-latvia","tag-latvian","tag-latviesu","tag-latviesu-valoda","tag-latviesuvaloda","tag-latvija","tag-lv","tag-news","tag-popularakas-zinas","tag-popularakaszinas","tag-sakumskolas-audzekni","tag-top-stories","tag-topstories","tag-zinas"],"share_on_mastodon":{"url":"https:\/\/pubeurope.com\/@lv\/117212555028804271","error":""},"_links":{"self":[{"href":"https:\/\/www.europesays.com\/lv\/wp-json\/wp\/v2\/posts\/285682","targetHints":{"allow":["GET"]}}],"collection":[{"href":"https:\/\/www.europesays.com\/lv\/wp-json\/wp\/v2\/posts"}],"about":[{"href":"https:\/\/www.europesays.com\/lv\/wp-json\/wp\/v2\/types\/post"}],"author":[{"embeddable":true,"href":"https:\/\/www.europesays.com\/lv\/wp-json\/wp\/v2\/users\/2"}],"replies":[{"embeddable":true,"href":"https:\/\/www.europesays.com\/lv\/wp-json\/wp\/v2\/comments?post=285682"}],"version-history":[{"count":0,"href":"https:\/\/www.europesays.com\/lv\/wp-json\/wp\/v2\/posts\/285682\/revisions"}],"wp:featuredmedia":[{"embeddable":true,"href":"https:\/\/www.europesays.com\/lv\/wp-json\/wp\/v2\/media\/285683"}],"wp:attachment":[{"href":"https:\/\/www.europesays.com\/lv\/wp-json\/wp\/v2\/media?parent=285682"}],"wp:term":[{"taxonomy":"category","embeddable":true,"href":"https:\/\/www.europesays.com\/lv\/wp-json\/wp\/v2\/categories?post=285682"},{"taxonomy":"post_tag","embeddable":true,"href":"https:\/\/www.europesays.com\/lv\/wp-json\/wp\/v2\/tags?post=285682"}],"curies":[{"name":"wp","href":"https:\/\/api.w.org\/{rel}","templated":true}]}}