{"id":285684,"date":"2026-09-04T11:33:13","date_gmt":"2026-09-04T11:33:13","guid":{"rendered":"https:\/\/www.europesays.com\/lv\/285684\/"},"modified":"2026-09-04T11:33:13","modified_gmt":"2026-09-04T11:33:13","slug":"bikernieku-meza-norisinasies-zemessardzes-1-rigas-brigades-13-kajnieku-bataljona-macibas","status":"publish","type":"post","link":"https:\/\/www.europesays.com\/lv\/285684\/","title":{"rendered":"Bi\u0137ernieku me\u017e\u0101 norisin\u0101sies Zemessardzes 1. R\u012bgas brig\u0101des 13. k\u0101jnieku bataljona m\u0101c\u012bbas"},"content":{"rendered":"<p>No 4. l\u012bdz 6. septembrim R\u012bgas valstspils\u0113tas teritorij\u0101, Bi\u0137ernieku me\u017e\u0101, norisin\u0101sies Zemessardzes 1. R\u012bgas brig\u0101des 13. k\u0101jnieku bataljona zemessargu lauka taktisk\u0101s m\u0101c\u012bbas. Apm\u0101c\u012bbu m\u0113r\u0137is ir apg\u016bt jaunas iema\u0146as un pilnveidot jau eso\u0161\u0101s prasmes efekt\u012bvai darb\u012bbai apvid\u016b un milit\u0101ro m\u0101c\u012bbu uzdevumu izpildei jebkur\u0101 diennakts laik\u0101.<\/p>\n<p>M\u0101c\u012bbu laik\u0101 zemessargi regul\u0101ri stiprina savu profesion\u0101lo sagatavot\u012bbu un sadarb\u012bbas sp\u0113jas, lai nodro\u0161in\u0101tu augstu gatav\u012bbu Zemessardzes vien\u012bbu atbild\u012bbas teritoriju aizsardz\u012bbai un valsts dro\u0161\u012bbas uztur\u0113\u0161anai.<\/p>\n<p>Zemessardz\u0113 milit\u0101r\u0101s apm\u0101c\u012bbas process tiek organiz\u0113ts nep\u0101rtraukti visu gadu, \u012bstenojot da\u017e\u0101dus taktiskos uzdevumus gan vasaras, gan ziemas period\u0101. Ar\u012b Zemessardzes 1. R\u012bgas brig\u0101d\u0113 regul\u0101ro pl\u0101nveida apm\u0101c\u012bbu laik\u0101 zemessargi pilnveido savas prasmes un stiprina gatav\u012bbu vien\u012bbu atbild\u012bbas teritoriju aizsardz\u012bbai.<\/p>\n<p>Zemessardz\u0113 ne\u0161\u0137iro p\u0113c taut\u012bbas, izgl\u012bt\u012bbas, specialit\u0101tes vai pieredzes. Par zemessargu var k\u013c\u016bt Latvijas pilsonis no 18 gadu vecuma ar valsts valodas zin\u0101\u0161an\u0101m vismaz vid\u0113j\u0101 (B1) l\u012bmen\u012b un atbilsto\u0161u vesel\u012bbas st\u0101vokli. Ar kandid\u0101tu pras\u012bb\u0101m iesp\u0113jams iepaz\u012bties Zemessardzes m\u0101jaslap\u0101 www.zs.mil.lv.<\/p>\n<p>Lai pieteiktos dienestam Zemessardz\u0113, zvaniet 1811, rakstiet esizemessargs@mil.lv. Vair\u0101k inform\u0101cijas t\u012bmek\u013cvietn\u0113 www.klustikaravirs.lv.<\/p>\n<p>B\u016bt gatavam r\u012btdienai noz\u012bm\u0113 visu uzs\u0101kt \u0161odien. Esi savas zemes sargs \u2013 st\u0101jies Zemessardz\u0113!\u00a0<\/p>\n<p>Iedz\u012bvot\u0101ju iev\u0113r\u012bbai!<\/p>\n<p>Pa piegulo\u0161ajiem autoce\u013ciem un iel\u0101m Bi\u0137ernieku me\u017ea apk\u0101rtn\u0113 iesp\u0113jama \u012bslaic\u012bga milit\u0101r\u0101 transporta p\u0101rvieto\u0161an\u0101s. Pateicamies iedz\u012bvot\u0101jiem par atbalstu Latvijas aizsardz\u012bbas stiprin\u0101\u0161an\u0101.<\/p>\n<p>          <img decoding=\"async\" src=\"https:\/\/www.europesays.com\/lv\/wp-content\/uploads\/2026\/09\/1788521593_275_logo-lv.png\" alt=\"\"\/><\/p>\n<p>                  \u0160\u012b inform\u0101cija ir publisks pazi\u0146ojums un neatspogu\u013co LV port\u0101la viedokli. Par t\u0101s saturu atbild ies\u016bt\u012bt\u0101js. <a data-popup=\"rules\">Public\u0113\u0161anas noteikumi<\/a><\/p>\n","protected":false},"excerpt":{"rendered":"No 4. l\u012bdz 6. septembrim R\u012bgas valstspils\u0113tas teritorij\u0101, Bi\u0137ernieku me\u017e\u0101, norisin\u0101sies Zemessardzes 1. R\u012bgas brig\u0101des 13. k\u0101jnieku bataljona&hellip;\n","protected":false},"author":2,"featured_media":285685,"comment_status":"","ping_status":"","sticky":false,"template":"","format":"standard","meta":{"footnotes":"","_share_on_mastodon":"0"},"categories":[5],"tags":[23,28,29,32,33,22,30,31,35,39,38,36,37,34,40,20,26,27,24,25,21],"class_list":["post-285684","post","type-post","status-publish","format-standard","has-post-thumbnail","category-aktualitates","tag-aktualitates","tag-breaking-news","tag-breakingnews","tag-featured-news","tag-featurednews","tag-headlines","tag-latest-news","tag-latestnews","tag-latvia","tag-latvian","tag-latviesu","tag-latviesu-valoda","tag-latviesuvaloda","tag-latvija","tag-lv","tag-news","tag-popularakas-zinas","tag-popularakaszinas","tag-top-stories","tag-topstories","tag-zinas"],"share_on_mastodon":{"url":"https:\/\/pubeurope.com\/@lv\/117212558850221454","error":""},"_links":{"self":[{"href":"https:\/\/www.europesays.com\/lv\/wp-json\/wp\/v2\/posts\/285684","targetHints":{"allow":["GET"]}}],"collection":[{"href":"https:\/\/www.europesays.com\/lv\/wp-json\/wp\/v2\/posts"}],"about":[{"href":"https:\/\/www.europesays.com\/lv\/wp-json\/wp\/v2\/types\/post"}],"author":[{"embeddable":true,"href":"https:\/\/www.europesays.com\/lv\/wp-json\/wp\/v2\/users\/2"}],"replies":[{"embeddable":true,"href":"https:\/\/www.europesays.com\/lv\/wp-json\/wp\/v2\/comments?post=285684"}],"version-history":[{"count":0,"href":"https:\/\/www.europesays.com\/lv\/wp-json\/wp\/v2\/posts\/285684\/revisions"}],"wp:featuredmedia":[{"embeddable":true,"href":"https:\/\/www.europesays.com\/lv\/wp-json\/wp\/v2\/media\/285685"}],"wp:attachment":[{"href":"https:\/\/www.europesays.com\/lv\/wp-json\/wp\/v2\/media?parent=285684"}],"wp:term":[{"taxonomy":"category","embeddable":true,"href":"https:\/\/www.europesays.com\/lv\/wp-json\/wp\/v2\/categories?post=285684"},{"taxonomy":"post_tag","embeddable":true,"href":"https:\/\/www.europesays.com\/lv\/wp-json\/wp\/v2\/tags?post=285684"}],"curies":[{"name":"wp","href":"https:\/\/api.w.org\/{rel}","templated":true}]}}