{"id":285686,"date":"2026-09-04T11:37:28","date_gmt":"2026-09-04T11:37:28","guid":{"rendered":"https:\/\/www.europesays.com\/lv\/285686\/"},"modified":"2026-09-04T11:37:28","modified_gmt":"2026-09-04T11:37:28","slug":"afd-joprojam-vadiba-gaidamajas-velesanas-saksija-anhalte","status":"publish","type":"post","link":"https:\/\/www.europesays.com\/lv\/285686\/","title":{"rendered":"AfD joproj\u0101m vad\u012bb\u0101 gaid\u0101maj\u0101s v\u0113l\u0113\u0161an\u0101s Saksij\u0101-Anhalt\u0113"},"content":{"rendered":"<p>Ned\u0113\u013cas laik\u0101 atbalsts <a href=\"https:\/\/www.tvnet.lv\/term\/553339\/afd\" class=\"topicLink\" target=\"_blank\" rel=\"nofollow noopener\">AfD<\/a> audzis par vienu procentpunktu, bet tuv\u0101kajiem s\u0101ncen\u0161iem krist\u012bgajiem demokr\u0101tiem (CDU) tas palicis iepriek\u0161\u0113j\u0101 23% l\u012bmen\u012b, konstat\u0113ts aptauj\u0101, ko p\u0113c raidsabiedr\u012bbas ZDF pas\u016bt\u012bjuma veicis p\u0113t\u012bjumu centrs &#8220;Forschungsgruppe Wahlen&#8221;.<\/p>\n<p>Partija &#8220;Die Linke&#8221; (&#8220;Kreisie&#8221;) ie\u0146em tre\u0161o vietu ar 11,5%, un tas ir par 1,5 procentpunktiem maz\u0101k nek\u0101 pirms ned\u0113\u013cas.<\/p>\n<p>Soci\u0101ldemokr\u0101tiem (SPD) reitings ir samazin\u0101jies par pusi procentpunkta l\u012bdz 8,5%, savuk\u0101rt za\u013cajiem reitings nav main\u012bjies un ir 6%.<\/p>\n<p>Z\u0101ras V\u0101genknehtas alianse (BSW) ar 4% (pieaugums par vienu punktu) un Br\u012bvo demokr\u0101tu partija (FDP) ar 3% nav sasniegu\u0161as iek\u013c\u016b\u0161anai landt\u0101g\u0101 nepiecie\u0161amo 5% robe\u017eu.<\/p>\n<p>Atbalsts p\u0101r\u0113j\u0101m partij\u0101m kop\u0101 ir 3%.<\/p>\n<blockquote class=\"quote ck-widget\" contenteditable=\"false\">\n<p>Ja ar\u012b v\u0113l\u0113\u0161an\u0101s b\u016bs \u0161\u0101ds rezult\u0101ts, AfD neb\u016bs izdevies nodro\u0161in\u0101t absol\u016bto vair\u0101kumu.<\/p>\n<\/blockquote>\n<p>Saksij\u0101-Anhalt\u0113 \u0161obr\u012bd pie varas ir CDU, SPD un FDP koal\u012bcija.<\/p>\n","protected":false},"excerpt":{"rendered":"Ned\u0113\u013cas laik\u0101 atbalsts AfD audzis par vienu procentpunktu, bet tuv\u0101kajiem s\u0101ncen\u0161iem krist\u012bgajiem demokr\u0101tiem (CDU) tas palicis iepriek\u0161\u0113j\u0101 23%&hellip;\n","protected":false},"author":2,"featured_media":285687,"comment_status":"","ping_status":"","sticky":false,"template":"","format":"standard","meta":{"footnotes":"","_share_on_mastodon":"0"},"categories":[14],"tags":[34089,23,57,28,29,32,33,22,30,31,35,39,38,36,37,34,40,20,26,27,24,25,299,2544,54,55,56,21,58],"class_list":["post-285686","post","type-post","status-publish","format-standard","has-post-thumbnail","category-zinas-no-arvalstim","tag-afd","tag-aktualitates","tag-arvalstim","tag-breaking-news","tag-breakingnews","tag-featured-news","tag-featurednews","tag-headlines","tag-latest-news","tag-latestnews","tag-latvia","tag-latvian","tag-latviesu","tag-latviesu-valoda","tag-latviesuvaloda","tag-latvija","tag-lv","tag-news","tag-popularakas-zinas","tag-popularakaszinas","tag-top-stories","tag-topstories","tag-vacija","tag-velesanas","tag-world","tag-world-news","tag-worldnews","tag-zinas","tag-zinas-no-arvalstim"],"share_on_mastodon":{"url":"https:\/\/pubeurope.com\/@lv\/117212574256766239","error":""},"_links":{"self":[{"href":"https:\/\/www.europesays.com\/lv\/wp-json\/wp\/v2\/posts\/285686","targetHints":{"allow":["GET"]}}],"collection":[{"href":"https:\/\/www.europesays.com\/lv\/wp-json\/wp\/v2\/posts"}],"about":[{"href":"https:\/\/www.europesays.com\/lv\/wp-json\/wp\/v2\/types\/post"}],"author":[{"embeddable":true,"href":"https:\/\/www.europesays.com\/lv\/wp-json\/wp\/v2\/users\/2"}],"replies":[{"embeddable":true,"href":"https:\/\/www.europesays.com\/lv\/wp-json\/wp\/v2\/comments?post=285686"}],"version-history":[{"count":0,"href":"https:\/\/www.europesays.com\/lv\/wp-json\/wp\/v2\/posts\/285686\/revisions"}],"wp:featuredmedia":[{"embeddable":true,"href":"https:\/\/www.europesays.com\/lv\/wp-json\/wp\/v2\/media\/285687"}],"wp:attachment":[{"href":"https:\/\/www.europesays.com\/lv\/wp-json\/wp\/v2\/media?parent=285686"}],"wp:term":[{"taxonomy":"category","embeddable":true,"href":"https:\/\/www.europesays.com\/lv\/wp-json\/wp\/v2\/categories?post=285686"},{"taxonomy":"post_tag","embeddable":true,"href":"https:\/\/www.europesays.com\/lv\/wp-json\/wp\/v2\/tags?post=285686"}],"curies":[{"name":"wp","href":"https:\/\/api.w.org\/{rel}","templated":true}]}}