{"id":285688,"date":"2026-09-04T11:38:12","date_gmt":"2026-09-04T11:38:12","guid":{"rendered":"https:\/\/www.europesays.com\/lv\/285688\/"},"modified":"2026-09-04T11:38:12","modified_gmt":"2026-09-04T11:38:12","slug":"devinas-dienas-pec-pludiem-no-tunela-nepala-izglabti-divi-elektrostacijas-darbinieki","status":"publish","type":"post","link":"https:\/\/www.europesays.com\/lv\/285688\/","title":{"rendered":"Devi\u0146as dienas p\u0113c pl\u016bdiem no tune\u013ca Nep\u0101l\u0101 izgl\u0101bti divi elektrostacijas darbinieki"},"content":{"rendered":"<p>Sure\u0161s Rauts, Nep\u0101las Elektroener\u0123ijas p\u0101rvaldes ier\u0113dnis, kur\u0161 atrad\u0101s gl\u0101b\u0161anas viet\u0101, BBC past\u0101st\u012bja, ka gl\u0101b\u0113ji pieg\u0101d\u0101 sk\u0101bekli izgl\u0101btajam, kuru varas iest\u0101des identific\u0113ja k\u0101 Sand\u017eaju \u0160ahu.<\/p>\n<p>\u0160ahs ir meh\u0101nikas meistars Nep\u0101las Elektroener\u0123ijas p\u0101rvald\u0113.<\/p>\n<p>Varas iest\u0101des zi\u0146o, ka otr\u0101 izgl\u0101bt\u0101 persona ir Kabirs Mahard\u017eans.<\/p>\n<p>BBC v\u0113sta, ka Sand\u017eaja \u0160ahs nav t\u0101d\u0101 st\u0101vokl\u012b, lai run\u0101tu. Otrais izgl\u0101btais, Kabirs Mahard\u017eans, pasmaid\u012bjis un pateicies.<\/p>\n<p>Simtiem no vair\u0101k nek\u0101 5000 joproj\u0101m pazudu\u0161ajiem ir str\u0101dnieki, kas str\u0101d\u0101 pla\u0161\u0101 tune\u013cu t\u012bkl\u0101 hidroelektrostacij\u0101s gar upi.<\/p>\n<p>Atsevi\u0161\u0137as gl\u0101b\u0161anas oper\u0101cijas notiek se\u0161os hidroelektrostaciju tune\u013cos, kuros, dom\u0101jams, iesprostoti vair\u0101k nek\u0101 150 cilv\u0113ku.<\/p>\n<p>A\u0123ent\u016bra LETA jau v\u0113st\u012bja, ka 26. august\u0101 led\u0101ja sabrukums izrais\u012bja ledus atl\u016bzu pl\u016bsmu, k\u0101 rezult\u0101t\u0101 no glaci\u0101l\u0101 ezera s\u0101k\u0101s \u016bdens un dub\u013cu <a class=\"topicLink\" target=\"_blank\" rel=\"noopener noreferrer nofollow\" href=\"https:\/\/www.apollo.lv\/term\/555930\/pludi\">pl\u016bdi<\/a>, Nep\u0101l\u0101 un \u0136\u012bn\u0101 izraisot pla\u0161us post\u012bjumus.<\/p>\n<p>Tuvu negad\u012bjuma epicentram atrad\u0101s ar\u012b liela Latvijas t\u016bristu grupa, kuru bija organiz\u0113ju\u0161i jogas interesenti no &#8220;Yantra&#8221;, bet maz\u0101ks Latvijas t\u016bristu skaits dabas katastrofas zon\u0101 atrad\u0101s viet\u0113j\u0101s firmas &#8220;Mighty Himalayan Trek&#8221; grup\u0101. \u0100rlietu ministrijai zin\u0101ms, ka tr\u012bs Latvijas iedz\u012bvot\u0101ji, kuri tobr\u012bd atrad\u0101s re\u0123ion\u0101, nav cietu\u0161i pl\u016bdu izrais\u012btaj\u0101 dub\u013cu nogruvum\u0101 Nep\u0101l\u0101, bet 33 patlaban tiek uzskat\u012bti par bezv\u0113sts pazudu\u0161iem.<\/p>\n","protected":false},"excerpt":{"rendered":"Sure\u0161s Rauts, Nep\u0101las Elektroener\u0123ijas p\u0101rvaldes ier\u0113dnis, kur\u0161 atrad\u0101s gl\u0101b\u0161anas viet\u0101, BBC past\u0101st\u012bja, ka gl\u0101b\u0113ji pieg\u0101d\u0101 sk\u0101bekli izgl\u0101btajam, kuru&hellip;\n","protected":false},"author":2,"featured_media":285689,"comment_status":"","ping_status":"","sticky":false,"template":"","format":"standard","meta":{"footnotes":"","_share_on_mastodon":"0"},"categories":[12],"tags":[23,28,29,32,33,22,11563,30,31,35,39,38,36,37,34,40,5418,20,4821,26,27,24,25,21],"class_list":["post-285688","post","type-post","status-publish","format-standard","has-post-thumbnail","category-latvija","tag-aktualitates","tag-breaking-news","tag-breakingnews","tag-featured-news","tag-featurednews","tag-headlines","tag-himalaji","tag-latest-news","tag-latestnews","tag-latvia","tag-latvian","tag-latviesu","tag-latviesu-valoda","tag-latviesuvaloda","tag-latvija","tag-lv","tag-nepala","tag-news","tag-pludi","tag-popularakas-zinas","tag-popularakaszinas","tag-top-stories","tag-topstories","tag-zinas"],"share_on_mastodon":{"url":"https:\/\/pubeurope.com\/@lv\/117212578225937192","error":""},"_links":{"self":[{"href":"https:\/\/www.europesays.com\/lv\/wp-json\/wp\/v2\/posts\/285688","targetHints":{"allow":["GET"]}}],"collection":[{"href":"https:\/\/www.europesays.com\/lv\/wp-json\/wp\/v2\/posts"}],"about":[{"href":"https:\/\/www.europesays.com\/lv\/wp-json\/wp\/v2\/types\/post"}],"author":[{"embeddable":true,"href":"https:\/\/www.europesays.com\/lv\/wp-json\/wp\/v2\/users\/2"}],"replies":[{"embeddable":true,"href":"https:\/\/www.europesays.com\/lv\/wp-json\/wp\/v2\/comments?post=285688"}],"version-history":[{"count":0,"href":"https:\/\/www.europesays.com\/lv\/wp-json\/wp\/v2\/posts\/285688\/revisions"}],"wp:featuredmedia":[{"embeddable":true,"href":"https:\/\/www.europesays.com\/lv\/wp-json\/wp\/v2\/media\/285689"}],"wp:attachment":[{"href":"https:\/\/www.europesays.com\/lv\/wp-json\/wp\/v2\/media?parent=285688"}],"wp:term":[{"taxonomy":"category","embeddable":true,"href":"https:\/\/www.europesays.com\/lv\/wp-json\/wp\/v2\/categories?post=285688"},{"taxonomy":"post_tag","embeddable":true,"href":"https:\/\/www.europesays.com\/lv\/wp-json\/wp\/v2\/tags?post=285688"}],"curies":[{"name":"wp","href":"https:\/\/api.w.org\/{rel}","templated":true}]}}