{"id":285690,"date":"2026-09-04T11:40:13","date_gmt":"2026-09-04T11:40:13","guid":{"rendered":"https:\/\/www.europesays.com\/lv\/285690\/"},"modified":"2026-09-04T11:40:13","modified_gmt":"2026-09-04T11:40:13","slug":"9-starptautiskaja-baltijas-juras-koru-konkursa-jurmala-sacentisies-kori-no-septinam-pasaules-valstim","status":"publish","type":"post","link":"https:\/\/www.europesays.com\/lv\/285690\/","title":{"rendered":"9. Starptautiskaj\u0101 Baltijas j\u016bras koru konkurs\u0101 J\u016brmal\u0101 sacent\u012bsies kori no septi\u0146\u0101m pasaules valst\u012bm"},"content":{"rendered":"<p>Par 9. Starptautisk\u0101 Baltijas j\u016bras koru konkursa Grand Prix ieguv\u0113ja titulu un iesp\u0113ju iek\u013c\u016bt EGP fin\u0101l\u0101 sacent\u012bsies R\u012bgas Doma kora skolas gospe\u013ckoris (Latvija, diri\u0123ente Una Stade), jaunie\u0161u koris KIVI (Lietuva, diri\u0123ente Dangole Aukseliene), v\u012bru koris HOMME (Igaunija, diri\u0123ents Kuldars Sch\u016bts), E STuudio kamerkoris (Igaunija, diri\u0123ente Killi Loko), sievie\u0161u koris KYN (Somija, diri\u0123ente Kaija V\u012btasalo), sievie\u0161u koris EMBLA (Norv\u0113\u0123ija, diri\u0123ente M\u0101rita Tondela Bodsberga), b\u0113rnu koris LASTIVKA (Ukraina, diri\u0123ente Oksana Ursati) un Manilas kamerkoris (Filip\u012bnas, diri\u0123ents Entonijs G. Villanueva).<\/p>\n<p>Dal\u012bbnieku sniegumu tradicion\u0101li v\u0113rt\u0113s starptautiska \u017e\u016brija piecu profesion\u0101\u013cu sast\u0101v\u0101: Vilija Ma\u017eintaite (Lietuva), Valters Sosalu (Igaunija), Rahela Duri\u010da (Slov\u0113nija), Jur\u0123is C\u0101bulis (Latvija) un \u017e\u016brijas priek\u0161s\u0113d\u0113t\u0101js Leon Shiu Wai Tong (Honkonga).<\/p>\n<p>\u201c\u0160is konkursa gads mums sola lielisku koru daudzveid\u012bbu \u2013 gan to skan\u0113jum\u0101, gan kult\u016br\u0101. Dzird\u0113sim kolekt\u012bvus no septi\u0146\u0101m valst\u012bm, turkl\u0101t pirmo reizi konkurs\u0101 piedal\u012bsies koris no Ukrainas, par ko man ir \u012bpa\u0161i liels prieks, jo katra jauna dal\u012bbvalsts konkursa v\u0113stur\u0113 pal\u012bdz mums nest k\u0101 savu, t\u0101 J\u016brmalas un Latvijas v\u0101rdu pasaul\u0113. \u017d\u016brijai v\u0113rt\u0113t tik da\u017e\u0101dus korus noteikti neb\u016bs viegls uzdevums. Un tie\u0161i t\u0101p\u0113c konkursa klaus\u012bt\u0101jiem \u0161ogad garant\u0113ts kr\u0101\u0161\u0146\u0161 ce\u013cojums korm\u016bzik\u0101,\u201d gaid\u0101mo 9. Starptautiskais Baltijas j\u016bras koru konkursu raksturo t\u0101 idejas autors un m\u0101kslinieciskais vad\u012bt\u0101js, diri\u0123ents J\u0101nis Ozols.<\/p>\n<p>Lai veicin\u0101tu latvie\u0161u or\u0123in\u0101lm\u016bzikas izpild\u012bjumu starptautisk\u0101 korm\u016bzikas vid\u0113, ik gadu konkursam tiek pas\u016bt\u012bts latvie\u0161u komponista jaundarbs. \u0160\u012b gada oblig\u0101t\u0101 ska\u0146darba When I Was Born autors ir Raimonds Tiguls. Jaut\u0101ts par iedvesmu ska\u0146darba rad\u012b\u0161anai, komponists ir po\u0113tiski lakonisks: \u201c\u0160o ska\u0146darbu velt\u012bju tiem e\u0146\u0123e\u013ciem, kuri dz\u012bvo virs manas m\u0101jas.\u201d<\/p>\n<p>Starptautiskais Baltijas j\u016bras koru konkurss ir ikgad\u0113js starptautisks korm\u016bzikas notikums, kas kop\u0161 2016. gada notiek J\u016brmal\u0101. Katru gadu septembra otraj\u0101 pus\u0113 Dzintaru koncertz\u0101l\u0113 pulc\u0113jas vair\u0101ki simti amatieru koru dzied\u0101t\u0101ju un korm\u016bzikas atbalst\u012bt\u0101ju no da\u017e\u0101d\u0101m pasaules valst\u012bm. Dal\u012bbnieki sacen\u0161as oblig\u0101t\u0101s un izv\u0113les programmas pusfin\u0101los, k\u0101 ar\u012b Grand Prix fin\u0101l\u0101. Konkursa norisei tie\u0161raid\u0113 iesp\u0113jams sekot l\u012bdzi TV24 \u0113ter\u0101 un konkursa m\u0101jaslap\u0101 <a href=\"http:\/\/www.balticchoir.com\" rel=\"nofollow noopener\" target=\"_blank\">www.balticchoir.com<\/a>.<\/p>\n<p>Tr\u012bs augst\u0101ko v\u0113rt\u0113jumu ieguvu\u0161ie kori ieg\u016bs naudas balvas. Grand Prix jeb 1. vietas ieguv\u0113js sa\u0146ems Lielo balvu &#8211; 3500 eiro, m\u0101kslinieces Gintas Gr\u016bbes veidoto J\u016brmalas pils\u0113tas kausu, k\u0101 ar\u012b iesp\u0113ju piedal\u012bties European Grand Prix for Choral Singing fin\u0101l\u0101 Areco, It\u0101lij\u0101, 2027. gada august\u0101.<\/p>\n<p>Bi\u013cetes pieejamas Bi\u013ce\u0161u parad\u012bzes kas\u0113s un <a href=\"https:\/\/www.bilesuparadize.lv\/lv\/custompage\/6468\" rel=\"nofollow noopener\" target=\"_blank\">internet\u0101<\/a>.<\/p>\n","protected":false},"excerpt":{"rendered":"Par 9. Starptautisk\u0101 Baltijas j\u016bras koru konkursa Grand Prix ieguv\u0113ja titulu un iesp\u0113ju iek\u013c\u016bt EGP fin\u0101l\u0101 sacent\u012bsies R\u012bgas&hellip;\n","protected":false},"author":2,"featured_media":285691,"comment_status":"","ping_status":"","sticky":false,"template":"","format":"standard","meta":{"footnotes":"","_share_on_mastodon":"0"},"categories":[19],"tags":[89,90,35,39,38,36,37,34,40],"class_list":["post-285690","post","type-post","status-publish","format-standard","has-post-thumbnail","category-izklaide","tag-entertainment","tag-izklaide","tag-latvia","tag-latvian","tag-latviesu","tag-latviesu-valoda","tag-latviesuvaloda","tag-latvija","tag-lv"],"share_on_mastodon":{"url":"https:\/\/pubeurope.com\/@lv\/117212585998161545","error":""},"_links":{"self":[{"href":"https:\/\/www.europesays.com\/lv\/wp-json\/wp\/v2\/posts\/285690","targetHints":{"allow":["GET"]}}],"collection":[{"href":"https:\/\/www.europesays.com\/lv\/wp-json\/wp\/v2\/posts"}],"about":[{"href":"https:\/\/www.europesays.com\/lv\/wp-json\/wp\/v2\/types\/post"}],"author":[{"embeddable":true,"href":"https:\/\/www.europesays.com\/lv\/wp-json\/wp\/v2\/users\/2"}],"replies":[{"embeddable":true,"href":"https:\/\/www.europesays.com\/lv\/wp-json\/wp\/v2\/comments?post=285690"}],"version-history":[{"count":0,"href":"https:\/\/www.europesays.com\/lv\/wp-json\/wp\/v2\/posts\/285690\/revisions"}],"wp:featuredmedia":[{"embeddable":true,"href":"https:\/\/www.europesays.com\/lv\/wp-json\/wp\/v2\/media\/285691"}],"wp:attachment":[{"href":"https:\/\/www.europesays.com\/lv\/wp-json\/wp\/v2\/media?parent=285690"}],"wp:term":[{"taxonomy":"category","embeddable":true,"href":"https:\/\/www.europesays.com\/lv\/wp-json\/wp\/v2\/categories?post=285690"},{"taxonomy":"post_tag","embeddable":true,"href":"https:\/\/www.europesays.com\/lv\/wp-json\/wp\/v2\/tags?post=285690"}],"curies":[{"name":"wp","href":"https:\/\/api.w.org\/{rel}","templated":true}]}}