{"id":285692,"date":"2026-09-04T11:43:20","date_gmt":"2026-09-04T11:43:20","guid":{"rendered":"https:\/\/www.europesays.com\/lv\/285692\/"},"modified":"2026-09-04T11:43:20","modified_gmt":"2026-09-04T11:43:20","slug":"vacija-pie-apaksstacijas-atrod-aizdomigu-ierici-policija-pielauj-sabotazu-jauns-lv","status":"publish","type":"post","link":"https:\/\/www.europesays.com\/lv\/285692\/","title":{"rendered":"V\u0101cij\u0101 pie apak\u0161stacijas atrod aizdom\u012bgu ier\u012bci; policija pie\u013cauj sabot\u0101\u017eu &#8211; Jauns.lv"},"content":{"rendered":"<ol>\n<li><a href=\"https:\/\/news.google.com\/rss\/articles\/CBMisgFBVV95cUxPM2p4YzliamJ5TXFidnd1YThzYXlUamh5YlRobFZ3allndkRkU1p1S19yOHdndnAycXBpbTNXajFVaTRlNFA2OUtjZTJjcUNlOVhUcndTaXUxVDgxdHlCZVd5U1k5eVZaWVM3VnRMc0p2M0NqaGtqWTRYNWcybmFNWXZRd1VuZUpIcVM1LWstQ01mVXlRTlNtWjZQWnBZWGdwdDh0ckJEcjdaNDloSjl1UXBB?oc=5\" target=\"_blank\" rel=\"nofollow noopener\">V\u0101cij\u0101 pie apak\u0161stacijas atrod aizdom\u012bgu ier\u012bci; policija pie\u013cauj sabot\u0101\u017eu<\/a>&nbsp;&nbsp;Jauns.lv<\/li>\n<li><a href=\"https:\/\/news.google.com\/rss\/articles\/CBMivgFBVV95cUxOMDluY29uajdYVmVLUHlYOGJ2TTlSRVNVa0JPbm0zbWFEa0ZvOUltRlZPd3VsSWs0aVh3RU9rMXVRaVM4UUZHSmkyM1JUVHJ2ZzhXdWowb0F0a2RXaUR0b2swTDFucEllTTg5TW9BbEhaV2dSVGh6OGlEUkY0a2huYUdwbFVlQS1Gc0pGNndSR2FlQUN1Y2NxWEFLTTUxYW4xV2NMSVQzYndBR2FwdGZiek5OaHRndmx0ZXNRbk5B?oc=5\" target=\"_blank\" rel=\"nofollow noopener\">V\u0101cijas policija elektr\u012bbas apak\u0161stacij\u0101 Brandenburg\u0101 atradusi spr\u0101dzienb\u012bstamus priek\u0161metus<\/a>&nbsp;&nbsp;TVNET<\/li>\n<li><a href=\"https:\/\/news.google.com\/rss\/articles\/CBMiuwFBVV95cUxNV1gzbjM4S2V5M2dzUmdFX05GS1pPZVNHOFAtcVFFR1p1SDVnbloxYWhVMzZfVkFlZk03MzREQ1VLM1RGYzJ4NjRYMzF2Rm1DRE1oMkVBUEdLbG9lNm5oR2xERE9nVzRiZUYtZXVtVHYybmh6QXpJWjlLZ0F0RGx4OEtXZjNSMHVTU0VrUVBjOHdPdExNTThGRkZQcHd5R3FBN3NiZGIzbFF3cTlMM1BoMWVuTDBGRURveFFN?oc=5\" target=\"_blank\" rel=\"nofollow noopener\">K\u0101rt\u0113jais sabot\u0101\u017eas m\u0113\u0123in\u0101jums V\u0101cij\u0101? Pie apak\u0161stacijas atrasta aizdom\u012bga ier\u012bce ar vadiem un taimeri<\/a>&nbsp;&nbsp;LA.LV<\/li>\n<li><a href=\"https:\/\/news.google.com\/rss\/articles\/CBMingFBVV95cUxNRWFLMWJxLXlCTnlDYm9OSHBwdGxQd0xIdFVoZjFxRW52cExTNFNjRkptaGFndXBlMXFwRmk2THNMN2hBbEw5QUlVY0ZjVUFkRDJybDk2WEFiQWFLMlpZS1lGR1RHR09lbTV1eGVNOXRpV1ZudjZGSEdFdkY2NUktWXA3REhvMktCWnNsWi1ZZmVnT0dxcmpNeUlRYkJ1dw?oc=5\" target=\"_blank\" rel=\"nofollow noopener\">V\u0101cij\u0101 satraukumu raisa pie apak\u0161stacijas atrasta nezin\u0101ma ier\u012bce<\/a>&nbsp;&nbsp;tv3.lv<\/li>\n<li><a href=\"https:\/\/news.google.com\/rss\/articles\/CBMisAFBVV95cUxQU0w3QU4tNXNIOER4RzZESjQ5VHctb1pSRW9hb1VWQ3lmTU9qbHktM1dJQm56d3hjeEVUZy0zTng4b3JCR3ZOU2VJWFVycEROTGc5Wm54R1FhVVpkazNIVkNjUUs4UjNoLXJ1c1hhM2ZneWNZNFYwR0lJYWdZNUlEZ2hsaXhxRW94MXJBZFpnUHk2WGVUdEc1ZXU2UHdKRUF3dExWOU4yVzc2ME9aTDBoWA?oc=5\" target=\"_blank\" rel=\"nofollow noopener\">Uzbrukums V\u0101cijas elektrot\u012bklam: k\u0101 \u0161is hibr\u012bdkara instruments var\u0113tu izskat\u012bties Latvij\u0101?<\/a>&nbsp;&nbsp;Puaro<\/li>\n<\/ol>\n","protected":false},"excerpt":{"rendered":"V\u0101cij\u0101 pie apak\u0161stacijas atrod aizdom\u012bgu ier\u012bci; policija pie\u013cauj sabot\u0101\u017eu&nbsp;&nbsp;Jauns.lv V\u0101cijas policija elektr\u012bbas apak\u0161stacij\u0101 Brandenburg\u0101 atradusi spr\u0101dzienb\u012bstamus priek\u0161metus&nbsp;&nbsp;TVNET K\u0101rt\u0113jais&hellip;\n","protected":false},"author":2,"featured_media":285693,"comment_status":"","ping_status":"","sticky":false,"template":"","format":"standard","meta":{"footnotes":"","_share_on_mastodon":"0"},"categories":[14],"tags":[23,57,28,29,32,33,22,30,31,35,39,38,36,37,34,40,20,26,27,24,25,54,55,56,21,58],"class_list":["post-285692","post","type-post","status-publish","format-standard","has-post-thumbnail","category-zinas-no-arvalstim","tag-aktualitates","tag-arvalstim","tag-breaking-news","tag-breakingnews","tag-featured-news","tag-featurednews","tag-headlines","tag-latest-news","tag-latestnews","tag-latvia","tag-latvian","tag-latviesu","tag-latviesu-valoda","tag-latviesuvaloda","tag-latvija","tag-lv","tag-news","tag-popularakas-zinas","tag-popularakaszinas","tag-top-stories","tag-topstories","tag-world","tag-world-news","tag-worldnews","tag-zinas","tag-zinas-no-arvalstim"],"share_on_mastodon":{"url":"https:\/\/pubeurope.com\/@lv\/117212597773349875","error":""},"_links":{"self":[{"href":"https:\/\/www.europesays.com\/lv\/wp-json\/wp\/v2\/posts\/285692","targetHints":{"allow":["GET"]}}],"collection":[{"href":"https:\/\/www.europesays.com\/lv\/wp-json\/wp\/v2\/posts"}],"about":[{"href":"https:\/\/www.europesays.com\/lv\/wp-json\/wp\/v2\/types\/post"}],"author":[{"embeddable":true,"href":"https:\/\/www.europesays.com\/lv\/wp-json\/wp\/v2\/users\/2"}],"replies":[{"embeddable":true,"href":"https:\/\/www.europesays.com\/lv\/wp-json\/wp\/v2\/comments?post=285692"}],"version-history":[{"count":0,"href":"https:\/\/www.europesays.com\/lv\/wp-json\/wp\/v2\/posts\/285692\/revisions"}],"wp:featuredmedia":[{"embeddable":true,"href":"https:\/\/www.europesays.com\/lv\/wp-json\/wp\/v2\/media\/285693"}],"wp:attachment":[{"href":"https:\/\/www.europesays.com\/lv\/wp-json\/wp\/v2\/media?parent=285692"}],"wp:term":[{"taxonomy":"category","embeddable":true,"href":"https:\/\/www.europesays.com\/lv\/wp-json\/wp\/v2\/categories?post=285692"},{"taxonomy":"post_tag","embeddable":true,"href":"https:\/\/www.europesays.com\/lv\/wp-json\/wp\/v2\/tags?post=285692"}],"curies":[{"name":"wp","href":"https:\/\/api.w.org\/{rel}","templated":true}]}}