{"id":285694,"date":"2026-09-04T11:44:09","date_gmt":"2026-09-04T11:44:09","guid":{"rendered":"https:\/\/www.europesays.com\/lv\/285694\/"},"modified":"2026-09-04T11:44:09","modified_gmt":"2026-09-04T11:44:09","slug":"rinkevics-ieludz-pavestu-leonu-xiv-apmeklet-latviju-2","status":"publish","type":"post","link":"https:\/\/www.europesays.com\/lv\/285694\/","title":{"rendered":"Rink\u0113vi\u010ds iel\u016bdz p\u0101vestu Leonu XIV apmekl\u0113t Latviju"},"content":{"rendered":"<p>K\u0101 a\u0123ent\u016bru LETA inform\u0113ja Valsts prezidenta padomnieks komunik\u0101cijas jaut\u0101jumos M\u0101rti\u0146\u0161 Dr\u0113\u0123eris, viz\u012btes laik\u0101 Rink\u0113vi\u010ds prezidents tik\u0101s ar\u012b ar Sv\u0113t\u0101 Kr\u0113sla Valsts sekret\u0101ru kardin\u0101lu Pjetro Parolinu. \u0160aj\u0101 sarun\u0101 p\u0101rrun\u0101tas abu valstu divpus\u0113j\u0101s attiec\u012bbas, tai skait\u0101 Latvijas un katolisk\u0101s bazn\u012bcas sadarb\u012bba, k\u0101 ar\u012b re\u0123iona dro\u0161\u012bba un atbalsts Ukrainai t\u0101s c\u012b\u0146\u0101 pret agresoru Krieviju.<\/p>\n<blockquote>\n<p style=\"text-align: justify;\">Latvijas prezidents pauda gandar\u012bjumu par Sv\u0113t\u0101 Kr\u0113sla lomu kop\u0113jos centienos atg\u016bt Ukrainas karag\u016bstek\u0146us un deport\u0113tos b\u0113rnus. &#8220;Latvija stingri iest\u0101jas par visu pretlikum\u012bgi p\u0101rvietoto un deport\u0113to b\u0113rnu nog\u0101d\u0101\u0161anu atpaka\u013c Ukrain\u0101, k\u0101 ar\u012b Krievijas sauk\u0161anu pie atbild\u012bbas par t\u0101s pastr\u0101d\u0101tajiem noziegumiem,&#8221; akcent\u0113jis Rink\u0113vi\u010ds.<\/p>\n<\/blockquote>\n<p style=\"text-align: justify;\">Puses apmain\u012bj\u0101s viedok\u013ciem par situ\u0101ciju Tuvajos Austrumos un konfliktu ar Ir\u0101nu. Rink\u0113vi\u010ds pauda, ka Latvija iest\u0101jas par iesp\u0113jami dr\u012bzu risin\u0101jumu, kas nepie\u013cautu, ka Ir\u0101na ieg\u016bst kodoliero\u010dus, atjaunotu pre\u010du pl\u016bsmu caur Hormuza \u0161aurumu, aptur\u0113tu past\u0101vo\u0161os ku\u0123o\u0161anas draudus Sarkanaj\u0101 j\u016br\u0101, k\u0101 ar\u012b izbeigtu civiliedz\u012bvot\u0101ju cie\u0161anas.<\/p>\n<p style=\"text-align: justify;\">\u0160\u012b ir pirm\u0101 Valsts prezidenta tik\u0161an\u0101s ar p\u0101vestu Leonu XIV kop\u0161 p\u0101vesta iev\u0113l\u0113\u0161anas 2025. gada 8. maij\u0101 par 267. Romas b\u012bskapu. P\u0101vests Leons XIV, \u012bstaj\u0101 v\u0101rd\u0101 kardin\u0101ls Roberts Francis Prevosts, ir dzimis 1955. gada 14. septembr\u012b \u010cik\u0101g\u0101, ASV. Vi\u0146\u0161 ir pirmais p\u0101vests Sv\u0113t\u0101 August\u012bna orde\u0146a v\u0113stur\u0113.<\/p>\n<p style=\"text-align: justify;\">\u0160\u012b gada 3. septembr\u012b aprit\u0113ja 104 gadi kop\u0161 Latvijas un Sv\u0113t\u0101 Kr\u0113sla Konkord\u0101ta sp\u0113k\u0101 st\u0101\u0161an\u0101s.<\/p>\n","protected":false},"excerpt":{"rendered":"K\u0101 a\u0123ent\u016bru LETA inform\u0113ja Valsts prezidenta padomnieks komunik\u0101cijas jaut\u0101jumos M\u0101rti\u0146\u0161 Dr\u0113\u0123eris, viz\u012btes laik\u0101 Rink\u0113vi\u010ds prezidents tik\u0101s ar\u012b ar&hellip;\n","protected":false},"author":2,"featured_media":285695,"comment_status":"","ping_status":"","sticky":false,"template":"","format":"standard","meta":{"footnotes":"","_share_on_mastodon":"0"},"categories":[12],"tags":[23,28,29,32,33,22,30,31,35,39,38,36,37,34,40,20,26,27,24,25,21],"class_list":["post-285694","post","type-post","status-publish","format-standard","has-post-thumbnail","category-latvija","tag-aktualitates","tag-breaking-news","tag-breakingnews","tag-featured-news","tag-featurednews","tag-headlines","tag-latest-news","tag-latestnews","tag-latvia","tag-latvian","tag-latviesu","tag-latviesu-valoda","tag-latviesuvaloda","tag-latvija","tag-lv","tag-news","tag-popularakas-zinas","tag-popularakaszinas","tag-top-stories","tag-topstories","tag-zinas"],"share_on_mastodon":{"url":"https:\/\/pubeurope.com\/@lv\/117212601612296682","error":""},"_links":{"self":[{"href":"https:\/\/www.europesays.com\/lv\/wp-json\/wp\/v2\/posts\/285694","targetHints":{"allow":["GET"]}}],"collection":[{"href":"https:\/\/www.europesays.com\/lv\/wp-json\/wp\/v2\/posts"}],"about":[{"href":"https:\/\/www.europesays.com\/lv\/wp-json\/wp\/v2\/types\/post"}],"author":[{"embeddable":true,"href":"https:\/\/www.europesays.com\/lv\/wp-json\/wp\/v2\/users\/2"}],"replies":[{"embeddable":true,"href":"https:\/\/www.europesays.com\/lv\/wp-json\/wp\/v2\/comments?post=285694"}],"version-history":[{"count":0,"href":"https:\/\/www.europesays.com\/lv\/wp-json\/wp\/v2\/posts\/285694\/revisions"}],"wp:featuredmedia":[{"embeddable":true,"href":"https:\/\/www.europesays.com\/lv\/wp-json\/wp\/v2\/media\/285695"}],"wp:attachment":[{"href":"https:\/\/www.europesays.com\/lv\/wp-json\/wp\/v2\/media?parent=285694"}],"wp:term":[{"taxonomy":"category","embeddable":true,"href":"https:\/\/www.europesays.com\/lv\/wp-json\/wp\/v2\/categories?post=285694"},{"taxonomy":"post_tag","embeddable":true,"href":"https:\/\/www.europesays.com\/lv\/wp-json\/wp\/v2\/tags?post=285694"}],"curies":[{"name":"wp","href":"https:\/\/api.w.org\/{rel}","templated":true}]}}