{"id":285696,"date":"2026-09-04T11:45:16","date_gmt":"2026-09-04T11:45:16","guid":{"rendered":"https:\/\/www.europesays.com\/lv\/285696\/"},"modified":"2026-09-04T11:45:16","modified_gmt":"2026-09-04T11:45:16","slug":"tiesibsardze-nedrikst-gaidit-nakamo-datu-drosibas-incidentu-jarikojas-preventivi-jau-tagad","status":"publish","type":"post","link":"https:\/\/www.europesays.com\/lv\/285696\/","title":{"rendered":"Ties\u012bbsardze: nedr\u012bkst gaid\u012bt n\u0101kamo datu dro\u0161\u012bbas incidentu, j\u0101r\u012bkojas prevent\u012bvi jau tagad"},"content":{"rendered":"<p>P\u0113c pla\u0161a m\u0113roga AS \u201cLatvijas valsts me\u017ei\u201d un VAS \u201cCe\u013cu satiksmes dro\u0161\u012bbas direkcija\u201d (CSDD) datu dro\u0161\u012bbas incidentiem ties\u012bbsardze Karina Palkova aicina valsts un pa\u0161vald\u012bbu iest\u0101des p\u0101rliecin\u0101ties par to atbild\u012bb\u0101 eso\u0161o inform\u0101cijas sist\u0113mu dro\u0161\u012bbu. Tikai prevent\u012bvu meh\u0101nismu \u012bsteno\u0161ana mazin\u0101s jaunus personas datu aizsardz\u012bbas p\u0101rk\u0101pumus.<\/p>\n<p>Personas dati ietilpst cilv\u0113ka pamatties\u012bbu uz priv\u0101t\u0101s dz\u012bves neaizskaram\u012bbu tv\u0113rum\u0101. T\u0101d\u0113\u013c valstij ir pien\u0101kums ne tikai rea\u0123\u0113t p\u0113c personas datu aizsardz\u012bbas p\u0101rk\u0101pumiem, piem\u0113ram, datu nopl\u016bdes vai kiberincidenta gad\u012bjumiem, bet laikus identific\u0113t riskus un p\u0101rliecin\u0101ties par to, ka Latvijas iedz\u012bvot\u0101ju personas dati tiek apstr\u0101d\u0101ti atbilsto\u0161i Visp\u0101r\u012bg\u0101s datu aizsardz\u012bbas regulas pras\u012bb\u0101m.<\/p>\n<p>\u201cKatram atbild\u012bgam vad\u012bt\u0101jam p\u0113c p\u0113d\u0113j\u0101 laika personas datu nopl\u016bd\u0113m b\u016btu j\u0101atrod atbildes uz tr\u012bs jaut\u0101jumiem: vai m\u0113s neuzkr\u0101jam p\u0101r\u0101k daudz datu, vai m\u0113s laikus dz\u0113\u0161am datus, kas vairs nav nepiecie\u0161ami, un vai dati, kurus glab\u0101jam, ir pien\u0101c\u012bgi aizsarg\u0101ti. Datu aizsardz\u012bba s\u0101kas nevis br\u012bd\u012b, kad noticis incidents, bet jau taj\u0101 br\u012bd\u012b, kad instit\u016bcija (p\u0101rzinis) lemj, k\u0101dus datus v\u0101kt, cik ilgi tos glab\u0101t un k\u0101 tos aizsarg\u0101t,\u201d uzsver ties\u012bbsardze Karina Palkova.<\/p>\n<p>Ties\u012bbsardze aicina atbild\u012bg\u0101s amatpersonas nekav\u0113joties p\u0101rliecin\u0101ties, vai to atbild\u012bb\u0101 eso\u0161\u0101s inform\u0101cijas sist\u0113mas, kuras pla\u0161i izmanto valsts un pa\u0161vald\u012bbu funkciju nodro\u0161in\u0101\u0161anai, izpilda visas nepiecie\u0161am\u0101s dro\u0161\u012bbas pras\u012bbas, lai n\u0101kotn\u0113 nov\u0113rstu iesp\u0113jamus personas datu aizsardz\u012bbas p\u0101rk\u0101pumus. \u012apa\u0161u uzman\u012bbu ties\u012bbsardze aicina piev\u0113rst inform\u0101cijas sist\u0113m\u0101m, kur\u0101s apstr\u0101d\u0101 vesel\u012bbas datus un b\u0113rnu personas datus, tostarp E-vesel\u012bbai un E-klasei.<\/p>\n<p>\u201cM\u016bsu kop\u012bgs m\u0113r\u0137is ir prevent\u012bvi p\u0101rliecin\u0101ties, ka ir izdar\u012bts viss nepiecie\u0161amais, lai cilv\u0113ku dati b\u016btu aizsarg\u0101ti. Vesel\u012bbas inform\u0101cija un b\u0113rnu dati ir jomas, kur\u0101s iesp\u0113jam\u0101s datu nopl\u016bdes sekas cilv\u0113kam var b\u016bt \u012bpa\u0161i nopietnas,\u201d nor\u0101da Karina Palkova.<\/p>\n<p>Izv\u0113rt\u0113jum\u0101 b\u016btiski noskaidrot, k\u0101 tiek p\u0101rvald\u012btas piek\u013cuves ties\u012bbas personu datiem, cik regul\u0101ri tiek p\u0101rbaud\u012bta inform\u0101cijas sist\u0113mu dro\u0161\u012bba, k\u0101 taj\u0101s tiek kontrol\u0113ta datu aprite un nodo\u0161ana cit\u0101m sist\u0113m\u0101m, k\u0101 ar\u012b to, vai ir iedz\u012bvin\u0101ti pietiekami efekt\u012bvi meh\u0101nismi iesp\u0113jamo dro\u0161\u012bbas incidentu savlaic\u012bgai konstat\u0113\u0161anai un nov\u0113r\u0161anai.<\/p>\n<p>Ties\u012bbsardzes ieskat\u0101 \u0161aj\u0101 darb\u0101 b\u016btiska ir sadarb\u012bba ar Datu valsts inspekciju, Nacion\u0101lo kiberdro\u0161\u012bbas centru, CERT.LV un attiec\u012bgo inform\u0101cijas sist\u0113mu p\u0101rzi\u0146iem.<\/p>\n<p>          <img decoding=\"async\" src=\"https:\/\/www.europesays.com\/lv\/wp-content\/uploads\/2026\/09\/1788522316_47_logo-lv.png\" alt=\"\"\/><\/p>\n<p>                  \u0160\u012b inform\u0101cija ir publisks pazi\u0146ojums un neatspogu\u013co LV port\u0101la viedokli. Par t\u0101s saturu atbild ies\u016bt\u012bt\u0101js. <a data-popup=\"rules\">Public\u0113\u0161anas noteikumi<\/a><\/p>\n","protected":false},"excerpt":{"rendered":"P\u0113c pla\u0161a m\u0113roga AS \u201cLatvijas valsts me\u017ei\u201d un VAS \u201cCe\u013cu satiksmes dro\u0161\u012bbas direkcija\u201d (CSDD) datu dro\u0161\u012bbas incidentiem ties\u012bbsardze&hellip;\n","protected":false},"author":2,"featured_media":285697,"comment_status":"","ping_status":"","sticky":false,"template":"","format":"standard","meta":{"footnotes":"","_share_on_mastodon":"0"},"categories":[5],"tags":[23,28,29,32,33,22,30,31,35,39,38,36,37,34,40,20,26,27,24,25,21],"class_list":["post-285696","post","type-post","status-publish","format-standard","has-post-thumbnail","category-aktualitates","tag-aktualitates","tag-breaking-news","tag-breakingnews","tag-featured-news","tag-featurednews","tag-headlines","tag-latest-news","tag-latestnews","tag-latvia","tag-latvian","tag-latviesu","tag-latviesu-valoda","tag-latviesuvaloda","tag-latvija","tag-lv","tag-news","tag-popularakas-zinas","tag-popularakaszinas","tag-top-stories","tag-topstories","tag-zinas"],"share_on_mastodon":{"url":"https:\/\/pubeurope.com\/@lv\/117212606324094905","error":""},"_links":{"self":[{"href":"https:\/\/www.europesays.com\/lv\/wp-json\/wp\/v2\/posts\/285696","targetHints":{"allow":["GET"]}}],"collection":[{"href":"https:\/\/www.europesays.com\/lv\/wp-json\/wp\/v2\/posts"}],"about":[{"href":"https:\/\/www.europesays.com\/lv\/wp-json\/wp\/v2\/types\/post"}],"author":[{"embeddable":true,"href":"https:\/\/www.europesays.com\/lv\/wp-json\/wp\/v2\/users\/2"}],"replies":[{"embeddable":true,"href":"https:\/\/www.europesays.com\/lv\/wp-json\/wp\/v2\/comments?post=285696"}],"version-history":[{"count":0,"href":"https:\/\/www.europesays.com\/lv\/wp-json\/wp\/v2\/posts\/285696\/revisions"}],"wp:featuredmedia":[{"embeddable":true,"href":"https:\/\/www.europesays.com\/lv\/wp-json\/wp\/v2\/media\/285697"}],"wp:attachment":[{"href":"https:\/\/www.europesays.com\/lv\/wp-json\/wp\/v2\/media?parent=285696"}],"wp:term":[{"taxonomy":"category","embeddable":true,"href":"https:\/\/www.europesays.com\/lv\/wp-json\/wp\/v2\/categories?post=285696"},{"taxonomy":"post_tag","embeddable":true,"href":"https:\/\/www.europesays.com\/lv\/wp-json\/wp\/v2\/tags?post=285696"}],"curies":[{"name":"wp","href":"https:\/\/api.w.org\/{rel}","templated":true}]}}