{"id":285702,"date":"2026-09-04T11:50:18","date_gmt":"2026-09-04T11:50:18","guid":{"rendered":"https:\/\/www.europesays.com\/lv\/285702\/"},"modified":"2026-09-04T11:50:18","modified_gmt":"2026-09-04T11:50:18","slug":"iekslietu-darbinieku-arodbiedriba-dombravas-darba-nesaskata-nevienu-konkretu-rezultatu","status":"publish","type":"post","link":"https:\/\/www.europesays.com\/lv\/285702\/","title":{"rendered":"Iek\u0161lietu darbinieku arodbiedr\u012bba Dombravas darb\u0101 nesaskata nevienu konkr\u0113tu rezult\u0101tu"},"content":{"rendered":"<p class=\"lead\">\n                                    Latvijas Iek\u0161lietu darbinieku arodbiedr\u012bba nesaskata nevienu konkr\u0113tu iek\u0161lietu ministra J\u0101\u0146a Dombravas (NA) izdar\u012btu darbu, ministra darbu v\u0113rt\u0113ja arodbiedr\u012bbas valdes priek\u0161s\u0113d\u0113t\u0101js Armands August\u0101ns.\n                                <\/p>\n<p style=\"margin-left:0px;\">Arodbiedr\u012bba iek\u0161lietu ministra darbu nevarot nov\u0113rt\u0113t un tam esot vair\u0101ki iemesli. Pirmk\u0101rt, ministrs l\u012bdz \u0161im br\u012bdim nav atradis laiku, lai tiktos ar arodbiedr\u012bbu. \u0160is ir viens no pirmajiem ministriem, kas ignor\u0113 nozar\u0113 eso\u0161o liel\u0101ko arodbiedr\u012bbu, t\u0101d\u0113j\u0101di zaud\u0113jot soci\u0101lo dialogu un sp\u0113ju p\u0101rzin\u0101t darbinieku objekt\u012bv\u0101s vajadz\u012bbas un viedokli, p\u0101rmeta August\u0101ns.<\/p>\n<p style=\"margin-left:0px;\">Arodbiedr\u012bba ir iepazinusies ar ministra publiski pieteiktajiem tr\u012bs galvenajiem darba virzieniem, ta\u010du ministrs neesot atradis laiku \u0161os virzienus p\u0101rrun\u0101t ar arodbiedr\u012bbu.<\/p>\n<p style=\"margin-left:0px;\">No ministra puses ir &#8220;c\u012b\u0146a ar migr\u0101ciju&#8221;, bet neesot skaidras nost\u0101jas par darbiem, kas uzlabotu iek\u0161lietu sist\u0113mas darbinieku idkienu, labb\u016bt\u012bbu, atalgojumu un tehnisko nodro\u0161in\u0101jumu, neapmierin\u0101ts bija August\u0101ns, uzsverot, ka no ministra puses neesot skaidras nost\u0101jas un l\u012bdz ar to arodbiedr\u012bba nevarot paskaidrot saviem biedriem, vai n\u0101kamgad nesamazin\u0101sies atalgojums un tiks saglab\u0101ta 300 eiro piemaksa.<\/p>\n<blockquote>\n<p style=\"margin-left:0px;\">&#8220;Diem\u017e\u0113l arodbiedr\u012bba \u012bsti nav konstat\u0113jusi nevienu konkr\u0113tu izdar\u012bto darbu, ko b\u016btu izdar\u012bjis eso\u0161ais iek\u0161lietu ministrs,&#8221;<\/p>\n<\/blockquote>\n<p style=\"margin-left:0px;\">izteic\u0101s August\u0101ns.<\/p>\n<p style=\"margin-left:0px;\">Andra Kulberga vad\u012bb\u0101 Ministru kabinets darbojas no 28. maija. Kulberga vald\u012bba \u0161odien aizvada 100. darba dienu.<\/p>\n<p> Aptauja <\/p>\n<p> Vai Eiropa ir gatava st\u0101ties pret\u012b hibr\u012bdkara draudiem? <\/p>\n<p class=\"paragraph-muted\">Izv\u0113lies savu soct\u012bklu platformu, lai sekotu LASI.LV: <a href=\"https:\/\/www.facebook.com\/portals.lasi.lv\" target=\"_blank\" rel=\"noopener noreferrer nofollow\">Facebook<\/a>, <a href=\"https:\/\/twitter.com\/lasilvportals\" target=\"_blank\" rel=\"noopener noreferrer nofollow\">X<\/a>, <a href=\"https:\/\/bsky.app\/profile\/lasilv.bsky.social\" target=\"_blank\" rel=\"noopener noreferrer nofollow\">Bluesky<\/a>, <a href=\"https:\/\/www.draugiem.lv\/lasilv\/?pg=4\" target=\"_blank\" rel=\"noopener noreferrer nofollow\">Draugiem<\/a>, <a href=\"https:\/\/www.threads.com\/@lasilv_zinas\" rel=\"nofollow noopener\" target=\"_blank\">Threads<\/a> vai ar\u012b <a href=\"https:\/\/www.instagram.com\/lasilv_zinas\/\" target=\"_blank\" rel=\"noopener noreferrer nofollow\">Instagram<\/a>. Pievienojies m\u016bsu las\u012bt\u0101ju pulkam, lai sa\u0146emtu \u012bpa\u0161i tev atlas\u012btu noder\u012bgu, praktisku un aktu\u0101lu saturu.\u00a0<\/p>\n<p style=\"margin-left:auto;\">Pieraksties LASI.LV redaktora v\u0113stkopai <a href=\"https:\/\/lasi.lv\/vestkopa\/lasi-lv-galvena-redaktora-vestkopa\" rel=\"nofollow noopener\" target=\"_blank\">\u0161eit<\/a>.<\/p>\n<p>Pieraksties v\u0113stkopai un divas reizes ned\u0113\u013c\u0101 sa\u0146em padzi\u013cin\u0101tu LASI.LV galven\u0101 redaktora aktu\u0101lo zi\u0146u, kompetentu viedok\u013cu un interesant\u0101ko interviju apkopojumu.<\/p>\n<p>Ko tu sa\u0146emsi:<\/p>\n<ul>\n<li>Daudzveid\u012bgus koment\u0101rus un kompetentus Latvijas Mediju \u017eurn\u0101listu un autoru viedok\u013cus par aktu\u0101lo<\/li>\n<li>Ekspertu koment\u0101rus par da\u017e\u0101diem praktiskiem, noder\u012bgiem tematiem<\/li>\n<li>Aizraujo\u0161us materi\u0101lus par v\u0113sturi, psiholo\u0123iju, kult\u016bru<\/li>\n<li>Gata \u0160\u013c\u016bkas karikat\u016bru<\/li>\n<li>Tav\u0101 e-pasta kast\u012bt\u0113 katru ceturtdienu<\/li>\n<\/ul>\n<p style=\"margin-left:auto;\">\u00a0<\/p>\n<p><script async src=\"https:\/\/platform.twitter.com\/widgets.js\" charset=\"utf-8\"><\/script><script async src=\"\/\/www.instagram.com\/embed.js\"><\/script><\/p>\n","protected":false},"excerpt":{"rendered":"Latvijas Iek\u0161lietu darbinieku arodbiedr\u012bba nesaskata nevienu konkr\u0113tu iek\u0161lietu ministra J\u0101\u0146a Dombravas (NA) izdar\u012btu darbu, ministra darbu v\u0113rt\u0113ja arodbiedr\u012bbas&hellip;\n","protected":false},"author":2,"featured_media":285703,"comment_status":"","ping_status":"","sticky":false,"template":"","format":"standard","meta":{"footnotes":"","_share_on_mastodon":"0"},"categories":[12],"tags":[23,28,29,32,33,22,30,31,35,39,38,36,37,34,40,20,26,27,24,25,21],"class_list":["post-285702","post","type-post","status-publish","format-standard","has-post-thumbnail","category-latvija","tag-aktualitates","tag-breaking-news","tag-breakingnews","tag-featured-news","tag-featurednews","tag-headlines","tag-latest-news","tag-latestnews","tag-latvia","tag-latvian","tag-latviesu","tag-latviesu-valoda","tag-latviesuvaloda","tag-latvija","tag-lv","tag-news","tag-popularakas-zinas","tag-popularakaszinas","tag-top-stories","tag-topstories","tag-zinas"],"share_on_mastodon":{"url":"https:\/\/pubeurope.com\/@lv\/117212625696306553","error":""},"_links":{"self":[{"href":"https:\/\/www.europesays.com\/lv\/wp-json\/wp\/v2\/posts\/285702","targetHints":{"allow":["GET"]}}],"collection":[{"href":"https:\/\/www.europesays.com\/lv\/wp-json\/wp\/v2\/posts"}],"about":[{"href":"https:\/\/www.europesays.com\/lv\/wp-json\/wp\/v2\/types\/post"}],"author":[{"embeddable":true,"href":"https:\/\/www.europesays.com\/lv\/wp-json\/wp\/v2\/users\/2"}],"replies":[{"embeddable":true,"href":"https:\/\/www.europesays.com\/lv\/wp-json\/wp\/v2\/comments?post=285702"}],"version-history":[{"count":0,"href":"https:\/\/www.europesays.com\/lv\/wp-json\/wp\/v2\/posts\/285702\/revisions"}],"wp:featuredmedia":[{"embeddable":true,"href":"https:\/\/www.europesays.com\/lv\/wp-json\/wp\/v2\/media\/285703"}],"wp:attachment":[{"href":"https:\/\/www.europesays.com\/lv\/wp-json\/wp\/v2\/media?parent=285702"}],"wp:term":[{"taxonomy":"category","embeddable":true,"href":"https:\/\/www.europesays.com\/lv\/wp-json\/wp\/v2\/categories?post=285702"},{"taxonomy":"post_tag","embeddable":true,"href":"https:\/\/www.europesays.com\/lv\/wp-json\/wp\/v2\/tags?post=285702"}],"curies":[{"name":"wp","href":"https:\/\/api.w.org\/{rel}","templated":true}]}}