{"id":285704,"date":"2026-09-04T11:51:14","date_gmt":"2026-09-04T11:51:14","guid":{"rendered":"https:\/\/www.europesays.com\/lv\/285704\/"},"modified":"2026-09-04T11:51:14","modified_gmt":"2026-09-04T11:51:14","slug":"pasakumi-atputai-un-izklaidei-jurmala-4-13-septembri","status":"publish","type":"post","link":"https:\/\/www.europesays.com\/lv\/285704\/","title":{"rendered":"Pas\u0101kumi atp\u016btai un izklaidei J\u016brmal\u0101 4\u201313. septembr\u012b"},"content":{"rendered":"<p>Kult\u016bras un atp\u016btas notikumu rudens pied\u0101v\u0101jum\u0101 \u2013 pla\u0161s Dzejas dienu pas\u0101kumu kl\u0101sts, festiv\u0101la \u201cKremerata Baltica\u201d koncerti, m\u0101kslas izst\u0101des, rado\u0161as nodarb\u012bbas un sporta sacens\u012bbas.Septembris \u2013 Dzejas dienu m\u0113nesis<\/p>\n<p class=\"text-align-justify\">Septembr\u012b J\u016brmal\u0101 tiek svin\u0113ts dzejas m\u0113nesis. Centr\u0101lais Dzejas dienu notikums tradicion\u0101li notiks Rai\u0146a dzim\u0161anas dien\u0101, 11.\u00a0septembr\u012b, pie Rai\u0146a pried\u0113m. Dzejai velt\u012btas norises gaid\u0101mas pils\u0113tas bibliot\u0113k\u0101s, kult\u016bras telp\u0101s un br\u012bv\u0101 dab\u0101, kur norisin\u0101sies\u00a0tik\u0161an\u0101s ar dzejniekiem un dzejas las\u012bjumi, br\u012bvais dzejas mikrofons jaunie\u0161iem, pas\u0101kumi \u0123imen\u0113m ar b\u0113rniem, dzejas pastaiga un citi rado\u0161i pas\u0101kumi.\u00a0<a data-external-link=\"TRUE\" href=\"https:\/\/www.jurmala.lv\/lv\/jaunums\/septembris-dzejas-zime-aicinati-uz-dzejas-dienu-norisem\" rel=\"nofollow noopener\" target=\"_blank\">Vair\u0101k par Dzejas dienu noris\u0113m.<\/a><\/p>\n<p class=\"text-align-justify\">J\u016brmalas muzej\u0101\u00a0(Tirgo\u0146u iel\u0101 29)\u00a010.\u00a0septembr\u012b\u00a0plkst.\u00a017.00 vasaras lielizst\u0101d\u0113 \u201cPl\u016bsma\u201d gaid\u0101ma darbn\u012bca pieaugu\u0161ajiem \u201cSimbolu tulko\u0161ana \u201cPl\u016bsmas laboratorij\u0101\u201d\u201d, darbn\u012bcu vad\u012bs izst\u0101des kuratore Inga Bunk\u0161e.\u00a0Pieteik\u0161an\u0101s pa t\u0101lruni 67761916, vai e-pastu\u00a0<a href=\"https:\/\/www.jurmala.lv\/lv\/jaunums\/mailto:muzejpedagogs@jurmala.lv\" rel=\"nofollow noopener\" target=\"_blank\">muzejpedagogs@jurmala.lv<\/a>.<\/p>\n<p class=\"text-align-justify\">Dubultu koncertz\u0101l\u0113 (J\u016brmalas M\u016bzikas vidusskol\u0101 Str\u0113lnieku prospekt\u0101 30) 10.\u00a0septembr\u012b plkst.\u00a018.00 izskan\u0113s J\u016brmalas M\u016bzikas vidusskolas absolventu koncerts. Muzic\u0113s dzied\u0101t\u0101ji Daniils Lugovskis un Laura B\u0113rzi\u0146a, pianistes Jekaterina A\u0146i\u010dkina un Svetlana Lakica, \u0113r\u0123elniece Sandra Baldi\u0146a, vijolniece Ter\u0113ze S\u0101ra Cirveli, \u010dellists Maksimili\u0101ns Ivanovs un trombonists Georgs Paulis Dombrovskis.<\/p>\n<p class=\"text-align-justify\">Dzintaru koncertz\u0101les Mazaj\u0101 z\u0101l\u0113 (Turaidas iel\u0101 1) no 11. l\u012bdz 13.\u00a0septembrim skan\u0113s kameror\u0137estra \u201cKremerata Baltica\u201d festiv\u0101ls \u201cJubilate Vijolissimo\u201d.\u00a011.\u00a0septembr\u012b\u00a0koncerts \u201cGidons Kr\u0113mers un \u201cKremerata Baltica\u201d. Vaskam 80, Ivanovam 120\u201d, 12.\u00a0septembr\u012b kamerm\u016bzikas vakars \u201cGidons Kr\u0113mers, vijoles un tango\u201d un 13.\u00a0septembr\u012b \u2013 gal\u0101 koncerts \u201cGidons Kr\u0113mers un draugi\u201d.\u00a0<a data-external-link=\"TRUE\" href=\"https:\/\/dzintarukoncertzale.lv\/kremerata-baltica-festivals\/\" rel=\"nofollow noopener\" target=\"_blank\">Vair\u0101k inform\u0101cijas par koncertiem<\/a>.<\/p>\n<p class=\"text-align-justify\">M\u0101kslas stacij\u0101 Dubulti\u00a0(Z.\u00a0Meierovica prospekt\u0101 4) 11.\u00a0septembr\u012b plkst.\u00a019.00 gaid\u0101ma izst\u0101des \u201cUkrai\u0146u \u0161erifi. Nepazaud\u0113t m\u0101jas\u201d atkl\u0101\u0161ana.<\/p>\n<p class=\"text-align-justify\">J\u016brmalas Centr\u0101laj\u0101 bibliot\u0113k\u0101\u00a0(Str\u0113lnieku prospekt\u0101 30) 12.\u00a0septembr\u012b plkst.\u00a011.00 notiks Lias Gu\u013cevskas gr\u0101matas \u201cAdrians Kukuvass. Cik m\u0113s viens par otru zin\u0101m\u201d atv\u0113r\u0161anas sv\u0113tki.<\/p>\n<p class=\"text-align-justify\">\u0136emeru \u016bdenstorn\u012b (\u0136emeru k\u016brorta park\u0101) 12.\u00a0septembr\u012b plkst.\u00a012.00 aicin\u0101ti uz J\u016brmalas muzeja p\u0113tnieka M\u0101rti\u0146a Vespera lekciju \u201cValsts \u0136emeru sanatorijai \u2013 90\u201d.\u00a0Vasaras sezon\u0101 \u016bdenstorn\u012b apskat\u0101ma ekspoz\u012bcija par \u0136emeru apkaimes v\u0113sturi un person\u012bb\u0101m un izst\u0101des, apmekl\u0113t\u0101jiem pieejami divi skatu laukumi \u2013 12 un 42 metru augstum\u0101.<\/p>\n<p class=\"text-align-justify\">J\u016brmalas Kult\u016bras centr\u0101\u00a0(Jomas iel\u0101 35) 12.\u00a0septembr\u012b plkst.\u00a013.00 tiks demonstr\u0113ta dokument\u0101l\u0101 filma \u201cUkrai\u0146u \u0161erifi\u201d (Latvija\/Ukraina\/V\u0101cija, 2015). P\u0113c seansa notiks tik\u0161an\u0101s ar filmas veidot\u0101jiem\u00a0Rom\u0101nu Bondar\u010duku un Darju Aver\u010denko.<\/p>\n<p class=\"text-align-justify\">Kult\u016bras t\u016brisma mar\u0161ruts \u201cNo\u0137er Ziedoni\u201d\u00a0aicina doties interakt\u012bv\u0101 ce\u013cojum\u0101 pa dzejnieka Imanta Ziedo\u0146a b\u0113rn\u012bbas un jaun\u012bbas dienu tak\u0101m J\u016brmal\u0101 \u2013 Slok\u0101, Kauguros, \u0136emeros \u2013, Lapme\u017eciem\u0101, Ragaciem\u0101, Engur\u0113 un Tukum\u0101. Mar\u0161ruta kop\u0113jais garums ir 111 kilometri, ap\u013cveida mar\u0161rut\u0101 iek\u013cauti 17 pieturas punkti.\u00a0<a data-external-link=\"TRUE\" href=\"https:\/\/visitjurmala.lv\/lv\/redzi-un-dari\/marsruti-un-ekskursijas\/digitalas-tures\/noker-ziedoni\/\" rel=\"nofollow noopener\" target=\"_blank\">Mar\u0161ruta \u201cNo\u0137er Ziedoni!\u201d karte un inform\u0101cija par mar\u0161rutu<\/a>.<\/p>\n<p>Izst\u0101des kult\u016brtelp\u0101s<\/p>\n<p class=\"text-align-justify\">J\u016brmalas muzej\u0101\u00a0(Tirgo\u0146u iel\u0101 29) l\u012bdz 13.\u00a0septembrim skat\u0101ma laikmet\u012bg\u0101s m\u0101kslas vasaras\u00a0<a data-external-link=\"TRUE\" href=\"https:\/\/www.jurmala.lv\/lv\/jaunums\/jurmalas-muzeja-vasaras-lielizstade-plusma\" rel=\"nofollow noopener\" target=\"_blank\">lielizst\u0101de \u201cPl\u016bsm\u0101\u201d<\/a>. Muzeja apmekl\u0113t\u0101ji aicin\u0101ti apmekl\u0113t ar\u012b\u00a0audiovizu\u0101lo telpu<a data-external-link=\"TRUE\" href=\"https:\/\/www.jurmala.lv\/lv\/jaunums\/atputnieks-cela-uz-jurmalu-vasaras-piedzivojuma-noskanas-izstade\" rel=\"nofollow noopener\" target=\"_blank\">\u201cAtp\u016btnieks ce\u013c\u0101 uz J\u016brmalu\u201d<\/a>.<\/p>\n<p class=\"text-align-justify\">Bulduru Izst\u0101\u017eu nam\u0101\u00a0(Mui\u017eas iel\u0101 6) l\u012bdz 13.\u00a0septembrim notiek\u00a0<a data-external-link=\"TRUE\" href=\"https:\/\/www.jurmala.lv\/lv\/jaunums\/bulduru-izstazu-nama-atklata-jurmalniecei-katrinai-reinovskai-veltita-izstade\" rel=\"nofollow noopener\" target=\"_blank\">izst\u0101de \u201cLatvijas J\u016brmalas pu\u0137\u012btes: Katr\u012bnas Reinovskas dzejas ainava 19. gadsimta nogal\u0113\u201d<\/a>, kas velt\u012bta j\u016brmalniecei Katr\u012bnai Reinovskai (1845\u20131923). Apskat\u0101ma ar\u012b m\u0101ksliniekam Valdim Bu\u0161am velt\u012bta ekspoz\u012bcija \u201c\u2026manas kr\u0101sas ir spilgtas, mazliet trakas\u2026\u201d un v\u0113sturisk\u0101 izst\u0101de \u201cBilderingshof\u2013Bilderli\u0146i\u2013Bulduri\u201d.<\/p>\n<p class=\"text-align-justify\">Aspazijas m\u0101j\u0101\u00a0(Z.\u00a0Meierovica prospekt\u0101\u00a018\/20) skat\u0101ma kult\u016brv\u0113sturiska\u00a0<a data-external-link=\"TRUE\" href=\"https:\/\/www.jurmala.lv\/lv\/jaunums\/izstade-sieviesu-pavadone-rokassomina-aspazijas-maja\" rel=\"nofollow noopener\" target=\"_blank\">izst\u0101de \u201cSievie\u0161u pavadone \u2013 rokassomi\u0146a\u201d<\/a>.<\/p>\n<p class=\"text-align-justify\">M\u0101kslas stacij\u0101 Dubulti\u00a0(Z.\u00a0Meierovica prospekt\u0101 4) no 11.\u00a0septembra b\u016bs atv\u0113rta izst\u0101de \u201cUkrai\u0146u \u0161erifi. Nepazaud\u0113t m\u0101jas\u201d.<\/p>\n<p class=\"text-align-justify\">Dzintaru pludmal\u0113\u00a0(Turaidas ielas gal\u0101) l\u012bdz 6.\u00a0septembrim v\u0113l apskat\u0101ma skulpt\u016bru un instal\u0101ciju <a data-external-link=\"TRUE\" href=\"https:\/\/www.jurmala.lv\/lv\/jaunums\/dzintaru-pludmale-atklata-skulpturu-un-instalaciju-izstade\" rel=\"nofollow noopener\" target=\"_blank\">izst\u0101de \u201cM\u0101kslas liedags. Nosl\u0113pumu o\u0101ze\u201d<\/a>.<\/p>\n<p class=\"text-align-justify\">Skv\u0113r\u0101 pie Dzintaru koncertz\u0101les (Turaidas iel\u0101 1) apl\u016bkojama <a data-external-link=\"TRUE\" href=\"https:\/\/www.jurmala.lv\/lv\/jaunums\/dzintaru-koncertzalei-90-brivdabas-izstade-par-gadsimtu-ilgu-kulturas-stastu\" rel=\"nofollow noopener\" target=\"_blank\">Dzintaru koncertz\u0101les 90.\u00a0jubilejai velt\u012bta br\u012bvdabas izst\u0101de<\/a>.<\/p>\n<p class=\"text-align-justify\">J\u016brmalas Kult\u016bras centr\u0101\u00a0(Jomas iel\u0101 35) l\u012bdz 7.\u00a0septembrim iesp\u0113jams apskat\u012bt Kaspara Miglas\u00a0<a data-external-link=\"TRUE\" href=\"https:\/\/www.jurmala.lv\/lv\/jaunums\/jurmalas-kulturas-centra-fotoizstade-pastaiga-pa-skaisto-jurmalu\" rel=\"nofollow noopener\" target=\"_blank\">fotoizst\u0101di \u201cPastaiga pa skaisto J\u016brmalu\u201d<\/a>.<\/p>\n<p class=\"text-align-justify\">Kauguru Kult\u016bras nam\u0101\u00a0(Rai\u0146a iel\u0101 110) ir atv\u0113rta Latvijas Nacion\u0101l\u0101 arh\u012bva izst\u0101de \u201cP\u0113tera P\u0113tersona sap\u0146i un laiks\u201d.<\/p>\n<p class=\"text-align-justify\">Rai\u0146a un Aspazijas vasarn\u012bc\u0101 (Pliek\u0161\u0101na iel\u0101 5\/7) \u2013 Marettas Stapr\u0101nes-B\u0101rlovas izst\u0101de \u201cLaima. Raimonds: \u0122imenes laimes portreti\u201d.<\/p>\n<p class=\"text-align-justify\">J\u016brmalas Centr\u0101laj\u0101 bibliot\u0113k\u0101\u00a0(Str\u0113lnieku prospekt\u0101 30) skat\u0101ma Jevgenija Pugina fotogr\u0101fiju izst\u0101de \u201cMana j\u016bra\u201d un gr\u0101matu m\u0101kslas konkursa \u201cZelta \u0101bele 2025\u201d ce\u013cojo\u0161\u0101 izst\u0101de.<\/p>\n<p class=\"text-align-justify\">Kauguru bibliot\u0113k\u0101\u00a0(Engures iel\u0101 4A) \u2013 Ilzes Paparinskas akvare\u013cu izst\u0101de \u201cIslandes piez\u012bmes\u201d.<\/p>\n<p class=\"text-align-justify\">Alberta Kronenberga Slokas bibliot\u0113k\u0101\u00a0(Rai\u0146a iel\u0101 3) l\u012bdz 12. septembrim skat\u0101ma Ivana Korola gleznu izst\u0101de \u201cGen\u0113ze\u201d, k\u0101 ar\u012b \u0123imenes ar b\u0113rniem bibliot\u0113k\u0101 var apmekl\u0113t darbn\u012bcu \u201cZ\u012bm\u0113 un r\u012bm\u0113\u201d.<\/p>\n<p>Sporta sacens\u012bbas<\/p>\n<p class=\"text-align-justify\">Inform\u0101ciju par sporta sacens\u012bb\u0101m J\u016brmal\u0101 aicin\u0101m skat\u012bt\u00a0<a data-external-link=\"TRUE\" href=\"https:\/\/www.jurmala.lv\/lv\/notikumu-kalendars\" rel=\"nofollow noopener\" target=\"_blank\">Notikumu kalend\u0101rs<\/a><\/p>\n<p class=\"text-align-justify\">Dal\u012bba pas\u0101kumos ir bez maksas, iz\u0146emot gad\u012bjumus, ja ir nor\u0101d\u012bts cit\u0101di.<\/p>\n<p class=\"text-align-justify\">Pas\u0101kumu laik\u0101 tiks fotograf\u0113ts un film\u0113ts. Materi\u0101li var tikt izmantoti publicit\u0101tei, sabiedr\u012bbas inform\u0113\u0161anai.<\/p>\n<p class=\"text-align-justify\">Visus notikumus un iest\u0101\u017eu darba laikus, l\u016bdzu, skat\u012bt\u00a0<a data-external-link=\"TRUE\" href=\"https:\/\/www.jurmala.lv\/lv\/notikumu-kalendars\" rel=\"nofollow noopener\" target=\"_blank\">Notikumu kalend\u0101rs<\/a><\/p>\n","protected":false},"excerpt":{"rendered":"Kult\u016bras un atp\u016btas notikumu rudens pied\u0101v\u0101jum\u0101 \u2013 pla\u0161s Dzejas dienu pas\u0101kumu kl\u0101sts, festiv\u0101la \u201cKremerata Baltica\u201d koncerti, m\u0101kslas izst\u0101des,&hellip;\n","protected":false},"author":2,"featured_media":285705,"comment_status":"","ping_status":"","sticky":false,"template":"","format":"standard","meta":{"footnotes":"","_share_on_mastodon":"0"},"categories":[5],"tags":[23,28,29,32,33,22,30,31,35,39,38,36,37,34,40,20,26,27,24,25,21],"class_list":["post-285704","post","type-post","status-publish","format-standard","has-post-thumbnail","category-aktualitates","tag-aktualitates","tag-breaking-news","tag-breakingnews","tag-featured-news","tag-featurednews","tag-headlines","tag-latest-news","tag-latestnews","tag-latvia","tag-latvian","tag-latviesu","tag-latviesu-valoda","tag-latviesuvaloda","tag-latvija","tag-lv","tag-news","tag-popularakas-zinas","tag-popularakaszinas","tag-top-stories","tag-topstories","tag-zinas"],"share_on_mastodon":{"url":"https:\/\/pubeurope.com\/@lv\/117212629401965758","error":""},"_links":{"self":[{"href":"https:\/\/www.europesays.com\/lv\/wp-json\/wp\/v2\/posts\/285704","targetHints":{"allow":["GET"]}}],"collection":[{"href":"https:\/\/www.europesays.com\/lv\/wp-json\/wp\/v2\/posts"}],"about":[{"href":"https:\/\/www.europesays.com\/lv\/wp-json\/wp\/v2\/types\/post"}],"author":[{"embeddable":true,"href":"https:\/\/www.europesays.com\/lv\/wp-json\/wp\/v2\/users\/2"}],"replies":[{"embeddable":true,"href":"https:\/\/www.europesays.com\/lv\/wp-json\/wp\/v2\/comments?post=285704"}],"version-history":[{"count":0,"href":"https:\/\/www.europesays.com\/lv\/wp-json\/wp\/v2\/posts\/285704\/revisions"}],"wp:featuredmedia":[{"embeddable":true,"href":"https:\/\/www.europesays.com\/lv\/wp-json\/wp\/v2\/media\/285705"}],"wp:attachment":[{"href":"https:\/\/www.europesays.com\/lv\/wp-json\/wp\/v2\/media?parent=285704"}],"wp:term":[{"taxonomy":"category","embeddable":true,"href":"https:\/\/www.europesays.com\/lv\/wp-json\/wp\/v2\/categories?post=285704"},{"taxonomy":"post_tag","embeddable":true,"href":"https:\/\/www.europesays.com\/lv\/wp-json\/wp\/v2\/tags?post=285704"}],"curies":[{"name":"wp","href":"https:\/\/api.w.org\/{rel}","templated":true}]}}