{"id":285706,"date":"2026-09-04T11:52:15","date_gmt":"2026-09-04T11:52:15","guid":{"rendered":"https:\/\/www.europesays.com\/lv\/285706\/"},"modified":"2026-09-04T11:52:15","modified_gmt":"2026-09-04T11:52:15","slug":"ne-tikai-onkologijas-pacientiem-kam-pienakas-valsts-apmaksats-mediciniskais-papilduzturs-santa","status":"publish","type":"post","link":"https:\/\/www.europesays.com\/lv\/285706\/","title":{"rendered":"Ne tikai onkolo\u0123ijas pacientiem: kam pien\u0101kas valsts apmaks\u0101ts medic\u012bniskais papilduzturs? \u2014 Santa"},"content":{"rendered":"<p>Medic\u012bniskais papilduzturs ir speci\u0101la p\u0101rtika, ko lieto kop\u0101 ar parasto uzturu vai papildus \u0101rsta vai uztura speci\u0101lista uzraudz\u012bb\u0101. Valsts to apmaks\u0101 jau kop\u0161 2023. gada 1. apr\u012b\u013ca, un, kaut gan par \u0161o iesp\u0113ju esam inform\u0113ju\u0161i gan \u0101rstus, gan pacientus, ta\u010du joproj\u0101m nereti gad\u0101s, ka pie mums atn\u0101k pacienti, kas to nav zin\u0101ju\u0161i un vair\u0101kus gadus speci\u0101lo p\u0101rtiku pirku\u0161i par savu naudu. Taj\u0101 pa\u0161\u0101 laik\u0101 diem\u017e\u0113l sav\u0101 praks\u0113 ar\u012b p\u0101rliecin\u0101mies, ka daudzi Latvijas iedz\u012bvot\u0101ji cie\u0161 no uzturvielu nepietiekam\u012bbas jeb malnutr\u012bcijas, kas b\u016btiski ietekm\u0113 vi\u0146u vesel\u012bbu, pa\u0161saj\u016btu un dz\u012bves kvalit\u0101ti.<\/p>\n<p>K\u0101p\u0113c pietr\u016bkst uzturvielu?<\/p>\n","protected":false},"excerpt":{"rendered":"Medic\u012bniskais papilduzturs ir speci\u0101la p\u0101rtika, ko lieto kop\u0101 ar parasto uzturu vai papildus \u0101rsta vai uztura speci\u0101lista uzraudz\u012bb\u0101.&hellip;\n","protected":false},"author":2,"featured_media":285707,"comment_status":"","ping_status":"","sticky":false,"template":"","format":"standard","meta":{"footnotes":"","_share_on_mastodon":"0"},"categories":[19],"tags":[89,90,35,39,38,36,37,34,40],"class_list":["post-285706","post","type-post","status-publish","format-standard","has-post-thumbnail","category-izklaide","tag-entertainment","tag-izklaide","tag-latvia","tag-latvian","tag-latviesu","tag-latviesu-valoda","tag-latviesuvaloda","tag-latvija","tag-lv"],"share_on_mastodon":{"url":"https:\/\/pubeurope.com\/@lv\/117212633204739059","error":""},"_links":{"self":[{"href":"https:\/\/www.europesays.com\/lv\/wp-json\/wp\/v2\/posts\/285706","targetHints":{"allow":["GET"]}}],"collection":[{"href":"https:\/\/www.europesays.com\/lv\/wp-json\/wp\/v2\/posts"}],"about":[{"href":"https:\/\/www.europesays.com\/lv\/wp-json\/wp\/v2\/types\/post"}],"author":[{"embeddable":true,"href":"https:\/\/www.europesays.com\/lv\/wp-json\/wp\/v2\/users\/2"}],"replies":[{"embeddable":true,"href":"https:\/\/www.europesays.com\/lv\/wp-json\/wp\/v2\/comments?post=285706"}],"version-history":[{"count":0,"href":"https:\/\/www.europesays.com\/lv\/wp-json\/wp\/v2\/posts\/285706\/revisions"}],"wp:featuredmedia":[{"embeddable":true,"href":"https:\/\/www.europesays.com\/lv\/wp-json\/wp\/v2\/media\/285707"}],"wp:attachment":[{"href":"https:\/\/www.europesays.com\/lv\/wp-json\/wp\/v2\/media?parent=285706"}],"wp:term":[{"taxonomy":"category","embeddable":true,"href":"https:\/\/www.europesays.com\/lv\/wp-json\/wp\/v2\/categories?post=285706"},{"taxonomy":"post_tag","embeddable":true,"href":"https:\/\/www.europesays.com\/lv\/wp-json\/wp\/v2\/tags?post=285706"}],"curies":[{"name":"wp","href":"https:\/\/api.w.org\/{rel}","templated":true}]}}