{"id":285708,"date":"2026-09-04T11:55:06","date_gmt":"2026-09-04T11:55:06","guid":{"rendered":"https:\/\/www.europesays.com\/lv\/285708\/"},"modified":"2026-09-04T11:55:06","modified_gmt":"2026-09-04T11:55:06","slug":"lietuva-gandriz-divas-nedelas-pec-vetras-elektribas-padeve-nav-atjaunota-vairakiem-tukstosiem-klientu-raksts","status":"publish","type":"post","link":"https:\/\/www.europesays.com\/lv\/285708\/","title":{"rendered":"Lietuv\u0101 gandr\u012bz divas ned\u0113\u013cas p\u0113c v\u0113tras elektr\u012bbas padeve nav atjaunota vair\u0101kiem t\u016bksto\u0161iem klientu \/ Raksts"},"content":{"rendered":"<p>Piektdien \u2013 gandr\u012bz divas ned\u0113\u013cas p\u0113c 22. august\u0101 piedz\u012bvot\u0101s posto\u0161\u0101s v\u0113tras \u2013 Lietuv\u0101 elektr\u012bba joproj\u0101m nav atjaunota aptuveni 2500 klientu.\u00a0Uz\u0146\u0113mums &#8220;Ener\u0123ijas sadales operators&#8221; iepriek\u0161 bija sol\u012bjis, ka elektr\u012bbas padevi piln\u012bb\u0101 atjaunos l\u012bdz pag\u0101ju\u0161ajai sestdienai, bet p\u0113c tam termi\u0146u p\u0101rc\u0113la uz \u0161is ned\u0113\u013cas ceturtdienu.\u00a0<\/p>\n<p>Lietuvas ener\u0123\u0113tikas ministrs Luks Savicks ceturtdien p\u0113c tik\u0161an\u0101s ar valsts prezidentu sac\u012bja, ka elektroapg\u0101des atjauno\u0161anas temps neapmierina nevienu, tom\u0113r vi\u0146\u0161 cer, ka stihija\u00a0b\u016bs devusi ar\u012b svar\u012bgas m\u0101c\u012bbas.\u00a0<\/p>\n<p>&#8220;Elektr\u012bbas padeve ir atjaunota 98 % lietot\u0101ju. Par to noteikti j\u0101pasak\u0101s darbiniekiem, kuri, ne\u017e\u0113lojot savu laiku un zin\u0101\u0161anas, ir dar\u012bju\u0161i visu, lai \u0161ie v\u0113rien\u012bgie darbi tiktu paveikti. Ta\u010du, k\u0101 m\u0113s konsekventi uzsveram, tuvojoties p\u0113d\u0113jiem elektroapg\u0101des atjauno\u0161anas darbiem un tos pabeidzot, ir svar\u012bgi izv\u0113rt\u0113t, k\u0101das m\u0101c\u012bbas no notiku\u0161\u0101 jau esam guvu\u0161i, k\u0101di darbi bija j\u0101izdara iepriek\u0161, un ar\u012b skat\u012bties uz priek\u0161u \u2014 k\u0101 sist\u0113miski sagatavoties \u0161\u0101da veida v\u0113tr\u0101m,&#8221; sac\u012bja Savicks.\u00a0<\/p>\n<p>                    Valodas k\u013c\u016bda rakst\u0101?<\/p>\n<p class=\"d-none d-md-block\">Iez\u012bm\u0113jiet tekstu un spiediet Ctrl+Enter, lai nos\u016bt\u012btu labojamo teksta fragmentu redaktoram! Par faktu k\u013c\u016bd\u0101m l\u016bdzam zi\u0146ot e-past\u0101 redakcija@lsm.lv.<\/p>\n<p class=\"d-md-none\">Iez\u012bm\u0113jiet tekstu un spiediet uz Zi\u0146ot par k\u013c\u016bdu pogas, lai nos\u016bt\u012btu labojamo teksta fragmentu redaktoram!<\/p>\n<p>\n                    Zi\u0146ot par k\u013c\u016bdu\n                <\/p>\n","protected":false},"excerpt":{"rendered":"Piektdien \u2013 gandr\u012bz divas ned\u0113\u013cas p\u0113c 22. august\u0101 piedz\u012bvot\u0101s posto\u0161\u0101s v\u0113tras \u2013 Lietuv\u0101 elektr\u012bba joproj\u0101m nav atjaunota aptuveni&hellip;\n","protected":false},"author":2,"featured_media":285709,"comment_status":"","ping_status":"","sticky":false,"template":"","format":"standard","meta":{"footnotes":"","_share_on_mastodon":"0"},"categories":[14],"tags":[23,57,28,29,32,33,22,30,31,35,39,38,36,37,34,40,20,26,27,24,25,54,55,56,21,58],"class_list":["post-285708","post","type-post","status-publish","format-standard","has-post-thumbnail","category-zinas-no-arvalstim","tag-aktualitates","tag-arvalstim","tag-breaking-news","tag-breakingnews","tag-featured-news","tag-featurednews","tag-headlines","tag-latest-news","tag-latestnews","tag-latvia","tag-latvian","tag-latviesu","tag-latviesu-valoda","tag-latviesuvaloda","tag-latvija","tag-lv","tag-news","tag-popularakas-zinas","tag-popularakaszinas","tag-top-stories","tag-topstories","tag-world","tag-world-news","tag-worldnews","tag-zinas","tag-zinas-no-arvalstim"],"share_on_mastodon":{"url":"https:\/\/pubeurope.com\/@lv\/117212644788003453","error":""},"_links":{"self":[{"href":"https:\/\/www.europesays.com\/lv\/wp-json\/wp\/v2\/posts\/285708","targetHints":{"allow":["GET"]}}],"collection":[{"href":"https:\/\/www.europesays.com\/lv\/wp-json\/wp\/v2\/posts"}],"about":[{"href":"https:\/\/www.europesays.com\/lv\/wp-json\/wp\/v2\/types\/post"}],"author":[{"embeddable":true,"href":"https:\/\/www.europesays.com\/lv\/wp-json\/wp\/v2\/users\/2"}],"replies":[{"embeddable":true,"href":"https:\/\/www.europesays.com\/lv\/wp-json\/wp\/v2\/comments?post=285708"}],"version-history":[{"count":0,"href":"https:\/\/www.europesays.com\/lv\/wp-json\/wp\/v2\/posts\/285708\/revisions"}],"wp:featuredmedia":[{"embeddable":true,"href":"https:\/\/www.europesays.com\/lv\/wp-json\/wp\/v2\/media\/285709"}],"wp:attachment":[{"href":"https:\/\/www.europesays.com\/lv\/wp-json\/wp\/v2\/media?parent=285708"}],"wp:term":[{"taxonomy":"category","embeddable":true,"href":"https:\/\/www.europesays.com\/lv\/wp-json\/wp\/v2\/categories?post=285708"},{"taxonomy":"post_tag","embeddable":true,"href":"https:\/\/www.europesays.com\/lv\/wp-json\/wp\/v2\/tags?post=285708"}],"curies":[{"name":"wp","href":"https:\/\/api.w.org\/{rel}","templated":true}]}}