{"id":285710,"date":"2026-09-04T11:57:12","date_gmt":"2026-09-04T11:57:12","guid":{"rendered":"https:\/\/www.europesays.com\/lv\/285710\/"},"modified":"2026-09-04T11:57:12","modified_gmt":"2026-09-04T11:57:12","slug":"progresivie-prasa-indriksones-demisiju-saistiba-ar-virzitajam-reformam-skolenu-vertesana","status":"publish","type":"post","link":"https:\/\/www.europesays.com\/lv\/285710\/","title":{"rendered":"\u00abProgres\u012bvie\u00bb prasa Indriksones demisiju saist\u012bb\u0101 ar virz\u012btaj\u0101m reform\u0101m skol\u0113nu v\u0113rt\u0113\u0161an\u0101"},"content":{"rendered":"<p>\u00abProgres\u012bvie\u00bb uzskata, ka Indriksonei j\u0101uz\u0146emas atbild\u012bba \u00abpar nozar\u0113 rad\u012bto haosu, kuru vi\u0146a aizs\u0101ka ar 4. augusta p\u0113k\u0161\u0146o pazi\u0146ojumu medijos par pla\u0161\u0101m nesaska\u0146ot\u0101m reform\u0101m pirms m\u0101c\u012bbu gada s\u0101kuma\u00bb, un prasa ministres demisiju.<\/p>\n<p>K\u0101 v\u0113st\u012bts, groz\u012bjumi, kurus IZM nodeva saska\u0146o\u0161anai augusta s\u0101kum\u0101, paredz izmai\u0146as gan v\u0113rt\u0113juma uzlabo\u0161anas k\u0101rt\u012bb\u0101, gan centraliz\u0113to eks\u0101menu v\u0113rt\u0113\u0161anas k\u0101rt\u012bb\u0101. Groz\u012bjumu projekti sagatavoti steidzam\u012bbas k\u0101rt\u0101, lai noteiktaj\u0101 termi\u0146\u0101 \u012bstenotu vald\u012bbas ap\u0146em\u0161anos sak\u0101rtot m\u0101c\u012bbu sasniegumu v\u0113rt\u0113\u0161anas k\u0101rt\u012bbu.<\/p>\n<p>Pied\u0101v\u0101jums izpeln\u012bj\u0101s gan koal\u012bcijas partneru, gan nozares organiz\u0101ciju kritiku, aicinot reformu vispirms izdiskut\u0113t.<\/p>\n","protected":false},"excerpt":{"rendered":"\u00abProgres\u012bvie\u00bb uzskata, ka Indriksonei j\u0101uz\u0146emas atbild\u012bba \u00abpar nozar\u0113 rad\u012bto haosu, kuru vi\u0146a aizs\u0101ka ar 4. augusta p\u0113k\u0161\u0146o pazi\u0146ojumu&hellip;\n","protected":false},"author":2,"featured_media":285711,"comment_status":"","ping_status":"","sticky":false,"template":"","format":"standard","meta":{"footnotes":"","_share_on_mastodon":"0"},"categories":[5],"tags":[23,28,29,32,33,22,30,31,35,39,38,36,37,34,40,20,26,27,24,25,21],"class_list":["post-285710","post","type-post","status-publish","format-standard","has-post-thumbnail","category-aktualitates","tag-aktualitates","tag-breaking-news","tag-breakingnews","tag-featured-news","tag-featurednews","tag-headlines","tag-latest-news","tag-latestnews","tag-latvia","tag-latvian","tag-latviesu","tag-latviesu-valoda","tag-latviesuvaloda","tag-latvija","tag-lv","tag-news","tag-popularakas-zinas","tag-popularakaszinas","tag-top-stories","tag-topstories","tag-zinas"],"share_on_mastodon":{"url":"https:\/\/pubeurope.com\/@lv\/117212652970570400","error":""},"_links":{"self":[{"href":"https:\/\/www.europesays.com\/lv\/wp-json\/wp\/v2\/posts\/285710","targetHints":{"allow":["GET"]}}],"collection":[{"href":"https:\/\/www.europesays.com\/lv\/wp-json\/wp\/v2\/posts"}],"about":[{"href":"https:\/\/www.europesays.com\/lv\/wp-json\/wp\/v2\/types\/post"}],"author":[{"embeddable":true,"href":"https:\/\/www.europesays.com\/lv\/wp-json\/wp\/v2\/users\/2"}],"replies":[{"embeddable":true,"href":"https:\/\/www.europesays.com\/lv\/wp-json\/wp\/v2\/comments?post=285710"}],"version-history":[{"count":0,"href":"https:\/\/www.europesays.com\/lv\/wp-json\/wp\/v2\/posts\/285710\/revisions"}],"wp:featuredmedia":[{"embeddable":true,"href":"https:\/\/www.europesays.com\/lv\/wp-json\/wp\/v2\/media\/285711"}],"wp:attachment":[{"href":"https:\/\/www.europesays.com\/lv\/wp-json\/wp\/v2\/media?parent=285710"}],"wp:term":[{"taxonomy":"category","embeddable":true,"href":"https:\/\/www.europesays.com\/lv\/wp-json\/wp\/v2\/categories?post=285710"},{"taxonomy":"post_tag","embeddable":true,"href":"https:\/\/www.europesays.com\/lv\/wp-json\/wp\/v2\/tags?post=285710"}],"curies":[{"name":"wp","href":"https:\/\/api.w.org\/{rel}","templated":true}]}}