{"id":285714,"date":"2026-09-04T12:00:10","date_gmt":"2026-09-04T12:00:10","guid":{"rendered":"https:\/\/www.europesays.com\/lv\/285714\/"},"modified":"2026-09-04T12:00:10","modified_gmt":"2026-09-04T12:00:10","slug":"volkswagen-likvides-100-000-darbavietu-3","status":"publish","type":"post","link":"https:\/\/www.europesays.com\/lv\/285714\/","title":{"rendered":"&#8220;Volkswagen&#8221; likvid\u0113s 100 000 darbavietu"},"content":{"rendered":"<p class=\"lead\">\n                                    V\u0101cijas autob\u016bves koncerns &#8220;Volkswagen&#8221; ceturtdien pazi\u0146oja, ka vad\u012bba un arodbiedr\u012bbas vienoju\u0161\u0101s l\u012bdz 2030. gada beig\u0101m likvid\u0113t kopum\u0101 100 000 darbavietu, uz\u0146\u0113mumam \u012bstenojot visu laiku liel\u0101ko restrukturiz\u0101ciju glob\u0101laj\u0101 autora\u017eo\u0161anas nozar\u0113.\n                                <\/p>\n<p style=\"margin-left:0px;\">&#8220;Volkswagen&#8221; nor\u0101da, ka ir apstiprin\u0101ts pl\u0101ns, kas paredz likvid\u0113t v\u0113l aptuveni 50 000 darbavietu papildus 50 000 darbavietu, ko uz\u0146\u0113ms jau s\u0101cis likvid\u0113t V\u0101cij\u0101.<\/p>\n<p style=\"margin-left:0px;\">&#8220;Ir svar\u012bgi sistem\u0101tiski saska\u0146ot darbasp\u0113ka l\u012bmeni ar ekonomisko realit\u0101ti,&#8221; skaidro autora\u017eot\u0101js.<\/p>\n<p style=\"margin-left:0px;\">Kopum\u0101 100 000 darbavietu likvid\u0113\u0161ana b\u016bs liel\u0101k\u0101 restrukturiz\u0101cija, k\u0101da jebkad \u012bstenota glob\u0101laj\u0101 autora\u017eo\u0161anas nozar\u0113, un t\u0101 skars aptuveni 15% &#8220;Volkswagen&#8221; darbinieku.<\/p>\n<p style=\"margin-left:0px;\">\u0160\u012b restrukturiz\u0101cija p\u0101rsp\u0113j 50 000 darbavietu likvid\u0113\u0161anu, ko p\u0113c maks\u0101tnesp\u0113jas pieteik\u0161anas 2009. gad\u0101 veica ASV autob\u016bves uz\u0146\u0113mums &#8220;General Motors&#8221;.<\/p>\n<p style=\"margin-left:0px;\">Vienlaikus &#8220;Volkswagen&#8221; pav\u0113st\u012bja, ka gan vad\u012bba, gan arodbiedr\u012bbas vienoju\u0161\u0101s, ka nav iesp\u0113jams nodro\u0161in\u0101t \u010detru V\u0101cijas r\u016bpn\u012bcu ilgtermi\u0146a n\u0101kotni, ta\u010du tiek apsv\u0113rtas iesp\u0113jas alternat\u012bvam \u0161o ra\u017eot\u0146u pielietojumam. Paredz\u0113ts sl\u0113gt r\u016bpn\u012bcas Hannover\u0113, Emden\u0113, Cvikav\u0101 un Nekarsulm\u0101.<\/p>\n<p style=\"margin-left:0px;\">T\u0101d\u0113j\u0101di \u0161\u012b b\u016bs pirm\u0101 reize, kad &#8220;Volkswagen&#8221; sl\u0113gs pilna apjoma r\u016bpn\u012bcu V\u0101cij\u0101.<\/p>\n<p style=\"margin-left:0px;\">&#8220;Volkswagen&#8221; darb\u012bbu negat\u012bvi ietekm\u0113 s\u012bv\u0101 \u0136\u012bnas autora\u017eot\u0101ju konkurence, ASV ieviestie muitas tarifi un v\u0101jais piepras\u012bjums p\u0113c elektriskajiem automobi\u013ciem.<\/p>\n<p> Aptauja <\/p>\n<p> K\u0101ds b\u016bs liel\u0101kais p\u0101rbaud\u012bjums ar m\u0101ksl\u012bg\u0101 intelekta ien\u0101k\u0161anu? <\/p>\n<p class=\"paragraph-muted\">Izv\u0113lies savu soct\u012bklu platformu, lai sekotu LASI.LV: <a href=\"https:\/\/www.facebook.com\/portals.lasi.lv\" target=\"_blank\" rel=\"noopener noreferrer nofollow\">Facebook<\/a>, <a href=\"https:\/\/twitter.com\/lasilvportals\" target=\"_blank\" rel=\"noopener noreferrer nofollow\">X<\/a>, <a href=\"https:\/\/bsky.app\/profile\/lasilv.bsky.social\" target=\"_blank\" rel=\"noopener noreferrer nofollow\">Bluesky<\/a>, <a href=\"https:\/\/www.draugiem.lv\/lasilv\/?pg=4\" target=\"_blank\" rel=\"noopener noreferrer nofollow\">Draugiem<\/a>, <a href=\"https:\/\/www.threads.com\/@lasilv_zinas\" rel=\"nofollow noopener\" target=\"_blank\">Threads<\/a> vai ar\u012b <a href=\"https:\/\/www.instagram.com\/lasilv_zinas\/\" target=\"_blank\" rel=\"noopener noreferrer nofollow\">Instagram<\/a>. Pievienojies m\u016bsu las\u012bt\u0101ju pulkam, lai sa\u0146emtu \u012bpa\u0161i tev atlas\u012btu noder\u012bgu, praktisku un aktu\u0101lu saturu.\u00a0<\/p>\n<p style=\"margin-left:auto;\">Pieraksties LASI.LV redaktora v\u0113stkopai <a href=\"https:\/\/lasi.lv\/vestkopa\/lasi-lv-galvena-redaktora-vestkopa\" rel=\"nofollow noopener\" target=\"_blank\">\u0161eit<\/a>.<\/p>\n<p>Pieraksties v\u0113stkopai un divas reizes ned\u0113\u013c\u0101 sa\u0146em padzi\u013cin\u0101tu LASI.LV galven\u0101 redaktora aktu\u0101lo zi\u0146u, kompetentu viedok\u013cu un interesant\u0101ko interviju apkopojumu.<\/p>\n<p>Ko tu sa\u0146emsi:<\/p>\n<ul>\n<li>Daudzveid\u012bgus koment\u0101rus un kompetentus Latvijas Mediju \u017eurn\u0101listu un autoru viedok\u013cus par aktu\u0101lo<\/li>\n<li>Ekspertu koment\u0101rus par da\u017e\u0101diem praktiskiem, noder\u012bgiem tematiem<\/li>\n<li>Aizraujo\u0161us materi\u0101lus par v\u0113sturi, psiholo\u0123iju, kult\u016bru<\/li>\n<li>Gata \u0160\u013c\u016bkas karikat\u016bru<\/li>\n<li>Tav\u0101 e-pasta kast\u012bt\u0113 katru ceturtdienu<\/li>\n<\/ul>\n<p style=\"margin-left:auto;\">\u00a0<\/p>\n<p><script async src=\"https:\/\/platform.twitter.com\/widgets.js\" charset=\"utf-8\"><\/script><script async src=\"\/\/www.instagram.com\/embed.js\"><\/script><\/p>\n","protected":false},"excerpt":{"rendered":"V\u0101cijas autob\u016bves koncerns &#8220;Volkswagen&#8221; ceturtdien pazi\u0146oja, ka vad\u012bba un arodbiedr\u012bbas vienoju\u0161\u0101s l\u012bdz 2030. gada beig\u0101m likvid\u0113t kopum\u0101 100&hellip;\n","protected":false},"author":2,"featured_media":285715,"comment_status":"","ping_status":"","sticky":false,"template":"","format":"standard","meta":{"footnotes":"","_share_on_mastodon":"0"},"categories":[16],"tags":[77,76,35,39,38,36,37,34,40],"class_list":["post-285714","post","type-post","status-publish","format-standard","has-post-thumbnail","category-bizness","tag-bizness","tag-business","tag-latvia","tag-latvian","tag-latviesu","tag-latviesu-valoda","tag-latviesuvaloda","tag-latvija","tag-lv"],"share_on_mastodon":{"url":"https:\/\/pubeurope.com\/@lv\/117212664690545032","error":""},"_links":{"self":[{"href":"https:\/\/www.europesays.com\/lv\/wp-json\/wp\/v2\/posts\/285714","targetHints":{"allow":["GET"]}}],"collection":[{"href":"https:\/\/www.europesays.com\/lv\/wp-json\/wp\/v2\/posts"}],"about":[{"href":"https:\/\/www.europesays.com\/lv\/wp-json\/wp\/v2\/types\/post"}],"author":[{"embeddable":true,"href":"https:\/\/www.europesays.com\/lv\/wp-json\/wp\/v2\/users\/2"}],"replies":[{"embeddable":true,"href":"https:\/\/www.europesays.com\/lv\/wp-json\/wp\/v2\/comments?post=285714"}],"version-history":[{"count":0,"href":"https:\/\/www.europesays.com\/lv\/wp-json\/wp\/v2\/posts\/285714\/revisions"}],"wp:featuredmedia":[{"embeddable":true,"href":"https:\/\/www.europesays.com\/lv\/wp-json\/wp\/v2\/media\/285715"}],"wp:attachment":[{"href":"https:\/\/www.europesays.com\/lv\/wp-json\/wp\/v2\/media?parent=285714"}],"wp:term":[{"taxonomy":"category","embeddable":true,"href":"https:\/\/www.europesays.com\/lv\/wp-json\/wp\/v2\/categories?post=285714"},{"taxonomy":"post_tag","embeddable":true,"href":"https:\/\/www.europesays.com\/lv\/wp-json\/wp\/v2\/tags?post=285714"}],"curies":[{"name":"wp","href":"https:\/\/api.w.org\/{rel}","templated":true}]}}