{"id":285716,"date":"2026-09-04T12:03:07","date_gmt":"2026-09-04T12:03:07","guid":{"rendered":"https:\/\/www.europesays.com\/lv\/285716\/"},"modified":"2026-09-04T12:03:07","modified_gmt":"2026-09-04T12:03:07","slug":"latvijas-rollerslepotaji-madona-komandu-sprinta-siva-cina-klust-par-pasaules-cempioniem-raksts","status":"publish","type":"post","link":"https:\/\/www.europesays.com\/lv\/285716\/","title":{"rendered":"Latvijas rollersl\u0113pot\u0101ji Madon\u0101 komandu sprint\u0101 s\u012bv\u0101 c\u012b\u0146\u0101 k\u013c\u016bst par pasaules \u010dempioniem \/ Raksts"},"content":{"rendered":"<p>Madon\u0101 turpin\u0101s pasaules \u010dempion\u0101ts rollersl\u0113po\u0161an\u0101, kur\u0101 piektdien bija komandu sprinta diena. Gan d\u0101mas, gan kungi sacent\u0101s 10,2 kilometru distanc\u0113. Latvijas sievie\u0161u izlase\u00a0palika \u0101rpus meda\u013cu pretendentu loka, bet kungi \u2013 Raimo V\u012bgants un Lauris Kaparkal\u0113js \u2013\u00a0par\u0101d\u012bja augstv\u0113rt\u012bgu rezult\u0101tu un, fini\u0161a spurt\u0101 apsteidzot Poliju, izc\u012bn\u012bja uzvaru.<\/p>\n<p>Jau no pirmajiem kilometriem bija skaidrs, ka c\u012b\u0146a par meda\u013c\u0101m\u00a0un \u010dempionu titulu\u00a0v\u012brie\u0161u konkurenc\u0113 b\u016bs s\u012bva, jo v\u0113l pie 6,1km kontrolatz\u012bmes devi\u0146as no desmit komand\u0101m bija nepilnu piecu sekun\u017eu ietvar\u0101. Latvie\u0161i taj\u0101 br\u012bd\u012b bija otrie, bet jau pie n\u0101kam\u0101 punkta 700m t\u0101l\u0101k atkrita uz ceturto poz\u012bciju.<\/p>\n<p>P\u0113d\u0113j\u0101 kontrolpunkt\u0101 pirms fini\u0161a joproj\u0101m asto\u0146as izlases sav\u0101 starp\u0101 skaidroja vietu sadal\u012bjumu, bet beig\u0101s<\/p>\n<blockquote>\n<p>p\u0101r\u0101ka izr\u0101d\u012bj\u0101s Latvijas izlase ar laiku 20 min\u016btes un 12,7\u00a0sekundes. Par 0,45 sekund\u0113m tika apsteigti zviedri, bet v\u0113l nepilnu sekundi v\u0113l\u0101k fini\u0161\u0113ja Polijas p\u0101rst\u0101vji, izc\u012bnot bronzas meda\u013cas.<\/p>\n<\/blockquote>\n<p>D\u0101m\u0101m par \u010dempion\u0113m k\u013cuva Norv\u0113\u0123ija, fini\u0161\u0101 uzr\u0101dot 22 min\u016btes un 25,98 sekundes. Vi\u0146\u0101m sekoja igaunietes, kas piek\u0101p\u0101s 4,48 sekundes, bet goda pjedest\u0101la zem\u0101ko pak\u0101pnieku ie\u0146\u0113ma It\u0101lijas rollersl\u0113pot\u0101jas, kas uzvar\u0113t\u0101j\u0101m zaud\u0113ja 5,13 sekundes.\u00a0Latvietes ar Lindu Kaparkal\u0113ju un Adrianu \u0160uminsku sast\u0101v\u0101 fini\u0161\u0113ja sept\u012bt\u0101s no desmit komand\u0101m un uzvar\u0113t\u0101j\u0101m piek\u0101p\u0101s 30,8 sekundes.<\/p>\n<p>                    Valodas k\u013c\u016bda rakst\u0101?<\/p>\n<p class=\"d-none d-md-block\">Iez\u012bm\u0113jiet tekstu un spiediet Ctrl+Enter, lai nos\u016bt\u012btu labojamo teksta fragmentu redaktoram! Par faktu k\u013c\u016bd\u0101m l\u016bdzam zi\u0146ot e-past\u0101 redakcija@lsm.lv.<\/p>\n<p class=\"d-md-none\">Iez\u012bm\u0113jiet tekstu un spiediet uz Zi\u0146ot par k\u013c\u016bdu pogas, lai nos\u016bt\u012btu labojamo teksta fragmentu redaktoram!<\/p>\n<p>\n                    Zi\u0146ot par k\u013c\u016bdu\n                <\/p>\n","protected":false},"excerpt":{"rendered":"Madon\u0101 turpin\u0101s pasaules \u010dempion\u0101ts rollersl\u0113po\u0161an\u0101, kur\u0101 piektdien bija komandu sprinta diena. Gan d\u0101mas, gan kungi sacent\u0101s 10,2 kilometru&hellip;\n","protected":false},"author":2,"featured_media":285717,"comment_status":"","ping_status":"","sticky":false,"template":"","format":"standard","meta":{"footnotes":"","_share_on_mastodon":"0"},"categories":[5],"tags":[23,28,29,32,33,22,30,31,35,39,38,36,37,34,40,20,26,27,24,25,21],"class_list":["post-285716","post","type-post","status-publish","format-standard","has-post-thumbnail","category-aktualitates","tag-aktualitates","tag-breaking-news","tag-breakingnews","tag-featured-news","tag-featurednews","tag-headlines","tag-latest-news","tag-latestnews","tag-latvia","tag-latvian","tag-latviesu","tag-latviesu-valoda","tag-latviesuvaloda","tag-latvija","tag-lv","tag-news","tag-popularakas-zinas","tag-popularakaszinas","tag-top-stories","tag-topstories","tag-zinas"],"share_on_mastodon":{"url":"https:\/\/pubeurope.com\/@lv\/117212676794472972","error":""},"_links":{"self":[{"href":"https:\/\/www.europesays.com\/lv\/wp-json\/wp\/v2\/posts\/285716","targetHints":{"allow":["GET"]}}],"collection":[{"href":"https:\/\/www.europesays.com\/lv\/wp-json\/wp\/v2\/posts"}],"about":[{"href":"https:\/\/www.europesays.com\/lv\/wp-json\/wp\/v2\/types\/post"}],"author":[{"embeddable":true,"href":"https:\/\/www.europesays.com\/lv\/wp-json\/wp\/v2\/users\/2"}],"replies":[{"embeddable":true,"href":"https:\/\/www.europesays.com\/lv\/wp-json\/wp\/v2\/comments?post=285716"}],"version-history":[{"count":0,"href":"https:\/\/www.europesays.com\/lv\/wp-json\/wp\/v2\/posts\/285716\/revisions"}],"wp:featuredmedia":[{"embeddable":true,"href":"https:\/\/www.europesays.com\/lv\/wp-json\/wp\/v2\/media\/285717"}],"wp:attachment":[{"href":"https:\/\/www.europesays.com\/lv\/wp-json\/wp\/v2\/media?parent=285716"}],"wp:term":[{"taxonomy":"category","embeddable":true,"href":"https:\/\/www.europesays.com\/lv\/wp-json\/wp\/v2\/categories?post=285716"},{"taxonomy":"post_tag","embeddable":true,"href":"https:\/\/www.europesays.com\/lv\/wp-json\/wp\/v2\/tags?post=285716"}],"curies":[{"name":"wp","href":"https:\/\/api.w.org\/{rel}","templated":true}]}}