{"id":285720,"date":"2026-09-04T12:09:19","date_gmt":"2026-09-04T12:09:19","guid":{"rendered":"https:\/\/www.europesays.com\/lv\/285720\/"},"modified":"2026-09-04T12:09:19","modified_gmt":"2026-09-04T12:09:19","slug":"politologi-verte-kulberga-valdibu-atzimi-liktu-starp-6-un-7","status":"publish","type":"post","link":"https:\/\/www.europesays.com\/lv\/285720\/","title":{"rendered":"Politologi v\u0113rt\u0113 Kulberga vald\u012bbu. Atz\u012bmi liktu starp 6 un 7"},"content":{"rendered":"<p>Apkopojot vald\u012bbas 100 dienu veikumu, vi\u0146\u0161 nor\u0101d\u012bja, ka tai v\u0113l \u0161\u012b m\u0113ne\u0161a laik\u0101 ir daudz dar\u0101m\u0101, tostarp izgl\u012bt\u012bbas jaut\u0101jumos, kas rais\u012bju\u0161i &#8220;vi\u013c\u0146o\u0161anos&#8221; koal\u012bcij\u0101, k\u0101 ar\u012b saist\u012bb\u0101 ar v\u0113tras seku izv\u0113rt\u0113\u0161anu, sist\u0113mas pilnveido\u0161anu un kiberdro\u0161\u012bbas stiprin\u0101\u0161anu.<\/p>\n<p>Kopum\u0101 vald\u012bbas darb\u0101, Rozenvalda v\u0113rt\u0113jum\u0101, ir gan sasniegumi, gan nopietni tr\u016bkumi.<\/p>\n<blockquote class=\"quote ck-widget\" contenteditable=\"false\">\n<p>&#8220;Lai gan teikt, ka ir &#8220;pavisam labi&#8221;, nevar, kopum\u0101 t\u0101 virz\u012bba ir pozit\u012bva,&#8221; teica politologs, piebilstot, ka ir ar\u012b nopietni tr\u016bkumi, pie kuriem vald\u012bbai j\u0101piestr\u0101d\u0101.<\/p>\n<\/blockquote>\n<p>V\u0113rt\u0113jot Kulberga izredzes p\u0113c v\u0113l\u0113\u0161an\u0101m atk\u0101rtoti k\u013c\u016bt par Ministru prezidentu, Rozenvalds nor\u0101d\u012bja, ka pa\u0161reiz\u0113j\u0101s partiju reitingu tendences liecina par lab\u0101m AS poz\u012bcij\u0101m. Gan SKDS, gan &#8220;Latvijas faktu&#8221; aptauj\u0101s politiskais sp\u0113ks patlaban ir l\u012bderpoz\u012bcij\u0101s &#8220;ar zin\u0101mu atr\u0101vienu&#8221; no konkurentiem.<\/p>\n<p>Vi\u0146a ieskat\u0101 AS p\u0113c v\u0113l\u0113\u0161an\u0101m var\u0113tu p\u0101r\u0146emt no &#8220;Jaun\u0101s vienot\u012bbas&#8221; (JV) liel\u0101k\u0101 politisk\u0101 sp\u0113ka lomu un ieg\u016bt l\u012bdz\u012bgu v\u0113l\u0113t\u0101ju atbalstu, k\u0101du JV sa\u0146\u0113ma 2022. gada Saeimas v\u0113l\u0113\u0161an\u0101s. \u0160\u0101d\u0101 gad\u012bjum\u0101 Kulberga izredzes atk\u0101rtoti k\u013c\u016bt par premjeru b\u016btu lielas, pauda politologs.<\/p>\n<p>&#8220;Protams, svar\u012bgi b\u016bs, k\u0101 sadal\u012bsies balsis un k\u0101da b\u016bs iesp\u0113jam\u0101 koal\u012bcija,&#8221; teica Rozenvalds, piebilstot, ka par to var\u0113s spriest 4. oktobra r\u012bt\u0101.<\/p>\n<p>Jau zi\u0146ots, ka Kulbergu premjera amat\u0101 un vi\u0146a vald\u012bbu Saeima apstiprin\u0101ja \u0161\u0101 gada 28. maij\u0101, t\u0101d\u0113j\u0101di 4. septembr\u012b b\u016bs 100. diena kop\u0161 \u0161\u012b vald\u012bba s\u0101kusi darbu.<\/p>\n<p>Saeimas v\u0113l\u0113\u0161anas gaid\u0101mas 3. oktobr\u012b.<\/p>\n","protected":false},"excerpt":{"rendered":"Apkopojot vald\u012bbas 100 dienu veikumu, vi\u0146\u0161 nor\u0101d\u012bja, ka tai v\u0113l \u0161\u012b m\u0113ne\u0161a laik\u0101 ir daudz dar\u0101m\u0101, tostarp izgl\u012bt\u012bbas&hellip;\n","protected":false},"author":2,"featured_media":285721,"comment_status":"","ping_status":"","sticky":false,"template":"","format":"standard","meta":{"footnotes":"","_share_on_mastodon":"0"},"categories":[5],"tags":[23,13248,28,29,32,33,22,30,31,35,39,38,36,37,34,40,20,42434,26,27,24,25,1524,21],"class_list":["post-285720","post","type-post","status-publish","format-standard","has-post-thumbnail","category-aktualitates","tag-aktualitates","tag-andris-kulbergs","tag-breaking-news","tag-breakingnews","tag-featured-news","tag-featurednews","tag-headlines","tag-latest-news","tag-latestnews","tag-latvia","tag-latvian","tag-latviesu","tag-latviesu-valoda","tag-latviesuvaloda","tag-latvija","tag-lv","tag-news","tag-politologi","tag-popularakas-zinas","tag-popularakaszinas","tag-top-stories","tag-topstories","tag-valdiba","tag-zinas"],"share_on_mastodon":{"url":"https:\/\/pubeurope.com\/@lv\/117212700135101130","error":""},"_links":{"self":[{"href":"https:\/\/www.europesays.com\/lv\/wp-json\/wp\/v2\/posts\/285720","targetHints":{"allow":["GET"]}}],"collection":[{"href":"https:\/\/www.europesays.com\/lv\/wp-json\/wp\/v2\/posts"}],"about":[{"href":"https:\/\/www.europesays.com\/lv\/wp-json\/wp\/v2\/types\/post"}],"author":[{"embeddable":true,"href":"https:\/\/www.europesays.com\/lv\/wp-json\/wp\/v2\/users\/2"}],"replies":[{"embeddable":true,"href":"https:\/\/www.europesays.com\/lv\/wp-json\/wp\/v2\/comments?post=285720"}],"version-history":[{"count":0,"href":"https:\/\/www.europesays.com\/lv\/wp-json\/wp\/v2\/posts\/285720\/revisions"}],"wp:featuredmedia":[{"embeddable":true,"href":"https:\/\/www.europesays.com\/lv\/wp-json\/wp\/v2\/media\/285721"}],"wp:attachment":[{"href":"https:\/\/www.europesays.com\/lv\/wp-json\/wp\/v2\/media?parent=285720"}],"wp:term":[{"taxonomy":"category","embeddable":true,"href":"https:\/\/www.europesays.com\/lv\/wp-json\/wp\/v2\/categories?post=285720"},{"taxonomy":"post_tag","embeddable":true,"href":"https:\/\/www.europesays.com\/lv\/wp-json\/wp\/v2\/tags?post=285720"}],"curies":[{"name":"wp","href":"https:\/\/api.w.org\/{rel}","templated":true}]}}