{"id":285726,"date":"2026-09-04T12:15:12","date_gmt":"2026-09-04T12:15:12","guid":{"rendered":"https:\/\/www.europesays.com\/lv\/285726\/"},"modified":"2026-09-04T12:15:12","modified_gmt":"2026-09-04T12:15:12","slug":"baloguns-pec-nenotikusas-parejas-uz-everton-paliek-arpus-monaco-eirokausu-pieteikuma-futbols-sportacentrs-com","status":"publish","type":"post","link":"https:\/\/www.europesays.com\/lv\/285726\/","title":{"rendered":"Baloguns p\u0113c nenotiku\u0161\u0101s p\u0101rejas uz &#8220;Everton&#8221; paliek \u0101rpus &#8220;Monaco&#8221; Eirokausu pieteikuma \u2013 Futbols \u2013 Sportacentrs.com"},"content":{"rendered":"<p>Baloguns otrdien bija tuvu p\u0101rejai uz &#8220;Everton&#8221;, kas par uzbruc\u0113ju bija gatava maks\u0101t aptuveni 40 miljonus sterli\u0146u m\u0101rci\u0146u. Dar\u012bjums tom\u0113r izjuka pa\u0161\u0101 transf\u0113ru perioda p\u0113d\u0113j\u0101 dien\u0101. &#8220;Monaco&#8221; sporta direktors Tjagu Skuru skaidroja, ka Baloguns pats nol\u0113mis no p\u0101rejas atteikties p\u0113c tam, kad medic\u012bnisko p\u0101rbau\u017eu laik\u0101 Liverp\u016bles klubs paudis \u0161aubas par vi\u0146a vesel\u012bbas st\u0101vokli. Futbolists \u0161aj\u0101 situ\u0101cij\u0101 neesot juties komfortabli un izv\u0113l\u0113jies dar\u012bjumu neturpin\u0101t.<\/p>\n<p>Lai gan Baloguns p\u0113c nenotiku\u0161\u0101s p\u0101rejas atgriezies kop\u0113jos &#8220;Monaco&#8221; treni\u0146os, vi\u0146a v\u0101rds nav atrodams UEFA public\u0113taj\u0101 komandas pieteikum\u0101 Konferences l\u012bgas pamatturn\u012bram. T\u0101pat uzbruc\u0113js nav devies kop\u0101 ar komandu uz Par\u012bzi, kur piektdien paredz\u0113ta sp\u0113le pret PSG. &#8220;Monaco&#8221; Konferences l\u012bgas sezonu s\u0101ks 15. oktobr\u012b, ta\u010du Baloguns vismaz pa\u0161reiz\u0113j\u0101 pieteikum\u0101 komandai Eiropas turn\u012br\u0101 pal\u012bdz\u0113t nevar\u0113s.<\/p>\n<p>Monako klubam vienlaikus ir finansi\u0101ls spiediens p\u0101rdot Balogunu vai k\u0101du citu no v\u0113rt\u012bg\u0101kajiem sp\u0113l\u0113t\u0101jiem, lai izpild\u012btu Francijas l\u012bgas finan\u0161u noteikumus. Skuru jau atzinis, ka Baloguna aizie\u0161ana joproj\u0101m ir iesp\u0113jama, ja pied\u0101v\u0101jums tiks sa\u0146emts no \u010dempion\u0101ta, kur\u0101 transf\u0113ru logs v\u0113l ir atv\u0113rts. Viena no iesp\u0113j\u0101m ir Sa\u016bda Ar\u0101bija, kur sp\u0113l\u0113t\u0101ju p\u0101rejas iesp\u0113jams veikt l\u012bdz 12. oktobrim.<\/p>\n<p>Tikm\u0113r &#8220;Monaco&#8221; Konferences l\u012bgas pieteikum\u0101 atgriezies Jap\u0101nas izlases pussargs Takumi Minamino. Vi\u0146\u0161 asto\u0146us m\u0113ne\u0161us nevar\u0113ja sp\u0113l\u0113t kreis\u0101 ce\u013cgala krustenisko sai\u0161u pl\u012bsuma d\u0113\u013c un savainojuma rezult\u0101t\u0101 izlaida ar\u012b Pasaules kausu. At\u0161\u0137ir\u012bb\u0101 no Baloguna Minamino iek\u013cauts ar\u012b sast\u0101v\u0101 izbraukuma sp\u0113lei pret PSG, kam\u0113r amerik\u0101\u0146a n\u0101kotne Monako klub\u0101 joproj\u0101m ir neskaidra.<\/p>\n<p>Izmantotie resursi:<br \/><a target=\"_blank\" href=\"https:\/\/www.espn.com\/soccer\/story\/_\/id\/49823227\/folarin-balogun-omitted-monaco-conference-league-squad-everton-saga\" rel=\"nofollow noopener\">https:\/\/www.espn.com\/soccer\/story\/_&#8230;<\/a><\/p>\n","protected":false},"excerpt":{"rendered":"Baloguns otrdien bija tuvu p\u0101rejai uz &#8220;Everton&#8221;, kas par uzbruc\u0113ju bija gatava maks\u0101t aptuveni 40 miljonus sterli\u0146u m\u0101rci\u0146u.&hellip;\n","protected":false},"author":2,"featured_media":285727,"comment_status":"","ping_status":"","sticky":false,"template":"","format":"standard","meta":{"footnotes":"","_share_on_mastodon":"0"},"categories":[5],"tags":[23,28,29,32,33,676,22,30,31,35,39,38,36,37,34,40,20,26,27,24,25,21],"class_list":["post-285726","post","type-post","status-publish","format-standard","has-post-thumbnail","category-aktualitates","tag-aktualitates","tag-breaking-news","tag-breakingnews","tag-featured-news","tag-featurednews","tag-futbols","tag-headlines","tag-latest-news","tag-latestnews","tag-latvia","tag-latvian","tag-latviesu","tag-latviesu-valoda","tag-latviesuvaloda","tag-latvija","tag-lv","tag-news","tag-popularakas-zinas","tag-popularakaszinas","tag-top-stories","tag-topstories","tag-zinas"],"share_on_mastodon":{"url":"https:\/\/pubeurope.com\/@lv\/117212723616850381","error":""},"_links":{"self":[{"href":"https:\/\/www.europesays.com\/lv\/wp-json\/wp\/v2\/posts\/285726","targetHints":{"allow":["GET"]}}],"collection":[{"href":"https:\/\/www.europesays.com\/lv\/wp-json\/wp\/v2\/posts"}],"about":[{"href":"https:\/\/www.europesays.com\/lv\/wp-json\/wp\/v2\/types\/post"}],"author":[{"embeddable":true,"href":"https:\/\/www.europesays.com\/lv\/wp-json\/wp\/v2\/users\/2"}],"replies":[{"embeddable":true,"href":"https:\/\/www.europesays.com\/lv\/wp-json\/wp\/v2\/comments?post=285726"}],"version-history":[{"count":0,"href":"https:\/\/www.europesays.com\/lv\/wp-json\/wp\/v2\/posts\/285726\/revisions"}],"wp:featuredmedia":[{"embeddable":true,"href":"https:\/\/www.europesays.com\/lv\/wp-json\/wp\/v2\/media\/285727"}],"wp:attachment":[{"href":"https:\/\/www.europesays.com\/lv\/wp-json\/wp\/v2\/media?parent=285726"}],"wp:term":[{"taxonomy":"category","embeddable":true,"href":"https:\/\/www.europesays.com\/lv\/wp-json\/wp\/v2\/categories?post=285726"},{"taxonomy":"post_tag","embeddable":true,"href":"https:\/\/www.europesays.com\/lv\/wp-json\/wp\/v2\/tags?post=285726"}],"curies":[{"name":"wp","href":"https:\/\/api.w.org\/{rel}","templated":true}]}}