{"id":285730,"date":"2026-09-04T12:21:11","date_gmt":"2026-09-04T12:21:11","guid":{"rendered":"https:\/\/www.europesays.com\/lv\/285730\/"},"modified":"2026-09-04T12:21:11","modified_gmt":"2026-09-04T12:21:11","slug":"pleinics-ta-ir-pecpuses-paradisana-latvijas-regionalajam-basketbolam","status":"publish","type":"post","link":"https:\/\/www.europesays.com\/lv\/285730\/","title":{"rendered":"Pleinics: T\u0101 ir p\u0113cpuses par\u0101d\u012b\u0161ana Latvijas re\u0123ion\u0101lajam basketbolam"},"content":{"rendered":"<p>U-18 pui\u0161u komanda sp\u0113l\u0113s Latvijas-Igaunijas basketbola l\u012bg\u0101, kam\u0113r t\u0101 pa\u0161a vecuma meite\u0146u komanda c\u012bn\u012bsies Baltijas Sievie\u0161u basketbola l\u012bg\u0101. Tikm\u0113r U-16 pui\u0161u komanda sp\u0113kosies Latvijas p\u0113c sp\u0113ka otraj\u0101 l\u012bg\u0101 jeb &#8220;Ramirent&#8221; Nacion\u0101laj\u0101 basketbola l\u012bg\u0101, un U-16 vecuma meite\u0146u komanda sp\u0113l\u0113s Latvijas Sievie\u0161u basketbola l\u012bg\u0101.<\/p>\n<p>&#8220;Gadiem ilgi esam centu\u0161ies konkur\u0113t ar \u0101rzemju klubiem par jauno talantu iesaisti, tur mums nav t\u0101s lab\u0101k\u0101s poz\u012bcijas. Tagad ir radies \u0161is veidojums, kas \u0161o c\u012b\u0146u padara v\u0113l neiesp\u0113jam\u0101ku! T\u0101 viet\u0101, lai Latvij\u0101 att\u012bst\u012btu 4-5 re\u0123ion\u0101lus basketbola centrus, kur\u0101 talanti tiktu nodro\u0161in\u0101ti gan ar lieliskiem apst\u0101k\u013ciem, gan ar lielisku m\u0101c\u012bbu-treni\u0146u procesu pie profesion\u0101l\u0101m basketbola komand\u0101m, maksim\u0101lu sp\u0113les laiku LJBL, LBL2, LatEstBL, visu nepiecie\u0161amo sadz\u012bv\u0113, tiek veikta m\u0101ksl\u012bga un nevajadz\u012bga centraliz\u0101cija,&#8221; neapmierin\u0101ts ir Pleinics.<\/p>\n<p>&#8220;Tas nevar b\u016bt Latvijas basketbola v\u0101rd\u0101\u2026 T\u0101 ir p\u0113cpuses par\u0101d\u012b\u0161ana Latvijas re\u0123ion\u0101lajam basketbolam! LBS vad\u012bba neapzin\u0101s to, k\u0101das sekas ilgtermi\u0146\u0101 b\u016bs \u0161im l\u0113mumam, man \u017e\u0113l, ka neesmu sp\u0113jis p\u0101rliecin\u0101t par pret\u0113jo.&#8221;<\/p>\n","protected":false},"excerpt":{"rendered":"U-18 pui\u0161u komanda sp\u0113l\u0113s Latvijas-Igaunijas basketbola l\u012bg\u0101, kam\u0113r t\u0101 pa\u0161a vecuma meite\u0146u komanda c\u012bn\u012bsies Baltijas Sievie\u0161u basketbola l\u012bg\u0101.&hellip;\n","protected":false},"author":2,"featured_media":285731,"comment_status":"","ping_status":"","sticky":false,"template":"","format":"standard","meta":{"footnotes":"","_share_on_mastodon":"0"},"categories":[5],"tags":[23,145,144,5398,28,29,32,33,22,30,31,35,39,38,36,37,34,40,20,26,27,24,25,21],"class_list":["post-285730","post","type-post","status-publish","format-standard","has-post-thumbnail","category-aktualitates","tag-aktualitates","tag-basketbols","tag-basketbols-latvija","tag-bk-ventspils","tag-breaking-news","tag-breakingnews","tag-featured-news","tag-featurednews","tag-headlines","tag-latest-news","tag-latestnews","tag-latvia","tag-latvian","tag-latviesu","tag-latviesu-valoda","tag-latviesuvaloda","tag-latvija","tag-lv","tag-news","tag-popularakas-zinas","tag-popularakaszinas","tag-top-stories","tag-topstories","tag-zinas"],"share_on_mastodon":{"url":"https:\/\/pubeurope.com\/@lv\/117212747011746722","error":""},"_links":{"self":[{"href":"https:\/\/www.europesays.com\/lv\/wp-json\/wp\/v2\/posts\/285730","targetHints":{"allow":["GET"]}}],"collection":[{"href":"https:\/\/www.europesays.com\/lv\/wp-json\/wp\/v2\/posts"}],"about":[{"href":"https:\/\/www.europesays.com\/lv\/wp-json\/wp\/v2\/types\/post"}],"author":[{"embeddable":true,"href":"https:\/\/www.europesays.com\/lv\/wp-json\/wp\/v2\/users\/2"}],"replies":[{"embeddable":true,"href":"https:\/\/www.europesays.com\/lv\/wp-json\/wp\/v2\/comments?post=285730"}],"version-history":[{"count":0,"href":"https:\/\/www.europesays.com\/lv\/wp-json\/wp\/v2\/posts\/285730\/revisions"}],"wp:featuredmedia":[{"embeddable":true,"href":"https:\/\/www.europesays.com\/lv\/wp-json\/wp\/v2\/media\/285731"}],"wp:attachment":[{"href":"https:\/\/www.europesays.com\/lv\/wp-json\/wp\/v2\/media?parent=285730"}],"wp:term":[{"taxonomy":"category","embeddable":true,"href":"https:\/\/www.europesays.com\/lv\/wp-json\/wp\/v2\/categories?post=285730"},{"taxonomy":"post_tag","embeddable":true,"href":"https:\/\/www.europesays.com\/lv\/wp-json\/wp\/v2\/tags?post=285730"}],"curies":[{"name":"wp","href":"https:\/\/api.w.org\/{rel}","templated":true}]}}