{"id":285734,"date":"2026-09-04T12:27:20","date_gmt":"2026-09-04T12:27:20","guid":{"rendered":"https:\/\/www.europesays.com\/lv\/285734\/"},"modified":"2026-09-04T12:27:20","modified_gmt":"2026-09-04T12:27:20","slug":"riga-iesit-supergolu-un-galvaspilsetas-derbija-sasniedz-latvijas-kausa-finalu-delfi-lv","status":"publish","type":"post","link":"https:\/\/www.europesays.com\/lv\/285734\/","title":{"rendered":"&quot;Riga&quot; iesit supergolu un galvaspils\u0113tas derbij\u0101 sasniedz Latvijas kausa fin\u0101lu &#8211; delfi.lv"},"content":{"rendered":"<ol>\n<li><a href=\"https:\/\/news.google.com\/rss\/articles\/CBMizAFBVV95cUxQR0lhWVZZZWh3VVFORGUtOGl0ZkVBUDBtcjhOOU8xT2hJSEtaZUhnWThsRHF5Ul9pQTJhQ00yRzlMZkYzNi04SXFOTkNqdFotYl95YkVTWmdWdlpjNTFPU255dDZMYWxOMFVIQWx0NHpCQTJzVUVjWmlZTmRHclp2a3BsXy1yUnlCeUsyQVZjLWJoVEtGMzlWeXVqV1p1aUNvUDdKUGJJS0R2TzRTYkhhcEZpd3d6Zy1Hd0pORm9pRVRadGJIbHNlaUNMN08?oc=5\" target=\"_blank\" rel=\"nofollow noopener\">&#8220;Riga&#8221; iesit supergolu un galvaspils\u0113tas derbij\u0101 sasniedz Latvijas kausa fin\u0101lu<\/a>&nbsp;&nbsp;delfi.lv<\/li>\n<li><a href=\"https:\/\/news.google.com\/rss\/articles\/CBMinAFBVV95cUxOZi1TalRCVEFleDJnb2JhQVBWNlk0NEFPY3RrYko5eUhwM1Nnc295SmRsWW9MYk41eFlfMHNlaURkaU9Cc0pWRWZLWDhqOWF5YXV5NTAyNnE3cHh5NFNWSndFd3dzQjV5b1NIdmRES3F1YUdnVHlNendnNDVhSDhvendPZTVrQWlrX3NYaUY3Q1ZmMHNQVkxUT2J1MTk?oc=5\" target=\"_blank\" rel=\"nofollow noopener\">Video: \u0160\u0137\u0113r\u012bt\u0113. Ramiress g\u016bst superv\u0101rtus, &#8220;Riga&#8221; uzvar R\u012bgas derbij\u0101 un sp\u0113l\u0113s Latvijas kausa fin\u0101l\u0101<\/a>&nbsp;&nbsp;sportacentrs.com<\/li>\n<li><a href=\"https:\/\/news.google.com\/rss\/articles\/CBMi4AFBVV95cUxOc0ZsRkJLYnN6QWFjRkQ4ZzFYRXJBbW53N3AtbjlEaHlDOEdHTnM5ZWFyR1dxQ2VvU05tbjNwSElBMEg3aHJMQk9HZVJPNGc4cjFQUVhvWDlxM1lYb1RnaC0xTGNUeVpXWUtucHU4cUNNWjVUV3FBUGw2eGJGNUFneHhTSVNyWTR6SzJvdmxBMFYzcWVtY3VJOGExQjF4X2dPVE10OEdyLUJLTC1mdURBaWU1S1NLSDBGSnRabk1ZMW9rdG9tQjZKdXd6Q0xVU2ROM3hnN0hycGtWNVp2YTFvcw?oc=5\" target=\"_blank\" rel=\"nofollow noopener\">Spraig\u0101 R\u012bgas derbij\u0101 \u00abRiga FC\u00bb p\u0101rsp\u0113j RFS futbolistus un iek\u013c\u016bst Latvijas kausa fin\u0101l\u0101 \/ Raksts<\/a>&nbsp;&nbsp;lsm.lv<\/li>\n<li><a href=\"https:\/\/news.google.com\/rss\/articles\/CBMiiwFBVV95cUxOMTRobHlhTmlIQlkyVC01dVZvdFRJNEUtRVlSSnlZMWVKTUdfV3lsTVdldWN0OHgxSW1Hbmd3YzF5ZDNNeVJVVWh2X3RSTDVUQWE1UkR3R2RTaEZVdkl0YnMtVTRQZXNJQXdHbXBHYlQtMGJrY0VJRER0SkF4RkpGMkNUZUZUNGNTWUFV?oc=5\" target=\"_blank\" rel=\"nofollow noopener\">Latvijas kausa fin\u0101l\u0101 v\u0113lreiz FK &#8220;Auda&#8221; un &#8220;Riga FC&#8221; duelis<\/a>&nbsp;&nbsp;lff.lv<\/li>\n<li><a href=\"https:\/\/news.google.com\/rss\/articles\/CBMimgFBVV95cUxPYUljRU1YeEx1Z28zZnhydktON3RNYzRaS3I0azhrMS1sbE5WeDRxdFdsRjV0dUw1TUw1UE1aUC1EMXN0WWozVE5TcGNha280QkpscGhTWWNhTHZzcl8xRFh1YWxnaHpzd0t5U2lkUV9oeG1rX2xpaWw5bU1udG5ONXBwS094MXJrUjBOS05iNG1vVzAzTTVUaGt3?oc=5\" target=\"_blank\" rel=\"nofollow noopener\">&#8220;Riga&#8221; viesos p\u0101rsp\u0113j RFS un iek\u013c\u016bst Latvijas kausa fin\u0101l\u0101<\/a>&nbsp;&nbsp;Jauns.lv<\/li>\n<\/ol>\n","protected":false},"excerpt":{"rendered":"&#8220;Riga&#8221; iesit supergolu un galvaspils\u0113tas derbij\u0101 sasniedz Latvijas kausa fin\u0101lu&nbsp;&nbsp;delfi.lv Video: \u0160\u0137\u0113r\u012bt\u0113. Ramiress g\u016bst superv\u0101rtus, &#8220;Riga&#8221; uzvar R\u012bgas&hellip;\n","protected":false},"author":2,"featured_media":285735,"comment_status":"","ping_status":"","sticky":false,"template":"","format":"standard","meta":{"footnotes":"","_share_on_mastodon":"0"},"categories":[5],"tags":[23,28,29,32,33,676,22,30,31,35,39,38,36,37,34,40,20,26,27,1422,3553,24,25,21],"class_list":["post-285734","post","type-post","status-publish","format-standard","has-post-thumbnail","category-aktualitates","tag-aktualitates","tag-breaking-news","tag-breakingnews","tag-featured-news","tag-featurednews","tag-futbols","tag-headlines","tag-latest-news","tag-latestnews","tag-latvia","tag-latvian","tag-latviesu","tag-latviesu-valoda","tag-latviesuvaloda","tag-latvija","tag-lv","tag-news","tag-popularakas-zinas","tag-popularakaszinas","tag-rfs","tag-riga-fc","tag-top-stories","tag-topstories","tag-zinas"],"share_on_mastodon":{"url":"https:\/\/pubeurope.com\/@lv\/117212770636741141","error":""},"_links":{"self":[{"href":"https:\/\/www.europesays.com\/lv\/wp-json\/wp\/v2\/posts\/285734","targetHints":{"allow":["GET"]}}],"collection":[{"href":"https:\/\/www.europesays.com\/lv\/wp-json\/wp\/v2\/posts"}],"about":[{"href":"https:\/\/www.europesays.com\/lv\/wp-json\/wp\/v2\/types\/post"}],"author":[{"embeddable":true,"href":"https:\/\/www.europesays.com\/lv\/wp-json\/wp\/v2\/users\/2"}],"replies":[{"embeddable":true,"href":"https:\/\/www.europesays.com\/lv\/wp-json\/wp\/v2\/comments?post=285734"}],"version-history":[{"count":0,"href":"https:\/\/www.europesays.com\/lv\/wp-json\/wp\/v2\/posts\/285734\/revisions"}],"wp:featuredmedia":[{"embeddable":true,"href":"https:\/\/www.europesays.com\/lv\/wp-json\/wp\/v2\/media\/285735"}],"wp:attachment":[{"href":"https:\/\/www.europesays.com\/lv\/wp-json\/wp\/v2\/media?parent=285734"}],"wp:term":[{"taxonomy":"category","embeddable":true,"href":"https:\/\/www.europesays.com\/lv\/wp-json\/wp\/v2\/categories?post=285734"},{"taxonomy":"post_tag","embeddable":true,"href":"https:\/\/www.europesays.com\/lv\/wp-json\/wp\/v2\/tags?post=285734"}],"curies":[{"name":"wp","href":"https:\/\/api.w.org\/{rel}","templated":true}]}}