{"id":285750,"date":"2026-09-04T12:43:11","date_gmt":"2026-09-04T12:43:11","guid":{"rendered":"https:\/\/www.europesays.com\/lv\/285750\/"},"modified":"2026-09-04T12:43:11","modified_gmt":"2026-09-04T12:43:11","slug":"barro-vilies-par-izraiditas-kremla-propagandistes-rakstiem-francu-medijos","status":"publish","type":"post","link":"https:\/\/www.europesays.com\/lv\/285750\/","title":{"rendered":"Barro v\u012blies par izraid\u012bt\u0101s Krem\u013ca propagandistes rakstiem fran\u010du medijos"},"content":{"rendered":"<p>Fjodorova p\u0113c zaud\u0113juma ties\u0101 tika august\u0101 ofici\u0101li izraid\u012bta no Francijas, ta\u010du p\u0113d\u0113jo ned\u0113\u013cu laik\u0101 laikraksts &#8220;Journal du Dimanche&#8221; public\u0113jis divus vi\u0146as rakstus, bet telekan\u0101ls &#8220;CNews&#8221; pie\u013c\u0101vis, ka vi\u0146a dr\u012bzum\u0101 atkal var\u0113tu par\u0101d\u012bties \u0113ter\u0101.<\/p>\n<p>Abi mediji pieder lab\u0113j\u0101 miljardiera Vens\u0101na Bolor\u0113 mediju imp\u0113rijai. Bolor\u0113 tiek uzskat\u012bts par svar\u012bgu aizkuli\u0161u sp\u0113l\u0113t\u0101ju Francijas 2027. gada prezidenta v\u0113l\u0113\u0161an\u0101s.<\/p>\n<p>&#8220;Esmu \u013coti p\u0101rsteigts un, j\u0101atz\u012bst, liel\u0101 m\u0113r\u0101 v\u012blies, redzot, ka lielie mediju koncerni &#8211; kuru redakcion\u0101l\u0101 br\u012bv\u012bba ir sv\u0113ta &#8211; atv\u0113l slejas vai studijas personai, par kuru visi \u0161\u012bs valsts politiskie sp\u0113ki ir vienispr\u0101tis, ka, \u0146emot v\u0113r\u0101 pier\u0101d\u012btos faktus, vi\u0146a tika izraid\u012bta pamatoti,&#8221; radio &#8220;France Inter&#8221; sac\u012bja \u0101rlietu ministrs.<\/p>\n<blockquote class=\"quote ck-widget\" contenteditable=\"false\">\n<p>Fjodorova ir &#8220;Krem\u013ca propagandiste&#8221;, sac\u012bja Barro, uzsverot, ka vi\u0146a &#8220;nav \u017eurn\u0101liste, bet gan ietekmes a\u0123ente, kas str\u0101d\u0101 Krievijas lab\u0101&#8221;.<\/p>\n<\/blockquote>\n<p>Telekan\u0101la &#8220;CNews&#8221; vad\u012bt\u0101js Gotj\u0113 Le Brets pie\u013c\u0101vis, ka, neraugoties uz izraid\u012b\u0161anu, Fjodorova var\u0113tu par\u0101d\u012bties \u0113ter\u0101.<\/p>\n<p>Barro pauda neizpratni, k\u0101p\u0113c Francijas medijos tiek pied\u0101v\u0101ta platforma cilv\u0113kam, &#8220;par kuru ir pier\u0101d\u012bts, ka vi\u0146a str\u0101d\u0101 Krievijas lab\u0101 pret Franciju un Eiropas Savien\u012bbu&#8221;.<\/p>\n","protected":false},"excerpt":{"rendered":"Fjodorova p\u0113c zaud\u0113juma ties\u0101 tika august\u0101 ofici\u0101li izraid\u012bta no Francijas, ta\u010du p\u0113d\u0113jo ned\u0113\u013cu laik\u0101 laikraksts &#8220;Journal du Dimanche&#8221;&hellip;\n","protected":false},"author":2,"featured_media":285751,"comment_status":"","ping_status":"","sticky":false,"template":"","format":"standard","meta":{"footnotes":"","_share_on_mastodon":"0"},"categories":[14],"tags":[23,57,28,29,32,33,1309,22,2545,30,31,35,39,38,36,37,34,40,20,26,27,2550,24,25,54,55,56,21,58],"class_list":["post-285750","post","type-post","status-publish","format-standard","has-post-thumbnail","category-zinas-no-arvalstim","tag-aktualitates","tag-arvalstim","tag-breaking-news","tag-breakingnews","tag-featured-news","tag-featurednews","tag-francija","tag-headlines","tag-kremla-propaganda","tag-latest-news","tag-latestnews","tag-latvia","tag-latvian","tag-latviesu","tag-latviesu-valoda","tag-latviesuvaloda","tag-latvija","tag-lv","tag-news","tag-popularakas-zinas","tag-popularakaszinas","tag-propaganda","tag-top-stories","tag-topstories","tag-world","tag-world-news","tag-worldnews","tag-zinas","tag-zinas-no-arvalstim"],"share_on_mastodon":{"url":"https:\/\/pubeurope.com\/@lv\/117212833608071698","error":""},"_links":{"self":[{"href":"https:\/\/www.europesays.com\/lv\/wp-json\/wp\/v2\/posts\/285750","targetHints":{"allow":["GET"]}}],"collection":[{"href":"https:\/\/www.europesays.com\/lv\/wp-json\/wp\/v2\/posts"}],"about":[{"href":"https:\/\/www.europesays.com\/lv\/wp-json\/wp\/v2\/types\/post"}],"author":[{"embeddable":true,"href":"https:\/\/www.europesays.com\/lv\/wp-json\/wp\/v2\/users\/2"}],"replies":[{"embeddable":true,"href":"https:\/\/www.europesays.com\/lv\/wp-json\/wp\/v2\/comments?post=285750"}],"version-history":[{"count":0,"href":"https:\/\/www.europesays.com\/lv\/wp-json\/wp\/v2\/posts\/285750\/revisions"}],"wp:featuredmedia":[{"embeddable":true,"href":"https:\/\/www.europesays.com\/lv\/wp-json\/wp\/v2\/media\/285751"}],"wp:attachment":[{"href":"https:\/\/www.europesays.com\/lv\/wp-json\/wp\/v2\/media?parent=285750"}],"wp:term":[{"taxonomy":"category","embeddable":true,"href":"https:\/\/www.europesays.com\/lv\/wp-json\/wp\/v2\/categories?post=285750"},{"taxonomy":"post_tag","embeddable":true,"href":"https:\/\/www.europesays.com\/lv\/wp-json\/wp\/v2\/tags?post=285750"}],"curies":[{"name":"wp","href":"https:\/\/api.w.org\/{rel}","templated":true}]}}