{"id":285756,"date":"2026-09-04T12:49:10","date_gmt":"2026-09-04T12:49:10","guid":{"rendered":"https:\/\/www.europesays.com\/lv\/285756\/"},"modified":"2026-09-04T12:49:10","modified_gmt":"2026-09-04T12:49:10","slug":"francijas-ministrs-vilies-par-izraiditas-kremla-propagandistes-fjodorovas-rakstiem-francu-medijos","status":"publish","type":"post","link":"https:\/\/www.europesays.com\/lv\/285756\/","title":{"rendered":"Francijas ministrs v\u012blies par izraid\u012bt\u0101s Krem\u013ca propagandistes Fjodorovas rakstiem fran\u010du medijos"},"content":{"rendered":"<p class=\"lead\">\n                                    Francijas \u0101rlietu ministrs \u017dans Noels Barro piektdien pauda vil\u0161anos, ka Francijas lab\u0113jie mediji turpina public\u0113t no Francijas izraid\u012bt\u0101s Krem\u013ca propagandistes Ksenijas Fjodorovas rakstus.\n                                <\/p>\n<p style=\"margin-left:0px;\">Fjodorova p\u0113c zaud\u0113juma ties\u0101 tika august\u0101 ofici\u0101li izraid\u012bta no Francijas, ta\u010du p\u0113d\u0113jo ned\u0113\u013cu laik\u0101 laikraksts &#8220;Journal du Dimanche&#8221; public\u0113jis divus vi\u0146as rakstus, bet telekan\u0101ls &#8220;CNews&#8221; pie\u013c\u0101vis, ka vi\u0146a dr\u012bzum\u0101 atkal var\u0113tu par\u0101d\u012bties \u0113ter\u0101.<\/p>\n<p style=\"margin-left:0px;\">Abi mediji pieder lab\u0113j\u0101 miljardiera Vens\u0101na Bolor\u0113 mediju imp\u0113rijai. Bolor\u0113 tiek uzskat\u012bts par svar\u012bgu aizkuli\u0161u sp\u0113l\u0113t\u0101ju Francijas 2027. gada prezidenta v\u0113l\u0113\u0161an\u0101s.<\/p>\n<p style=\"margin-left:0px;\">&#8220;Esmu \u013coti p\u0101rsteigts un, j\u0101atz\u012bst, liel\u0101 m\u0113r\u0101 v\u012blies, redzot, ka lielie mediju koncerni &#8211; kuru redakcion\u0101l\u0101 br\u012bv\u012bba ir sv\u0113ta &#8211; atv\u0113l slejas vai studijas personai, par kuru visi \u0161\u012bs valsts politiskie sp\u0113ki ir vienispr\u0101tis, ka, \u0146emot v\u0113r\u0101 pier\u0101d\u012btos faktus, vi\u0146a tika izraid\u012bta pamatoti,&#8221; radio &#8220;France Inter&#8221; sac\u012bja \u0101rlietu ministrs.<\/p>\n<p style=\"margin-left:0px;\">Fjodorova ir &#8220;Krem\u013ca propagandiste&#8221;, sac\u012bja Barro, uzsverot, ka vi\u0146a &#8220;nav \u017eurn\u0101liste, bet gan ietekmes a\u0123ente, kas str\u0101d\u0101 Krievijas lab\u0101&#8221;.<\/p>\n<p style=\"margin-left:0px;\">Telekan\u0101la &#8220;CNews&#8221; vad\u012bt\u0101js Gotj\u0113 Le Brets pie\u013c\u0101vis, ka, neraugoties uz izraid\u012b\u0161anu, Fjodorova var\u0113tu par\u0101d\u012bties \u0113ter\u0101.<\/p>\n<p style=\"margin-left:0px;\">Barro pauda neizpratni, k\u0101p\u0113c Francijas medijos tiek pied\u0101v\u0101ta platforma cilv\u0113kam, &#8220;par kuru ir pier\u0101d\u012bts, ka vi\u0146a str\u0101d\u0101 Krievijas lab\u0101 pret Franciju un Eiropas Savien\u012bbu&#8221;.<\/p>\n<p> Aptauja <\/p>\n<p> Vai Eiropa ir gatava st\u0101ties pret\u012b hibr\u012bdkara draudiem? <\/p>\n<p class=\"paragraph-muted\">Izv\u0113lies savu soct\u012bklu platformu, lai sekotu LASI.LV: <a href=\"https:\/\/www.facebook.com\/portals.lasi.lv\" target=\"_blank\" rel=\"noopener noreferrer nofollow\">Facebook<\/a>, <a href=\"https:\/\/twitter.com\/lasilvportals\" target=\"_blank\" rel=\"noopener noreferrer nofollow\">X<\/a>, <a href=\"https:\/\/bsky.app\/profile\/lasilv.bsky.social\" target=\"_blank\" rel=\"noopener noreferrer nofollow\">Bluesky<\/a>, <a href=\"https:\/\/www.draugiem.lv\/lasilv\/?pg=4\" target=\"_blank\" rel=\"noopener noreferrer nofollow\">Draugiem<\/a>, <a href=\"https:\/\/www.threads.com\/@lasilv_zinas\" rel=\"nofollow noopener\" target=\"_blank\">Threads<\/a> vai ar\u012b <a href=\"https:\/\/www.instagram.com\/lasilv_zinas\/\" target=\"_blank\" rel=\"noopener noreferrer nofollow\">Instagram<\/a>. Pievienojies m\u016bsu las\u012bt\u0101ju pulkam, lai sa\u0146emtu \u012bpa\u0161i tev atlas\u012btu noder\u012bgu, praktisku un aktu\u0101lu saturu.\u00a0<\/p>\n<p style=\"margin-left:auto;\">Pieraksties LASI.LV redaktora v\u0113stkopai <a href=\"https:\/\/lasi.lv\/vestkopa\/lasi-lv-galvena-redaktora-vestkopa\" rel=\"nofollow noopener\" target=\"_blank\">\u0161eit<\/a>.<\/p>\n<p>Pieraksties v\u0113stkopai un divas reizes ned\u0113\u013c\u0101 sa\u0146em padzi\u013cin\u0101tu LASI.LV galven\u0101 redaktora aktu\u0101lo zi\u0146u, kompetentu viedok\u013cu un interesant\u0101ko interviju apkopojumu.<\/p>\n<p>Ko tu sa\u0146emsi:<\/p>\n<ul>\n<li>Daudzveid\u012bgus koment\u0101rus un kompetentus Latvijas Mediju \u017eurn\u0101listu un autoru viedok\u013cus par aktu\u0101lo<\/li>\n<li>Ekspertu koment\u0101rus par da\u017e\u0101diem praktiskiem, noder\u012bgiem tematiem<\/li>\n<li>Aizraujo\u0161us materi\u0101lus par v\u0113sturi, psiholo\u0123iju, kult\u016bru<\/li>\n<li>Gata \u0160\u013c\u016bkas karikat\u016bru<\/li>\n<li>Tav\u0101 e-pasta kast\u012bt\u0113 katru ceturtdienu<\/li>\n<\/ul>\n<p style=\"margin-left:auto;\">\u00a0<\/p>\n<p><script async src=\"https:\/\/platform.twitter.com\/widgets.js\" charset=\"utf-8\"><\/script><script async src=\"\/\/www.instagram.com\/embed.js\"><\/script><\/p>\n","protected":false},"excerpt":{"rendered":"Francijas \u0101rlietu ministrs \u017dans Noels Barro piektdien pauda vil\u0161anos, ka Francijas lab\u0113jie mediji turpina public\u0113t no Francijas izraid\u012bt\u0101s&hellip;\n","protected":false},"author":2,"featured_media":285757,"comment_status":"","ping_status":"","sticky":false,"template":"","format":"standard","meta":{"footnotes":"","_share_on_mastodon":"0"},"categories":[14],"tags":[23,57,28,29,32,33,22,30,31,35,39,38,36,37,34,40,20,26,27,24,25,54,55,56,21,58],"class_list":["post-285756","post","type-post","status-publish","format-standard","has-post-thumbnail","category-zinas-no-arvalstim","tag-aktualitates","tag-arvalstim","tag-breaking-news","tag-breakingnews","tag-featured-news","tag-featurednews","tag-headlines","tag-latest-news","tag-latestnews","tag-latvia","tag-latvian","tag-latviesu","tag-latviesu-valoda","tag-latviesuvaloda","tag-latvija","tag-lv","tag-news","tag-popularakas-zinas","tag-popularakaszinas","tag-top-stories","tag-topstories","tag-world","tag-world-news","tag-worldnews","tag-zinas","tag-zinas-no-arvalstim"],"share_on_mastodon":{"url":"https:\/\/pubeurope.com\/@lv\/117212857388205310","error":""},"_links":{"self":[{"href":"https:\/\/www.europesays.com\/lv\/wp-json\/wp\/v2\/posts\/285756","targetHints":{"allow":["GET"]}}],"collection":[{"href":"https:\/\/www.europesays.com\/lv\/wp-json\/wp\/v2\/posts"}],"about":[{"href":"https:\/\/www.europesays.com\/lv\/wp-json\/wp\/v2\/types\/post"}],"author":[{"embeddable":true,"href":"https:\/\/www.europesays.com\/lv\/wp-json\/wp\/v2\/users\/2"}],"replies":[{"embeddable":true,"href":"https:\/\/www.europesays.com\/lv\/wp-json\/wp\/v2\/comments?post=285756"}],"version-history":[{"count":0,"href":"https:\/\/www.europesays.com\/lv\/wp-json\/wp\/v2\/posts\/285756\/revisions"}],"wp:featuredmedia":[{"embeddable":true,"href":"https:\/\/www.europesays.com\/lv\/wp-json\/wp\/v2\/media\/285757"}],"wp:attachment":[{"href":"https:\/\/www.europesays.com\/lv\/wp-json\/wp\/v2\/media?parent=285756"}],"wp:term":[{"taxonomy":"category","embeddable":true,"href":"https:\/\/www.europesays.com\/lv\/wp-json\/wp\/v2\/categories?post=285756"},{"taxonomy":"post_tag","embeddable":true,"href":"https:\/\/www.europesays.com\/lv\/wp-json\/wp\/v2\/tags?post=285756"}],"curies":[{"name":"wp","href":"https:\/\/api.w.org\/{rel}","templated":true}]}}