{"id":285764,"date":"2026-09-04T12:55:18","date_gmt":"2026-09-04T12:55:18","guid":{"rendered":"https:\/\/www.europesays.com\/lv\/285764\/"},"modified":"2026-09-04T12:55:18","modified_gmt":"2026-09-04T12:55:18","slug":"krievija-uzbrukusi-ukrainai-ar-raketi-un-121-dronu","status":"publish","type":"post","link":"https:\/\/www.europesays.com\/lv\/285764\/","title":{"rendered":"Krievija uzbrukusi Ukrainai ar ra\u0137eti un 121 dronu"},"content":{"rendered":"<p>Krievija uzbrukusi ar droniem &#8220;Shahed&#8221;, &#8220;Gerbera&#8221;, citu tipu droniem, k\u0101 ar\u012b ra\u0137e\u0161droniem S8000 &#8220;Bandero\u013c&#8221;.<\/p>\n<p>Valsts zieme\u013cos, dienvidos un austrumos 103 droni notriekti, neitraliz\u0113ti vai p\u0101r tiem zaud\u0113ta vad\u012bba.<\/p>\n<p>Fiks\u0113ti ienaidnieka gaisa uzbrukuma l\u012bdzek\u013cu tr\u0101p\u012bjumi 15 viet\u0101s, atl\u016bzas nog\u0101zu\u0161\u0101s se\u0161\u0101s viet\u0101s.<\/p>\n<p>Droni raid\u012bti no pierobe\u017eas re\u0123ioniem Krievij\u0101, k\u0101 ar\u012b okup\u0113taj\u0101m teritorij\u0101m Doneckas apgabal\u0101 un Krim\u0101. Ra\u0137ete raid\u012bta no Meln\u0101s j\u016bras akvatorija.<\/p>\n<p>Krievijas karasp\u0113ka triecien\u0101 Odesas apgabal\u0101 piektdienas r\u012bt\u0101 viens cilv\u0113ks nogalin\u0101ts un pieci ievainoti, ar\u012b viens b\u0113rns, pav\u0113st\u012bja apgabala administr\u0101cijas vad\u012bt\u0101js Olehs Kipers.<\/p>\n<p>Apgabal\u0101 cietusi civil\u0101 infrastrukt\u016bra.<\/p>\n<p>Nakt\u012b krievi veiku\u0161i triecienus Zapori\u017ejai un Kropivnickai. Ab\u0101s pils\u0113t\u0101s nodar\u012bti post\u012bjumi daudzst\u0101vu dz\u012bvojamiem namiem.<\/p>\n","protected":false},"excerpt":{"rendered":"Krievija uzbrukusi ar droniem &#8220;Shahed&#8221;, &#8220;Gerbera&#8221;, citu tipu droniem, k\u0101 ar\u012b ra\u0137e\u0161droniem S8000 &#8220;Bandero\u013c&#8221;. Valsts zieme\u013cos, dienvidos un&hellip;\n","protected":false},"author":2,"featured_media":285765,"comment_status":"","ping_status":"","sticky":false,"template":"","format":"standard","meta":{"footnotes":"","_share_on_mastodon":"0"},"categories":[14],"tags":[23,57,28,29,32,33,22,74,30,31,35,39,38,36,37,34,40,20,26,27,24,25,276,54,55,56,21,58],"class_list":["post-285764","post","type-post","status-publish","format-standard","has-post-thumbnail","category-zinas-no-arvalstim","tag-aktualitates","tag-arvalstim","tag-breaking-news","tag-breakingnews","tag-featured-news","tag-featurednews","tag-headlines","tag-krievijas-iebrukums-ukraina","tag-latest-news","tag-latestnews","tag-latvia","tag-latvian","tag-latviesu","tag-latviesu-valoda","tag-latviesuvaloda","tag-latvija","tag-lv","tag-news","tag-popularakas-zinas","tag-popularakaszinas","tag-top-stories","tag-topstories","tag-ukraina","tag-world","tag-world-news","tag-worldnews","tag-zinas","tag-zinas-no-arvalstim"],"share_on_mastodon":{"url":"https:\/\/pubeurope.com\/@lv\/117212880822553136","error":""},"_links":{"self":[{"href":"https:\/\/www.europesays.com\/lv\/wp-json\/wp\/v2\/posts\/285764","targetHints":{"allow":["GET"]}}],"collection":[{"href":"https:\/\/www.europesays.com\/lv\/wp-json\/wp\/v2\/posts"}],"about":[{"href":"https:\/\/www.europesays.com\/lv\/wp-json\/wp\/v2\/types\/post"}],"author":[{"embeddable":true,"href":"https:\/\/www.europesays.com\/lv\/wp-json\/wp\/v2\/users\/2"}],"replies":[{"embeddable":true,"href":"https:\/\/www.europesays.com\/lv\/wp-json\/wp\/v2\/comments?post=285764"}],"version-history":[{"count":0,"href":"https:\/\/www.europesays.com\/lv\/wp-json\/wp\/v2\/posts\/285764\/revisions"}],"wp:featuredmedia":[{"embeddable":true,"href":"https:\/\/www.europesays.com\/lv\/wp-json\/wp\/v2\/media\/285765"}],"wp:attachment":[{"href":"https:\/\/www.europesays.com\/lv\/wp-json\/wp\/v2\/media?parent=285764"}],"wp:term":[{"taxonomy":"category","embeddable":true,"href":"https:\/\/www.europesays.com\/lv\/wp-json\/wp\/v2\/categories?post=285764"},{"taxonomy":"post_tag","embeddable":true,"href":"https:\/\/www.europesays.com\/lv\/wp-json\/wp\/v2\/tags?post=285764"}],"curies":[{"name":"wp","href":"https:\/\/api.w.org\/{rel}","templated":true}]}}