{"id":285772,"date":"2026-09-04T13:05:17","date_gmt":"2026-09-04T13:05:17","guid":{"rendered":"https:\/\/www.europesays.com\/lv\/285772\/"},"modified":"2026-09-04T13:05:17","modified_gmt":"2026-09-04T13:05:17","slug":"video-%e2%9f%a9-dzierkals-izkaujas-un-gust-vartus-parbaudes-maca","status":"publish","type":"post","link":"https:\/\/www.europesays.com\/lv\/285772\/","title":{"rendered":"VIDEO \u27e9 Dzierkals izkaujas un g\u016bst v\u0101rtus p\u0101rbaudes ma\u010d\u0101"},"content":{"rendered":"<p>&#8220;Sparta&#8221; ar rezult\u0101tu 5:2 (2:0, 2:1, 1:1) p\u0101rsp\u0113ja citu \u010cehijas hokeja klubu Kladno &#8220;Rytiri&#8221;.<\/p>\n<p>Dzierkals guva v\u0101rtus ma\u010da tre\u0161aj\u0101 period\u0101, tobr\u012bd pan\u0101kot rezult\u0101tu 5:1.<\/p>\n<p>Latvijas uzbruc\u0113js ar\u012b iesaist\u012bj\u0101s kauti\u0146\u0101 ar pretinieku komandas sp\u0113l\u0113t\u0101ju.<\/p>\n<p>Dzierkals otro sezonu p\u0101rst\u0101v &#8220;Sparta&#8221; komandu. \u010cehijas ekstral\u012bgas sezona s\u0101ksies 15. septembr\u012b.<\/p>\n<p>Iepriek\u0161\u0113j\u0101 sezon\u0101 Dzierkals regul\u0101raj\u0101 \u010dempion\u0101t\u0101 50 sp\u0113l\u0113s guva septi\u0146us v\u0101rtus un veica asto\u0146as rezultat\u012bvas piesp\u0113les.<\/p>\n<p>Savuk\u0101rt &#8220;play-off&#8221; turn\u012br\u0101 19 ma\u010dos Dzierkals sakr\u0101ja \u010detrus rezultativit\u0101tes punktus (2+2).<\/p>\n<p>Dzierkala p\u0101rst\u0101v\u0113t\u0101 &#8220;Sparta&#8221; pag\u0101ju\u0161aj\u0101 sezon\u0101 sasniedza \u010cehijas ekstral\u012bgas pusfin\u0101lu, kur septi\u0146\u0101s sp\u0113l\u0113s ar 3-4 tika atz\u012bts \u010dempiones Pardubices &#8220;Dynamo&#8221; p\u0101r\u0101kums.<\/p>\n","protected":false},"excerpt":{"rendered":"&#8220;Sparta&#8221; ar rezult\u0101tu 5:2 (2:0, 2:1, 1:1) p\u0101rsp\u0113ja citu \u010cehijas hokeja klubu Kladno &#8220;Rytiri&#8221;. Dzierkals guva v\u0101rtus ma\u010da&hellip;\n","protected":false},"author":2,"featured_media":285773,"comment_status":"","ping_status":"","sticky":false,"template":"","format":"standard","meta":{"footnotes":"","_share_on_mastodon":"0"},"categories":[17],"tags":[836,838,394,721,35,39,38,36,37,34,40,6355,67],"class_list":["post-285772","post","type-post","status-publish","format-standard","has-post-thumbnail","category-sports","tag-hokeja-jaunumi","tag-hokejisti-arzemes","tag-hokejs","tag-hokejs-pasaule","tag-latvia","tag-latvian","tag-latviesu","tag-latviesu-valoda","tag-latviesuvaloda","tag-latvija","tag-lv","tag-martins-dzierkals","tag-sports"],"share_on_mastodon":{"url":"https:\/\/pubeurope.com\/@lv\/117212919958601167","error":""},"_links":{"self":[{"href":"https:\/\/www.europesays.com\/lv\/wp-json\/wp\/v2\/posts\/285772","targetHints":{"allow":["GET"]}}],"collection":[{"href":"https:\/\/www.europesays.com\/lv\/wp-json\/wp\/v2\/posts"}],"about":[{"href":"https:\/\/www.europesays.com\/lv\/wp-json\/wp\/v2\/types\/post"}],"author":[{"embeddable":true,"href":"https:\/\/www.europesays.com\/lv\/wp-json\/wp\/v2\/users\/2"}],"replies":[{"embeddable":true,"href":"https:\/\/www.europesays.com\/lv\/wp-json\/wp\/v2\/comments?post=285772"}],"version-history":[{"count":0,"href":"https:\/\/www.europesays.com\/lv\/wp-json\/wp\/v2\/posts\/285772\/revisions"}],"wp:featuredmedia":[{"embeddable":true,"href":"https:\/\/www.europesays.com\/lv\/wp-json\/wp\/v2\/media\/285773"}],"wp:attachment":[{"href":"https:\/\/www.europesays.com\/lv\/wp-json\/wp\/v2\/media?parent=285772"}],"wp:term":[{"taxonomy":"category","embeddable":true,"href":"https:\/\/www.europesays.com\/lv\/wp-json\/wp\/v2\/categories?post=285772"},{"taxonomy":"post_tag","embeddable":true,"href":"https:\/\/www.europesays.com\/lv\/wp-json\/wp\/v2\/tags?post=285772"}],"curies":[{"name":"wp","href":"https:\/\/api.w.org\/{rel}","templated":true}]}}