{"id":285774,"date":"2026-09-04T13:07:19","date_gmt":"2026-09-04T13:07:19","guid":{"rendered":"https:\/\/www.europesays.com\/lv\/285774\/"},"modified":"2026-09-04T13:07:19","modified_gmt":"2026-09-04T13:07:19","slug":"iepirkumu-skandals-maksa-amatu","status":"publish","type":"post","link":"https:\/\/www.europesays.com\/lv\/285774\/","title":{"rendered":"Iepirkumu skand\u0101ls maks\u0101 amatu"},"content":{"rendered":"<p class=\"lead\">\n                                    Igaunijas aizsardz\u012bbas ministrs Hanno Pevkurs tre\u0161dien pazi\u0146oja par atk\u0101p\u0161anos no amata, l\u0113mumu pie\u0146emot p\u0113c Valsts kontroles p\u0101rmetumiem par Igaunijas Aizsardz\u012bbas sp\u0113ku un Valsts aizsardz\u012bbas invest\u012bciju centra (RKIK) darb\u012bbu.\n                                <\/p>\n<p>Valsts kontroles p\u0101rmetumi ir tik nopietni, ka ir j\u0101uz\u0146emas politisk\u0101 atbild\u012bba un j\u0101atk\u0101pjas no amata, pauda Pevkurs. Otrdien prokurat\u016bra pazi\u0146oja, ka ir uzs\u0101kusi krimin\u0101lprocesu par Aizsardz\u012bbas ministrijas p\u0101rvaldes jom\u0101 konstat\u0113tajiem p\u0101rk\u0101pumiem. Valsts kontroles rev\u012bzija attiec\u0101s uz valsts 2024. gada finan\u0161u p\u0101rskata pareiz\u012bbu un dar\u012bjumu likum\u012bbu. Skand\u0101ls izc\u0113l\u0101s, kad atkl\u0101j\u0101s, ka Igaunija k\u0101 priek\u0161apmaksu par mun\u012bciju Ukrainai bija samaks\u0101jusi 70 miljonus eiro Indijas uz\u0146\u0113mumam, kam iepriek\u0161 nebija pieredzes \u0161\u0101da veida dar\u012bjumos. Biju\u0161ais RKIK vad\u012bt\u0101js Magnuss Valdem\u0101rs S\u0101rs apstiprin\u0101ja, ka visi svar\u012bgie l\u0113mumi tika pie\u0146emti ar Aizsardz\u012bbas ministrijas apstiprin\u0101jumu. Pevkurs ie\u0146\u0113ma aizsardz\u012bbas ministra amatu kop\u0161 2022. gada.<\/p>\n<p class=\"paragraph-muted\">Izv\u0113lies savu soct\u012bklu platformu, lai sekotu LASI.LV: <a href=\"https:\/\/www.facebook.com\/portals.lasi.lv\" target=\"_blank\" rel=\"noopener noreferrer nofollow\">Facebook<\/a>, <a href=\"https:\/\/twitter.com\/lasilvportals\" target=\"_blank\" rel=\"noopener noreferrer nofollow\">X<\/a>, <a href=\"https:\/\/bsky.app\/profile\/lasilv.bsky.social\" target=\"_blank\" rel=\"noopener noreferrer nofollow\">Bluesky<\/a>, <a href=\"https:\/\/www.draugiem.lv\/lasilv\/?pg=4\" target=\"_blank\" rel=\"noopener noreferrer nofollow\">Draugiem<\/a>, <a href=\"https:\/\/www.threads.com\/@lasilv_zinas\" rel=\"nofollow noopener\" target=\"_blank\">Threads<\/a> vai ar\u012b <a href=\"https:\/\/www.instagram.com\/lasilv_zinas\/\" target=\"_blank\" rel=\"noopener noreferrer nofollow\">Instagram<\/a>. Pievienojies m\u016bsu las\u012bt\u0101ju pulkam, lai sa\u0146emtu \u012bpa\u0161i tev atlas\u012btu noder\u012bgu, praktisku un aktu\u0101lu saturu.\u00a0<\/p>\n<p style=\"margin-left:auto;\">Pieraksties LASI.LV redaktora v\u0113stkopai <a href=\"https:\/\/lasi.lv\/vestkopa\/lasi-lv-galvena-redaktora-vestkopa\" rel=\"nofollow noopener\" target=\"_blank\">\u0161eit<\/a>.<\/p>\n<p>Pieraksties v\u0113stkopai un divas reizes ned\u0113\u013c\u0101 sa\u0146em padzi\u013cin\u0101tu LASI.LV galven\u0101 redaktora aktu\u0101lo zi\u0146u, kompetentu viedok\u013cu un interesant\u0101ko interviju apkopojumu.<\/p>\n<p>Ko tu sa\u0146emsi:<\/p>\n<ul>\n<li>Daudzveid\u012bgus koment\u0101rus un kompetentus Latvijas Mediju \u017eurn\u0101listu un autoru viedok\u013cus par aktu\u0101lo<\/li>\n<li>Ekspertu koment\u0101rus par da\u017e\u0101diem praktiskiem, noder\u012bgiem tematiem<\/li>\n<li>Aizraujo\u0161us materi\u0101lus par v\u0113sturi, psiholo\u0123iju, kult\u016bru<\/li>\n<li>Gata \u0160\u013c\u016bkas karikat\u016bru<\/li>\n<li>Tav\u0101 e-pasta kast\u012bt\u0113 katru ceturtdienu<\/li>\n<\/ul>\n<p style=\"margin-left:auto;\">\u00a0<\/p>\n<p><script async src=\"https:\/\/platform.twitter.com\/widgets.js\" charset=\"utf-8\"><\/script><script async src=\"\/\/www.instagram.com\/embed.js\"><\/script><\/p>\n","protected":false},"excerpt":{"rendered":"Igaunijas aizsardz\u012bbas ministrs Hanno Pevkurs tre\u0161dien pazi\u0146oja par atk\u0101p\u0161anos no amata, l\u0113mumu pie\u0146emot p\u0113c Valsts kontroles p\u0101rmetumiem par&hellip;\n","protected":false},"author":2,"featured_media":285775,"comment_status":"","ping_status":"","sticky":false,"template":"","format":"standard","meta":{"footnotes":"","_share_on_mastodon":"0"},"categories":[14],"tags":[23,57,28,29,32,33,22,30,31,35,39,38,36,37,34,40,20,26,27,24,25,54,55,56,21,58],"class_list":["post-285774","post","type-post","status-publish","format-standard","has-post-thumbnail","category-zinas-no-arvalstim","tag-aktualitates","tag-arvalstim","tag-breaking-news","tag-breakingnews","tag-featured-news","tag-featurednews","tag-headlines","tag-latest-news","tag-latestnews","tag-latvia","tag-latvian","tag-latviesu","tag-latviesu-valoda","tag-latviesuvaloda","tag-latvija","tag-lv","tag-news","tag-popularakas-zinas","tag-popularakaszinas","tag-top-stories","tag-topstories","tag-world","tag-world-news","tag-worldnews","tag-zinas","tag-zinas-no-arvalstim"],"share_on_mastodon":{"url":"https:\/\/pubeurope.com\/@lv\/117212928229537588","error":""},"_links":{"self":[{"href":"https:\/\/www.europesays.com\/lv\/wp-json\/wp\/v2\/posts\/285774","targetHints":{"allow":["GET"]}}],"collection":[{"href":"https:\/\/www.europesays.com\/lv\/wp-json\/wp\/v2\/posts"}],"about":[{"href":"https:\/\/www.europesays.com\/lv\/wp-json\/wp\/v2\/types\/post"}],"author":[{"embeddable":true,"href":"https:\/\/www.europesays.com\/lv\/wp-json\/wp\/v2\/users\/2"}],"replies":[{"embeddable":true,"href":"https:\/\/www.europesays.com\/lv\/wp-json\/wp\/v2\/comments?post=285774"}],"version-history":[{"count":0,"href":"https:\/\/www.europesays.com\/lv\/wp-json\/wp\/v2\/posts\/285774\/revisions"}],"wp:featuredmedia":[{"embeddable":true,"href":"https:\/\/www.europesays.com\/lv\/wp-json\/wp\/v2\/media\/285775"}],"wp:attachment":[{"href":"https:\/\/www.europesays.com\/lv\/wp-json\/wp\/v2\/media?parent=285774"}],"wp:term":[{"taxonomy":"category","embeddable":true,"href":"https:\/\/www.europesays.com\/lv\/wp-json\/wp\/v2\/categories?post=285774"},{"taxonomy":"post_tag","embeddable":true,"href":"https:\/\/www.europesays.com\/lv\/wp-json\/wp\/v2\/tags?post=285774"}],"curies":[{"name":"wp","href":"https:\/\/api.w.org\/{rel}","templated":true}]}}