{"id":285788,"date":"2026-09-04T13:19:09","date_gmt":"2026-09-04T13:19:09","guid":{"rendered":"https:\/\/www.europesays.com\/lv\/285788\/"},"modified":"2026-09-04T13:19:09","modified_gmt":"2026-09-04T13:19:09","slug":"gaisa-uzbrukuma-ukraina-nodariti-postijumi-pasaules-veselibas-organizacijas-noliktavai","status":"publish","type":"post","link":"https:\/\/www.europesays.com\/lv\/285788\/","title":{"rendered":"Gaisa uzbrukum\u0101 Ukrain\u0101 nodar\u012bti post\u012bjumi Pasaules Vesel\u012bbas organiz\u0101cijas noliktavai"},"content":{"rendered":"<p><a href=\"https:\/\/www.tvnet.lv\/term\/175292\/pvo\" class=\"topicLink\" target=\"_blank\" rel=\"nofollow noopener\">PVO<\/a> p\u0101rbauda un re\u0123istr\u0113 uzbrukumus vesel\u012bbas apr\u016bpes iest\u0101d\u0113m, ta\u010du parasti nenosauc vain\u012bgos, tom\u0113r ir skaidrs, ka ar\u012b \u0161o uzbrukumu veica Krievija.<\/p>\n<p>Nakt\u012b gaisa uzbrukums Kijivas apgabal\u0101 sk\u0101ra vienu no PVO galvenaj\u0101m noliktav\u0101m, kur\u0101 tika glab\u0101tas medic\u012bnisk\u0101s preces un piederumi, \u017eurn\u0101listiem \u017den\u0113v\u0101 pazi\u0146oja PVO preses sekret\u0101rs Kristians Lindmeiers.<\/p>\n<p>&#8220;Piek\u013cuve objektam joproj\u0101m ir ierobe\u017eota smag\u0101 pied\u016bmojuma un dro\u0161\u012bbas apsv\u0113rumu d\u0113\u013c, bet tiek veikta iesp\u0113jamo boj\u0101jumu un zaud\u0113to kr\u0101jumu nov\u0113rt\u0113\u0161ana,&#8221; pazi\u0146oja Lindmeiers. Vi\u0146\u0161 piebilda, ka neviens PVO darbinieks nav cietis.<\/p>\n<p>&#8220;\u0160ie uzbrukumi ir da\u013ca no pla\u0161\u0101kas tendences, kas ietekm\u0113 hum\u0101n\u0101s pal\u012bdz\u012bbas oper\u0101cijas vis\u0101 valst\u012b,&#8221; teica Lindmeiers. &#8220;2026. gad\u0101 vismaz 20 uzbrukumi sk\u0101ru\u0161i noliktavas, kur\u0101s tiek uzglab\u0101tas hum\u0101n\u0101s pal\u012bdz\u012bbas preces, tostarp notika 15 uzbrukumi noliktav\u0101m, kur\u0101s atrodas ar vesel\u012bbu saist\u012btas hum\u0101n\u0101s pal\u012bdz\u012bbas preces.&#8221;<\/p>\n<p>Lindmeiers nor\u0101d\u012bja, ka p\u0113d\u0113jo tr\u012bs m\u0113ne\u0161u laik\u0101 gaisa uzbrukumos saboj\u0101tas tr\u012bs PVO noliktavas da\u017e\u0101dos Ukrainas re\u0123ionos, izn\u012bcinot b\u016btiskas medic\u012bnisk\u0101s preces, kas bija paredz\u0113tas frontes l\u012bnijai un gr\u016bti sasniedzamajiem apgabaliem.<\/p>\n<p>Pirms div\u0101m ned\u0113\u013c\u0101m uzbrukum\u0101 tika izn\u012bcin\u0101ta hum\u0101n\u0101s pal\u012bdz\u012bbas noliktava D\u0146ipro, k\u0101 rezult\u0101t\u0101 tika zaud\u0113ta puse no medic\u012bniskaj\u0101m prec\u0113m un apr\u012bkojuma, kas bija paredz\u0113ti aptuveni 225 000 cilv\u0113ku atbalstam.<\/p>\n<p>V\u0113l viena PVO noliktava Kijivas apgabal\u0101 tika saboj\u0101ta j\u016blij\u0101, kad Krievija masveid\u0101 uzbruka Ukrainas galvaspils\u0113tai un t\u0101s apk\u0101rtnei.<\/p>\n<p>Lindmeiers piebilda, ka, cik vi\u0146am zin\u0101ms, visu ANO un PVO noliktavu atra\u0161an\u0101s vietas ir dar\u012btas zin\u0101mas vis\u0101m bru\u0146ot\u0101 konflikt\u0101 iesaist\u012btaj\u0101m pus\u0113m, skaidri nor\u0101dot, ka tie nav milit\u0101ri m\u0113r\u0137i.<\/p>\n","protected":false},"excerpt":{"rendered":"PVO p\u0101rbauda un re\u0123istr\u0113 uzbrukumus vesel\u012bbas apr\u016bpes iest\u0101d\u0113m, ta\u010du parasti nenosauc vain\u012bgos, tom\u0113r ir skaidrs, ka ar\u012b \u0161o&hellip;\n","protected":false},"author":2,"featured_media":285789,"comment_status":"","ping_status":"","sticky":false,"template":"","format":"standard","meta":{"footnotes":"","_share_on_mastodon":"0"},"categories":[14],"tags":[23,57,28,29,32,33,22,74,30,31,35,39,38,36,37,34,40,20,26,27,36310,24,25,276,54,55,56,21,58],"class_list":["post-285788","post","type-post","status-publish","format-standard","has-post-thumbnail","category-zinas-no-arvalstim","tag-aktualitates","tag-arvalstim","tag-breaking-news","tag-breakingnews","tag-featured-news","tag-featurednews","tag-headlines","tag-krievijas-iebrukums-ukraina","tag-latest-news","tag-latestnews","tag-latvia","tag-latvian","tag-latviesu","tag-latviesu-valoda","tag-latviesuvaloda","tag-latvija","tag-lv","tag-news","tag-popularakas-zinas","tag-popularakaszinas","tag-pvo","tag-top-stories","tag-topstories","tag-ukraina","tag-world","tag-world-news","tag-worldnews","tag-zinas","tag-zinas-no-arvalstim"],"share_on_mastodon":{"url":"https:\/\/pubeurope.com\/@lv\/117212975320255472","error":""},"_links":{"self":[{"href":"https:\/\/www.europesays.com\/lv\/wp-json\/wp\/v2\/posts\/285788","targetHints":{"allow":["GET"]}}],"collection":[{"href":"https:\/\/www.europesays.com\/lv\/wp-json\/wp\/v2\/posts"}],"about":[{"href":"https:\/\/www.europesays.com\/lv\/wp-json\/wp\/v2\/types\/post"}],"author":[{"embeddable":true,"href":"https:\/\/www.europesays.com\/lv\/wp-json\/wp\/v2\/users\/2"}],"replies":[{"embeddable":true,"href":"https:\/\/www.europesays.com\/lv\/wp-json\/wp\/v2\/comments?post=285788"}],"version-history":[{"count":0,"href":"https:\/\/www.europesays.com\/lv\/wp-json\/wp\/v2\/posts\/285788\/revisions"}],"wp:featuredmedia":[{"embeddable":true,"href":"https:\/\/www.europesays.com\/lv\/wp-json\/wp\/v2\/media\/285789"}],"wp:attachment":[{"href":"https:\/\/www.europesays.com\/lv\/wp-json\/wp\/v2\/media?parent=285788"}],"wp:term":[{"taxonomy":"category","embeddable":true,"href":"https:\/\/www.europesays.com\/lv\/wp-json\/wp\/v2\/categories?post=285788"},{"taxonomy":"post_tag","embeddable":true,"href":"https:\/\/www.europesays.com\/lv\/wp-json\/wp\/v2\/tags?post=285788"}],"curies":[{"name":"wp","href":"https:\/\/api.w.org\/{rel}","templated":true}]}}