{"id":285840,"date":"2026-09-04T14:03:16","date_gmt":"2026-09-04T14:03:16","guid":{"rendered":"https:\/\/www.europesays.com\/lv\/285840\/"},"modified":"2026-09-04T14:03:16","modified_gmt":"2026-09-04T14:03:16","slug":"latvija-kopa-ar-ukrainu-pastiprinas-graudu-kontroli-delfi","status":"publish","type":"post","link":"https:\/\/www.europesays.com\/lv\/285840\/","title":{"rendered":"Latvija kop\u0101 ar Ukrainu pastiprin\u0101s graudu kontroli &#8211; DELFI"},"content":{"rendered":"<ol>\n<li><a href=\"https:\/\/news.google.com\/rss\/articles\/CBMimwFBVV95cUxNNHhjc1l1Q1h0OG13dG8tRUpvLWJCd2tfZ2pfWEtPeFNiRlZpUm05R2F0bXdvTEw3Slc5alB1NndXX0MzMC1WUklZY3FEZE9MZThsQ21raVF6R1FhUS15M1U1ZVVJdmNlQXV2Z1VCY0J6RmpvNGI1d01kejByR2k4TGN5VnNKZzgzazZwNFZxMU44MFc5VXBmOW5GTQ?oc=5\" target=\"_blank\" rel=\"nofollow noopener\">Latvija kop\u0101 ar Ukrainu pastiprin\u0101s graudu kontroli<\/a>&nbsp;&nbsp;DELFI<\/li>\n<li><a href=\"https:\/\/news.google.com\/rss\/articles\/CBMixgFBVV95cUxObDB0LXNYUzdwOXpRVmNZeS1GSTFGeVhyZ1gwUExNMElDWDlUT3l4T3ZuTzBGRGZrSFVBWUhvYWdhUmxoRFIyeXJPVFkxV2NzS3JRV3lXbkRGYXJxcHlNbjc2NXRYbER0TnczS3d6NGx3ek5SSEVQbzl6c1Y1SmxqLVNxZzFVLUFseWJjVGVYMGdqaFdobVhWQmZXMUtIYnExalMyQm9aeDF3Q1hOMTNTcER3Tk10bmRTU0JFdExkRk1HOGdhYXc?oc=5\" target=\"_blank\" rel=\"nofollow noopener\">PVD var\u0113s p\u0101rbaud\u012bt tranz\u012bta graudu kravu izcelsmi Latvijas ost\u0101s \/ Raksts<\/a>&nbsp;&nbsp;LSM<\/li>\n<li><a href=\"https:\/\/news.google.com\/rss\/articles\/CBMipgFBVV95cUxNbmo3QTNneHhqemc0THIxZGwtYVRpRkhFMmctVjJaZ3hjckxJQU02Y1hQWkdhSERDNGdYOHFyOXlVQl9XUzJkLTcxSkZJanBPY0R1N1VONGFZd2YtTlViVjFPLXVvaTRLTVVGdmhzaTBfaEQ5WGJWQVVXMUZRdmZZdnphMUdJcVdkaHBlTDRvVmxqb24wR3NTRmt3WWJWYURUOC1sME9R?oc=5\" target=\"_blank\" rel=\"nofollow noopener\">Kulbergs uzdod veikt p\u0101rbaudi Latvijas ost\u0101s \u2013 vi\u0146\u0161 Kijiv\u0101 sa\u0146\u0113mis nopietnu inform\u0101ciju<\/a>&nbsp;&nbsp;LA.LV<\/li>\n<li><a href=\"https:\/\/news.google.com\/rss\/articles\/CBMiqgFBVV95cUxNRWRDT1Z5MnVXSzRkc0NhWXZFOTQ0U1dJT05wLTgwamxDeGg4S1JJTGNrdTZtblhHSjNqYTYwY29acDhEelp6S1FSUTdNOUlQQXVndEc2M19uQ2puMU9ReVRfcXZENHktMUNidF96a09sZ2dERWI0al9CUUtsai1Bc3g3dERDOEdDR2ZaU21hWjF3MlZ0aXdGVUZxaTA1TVRoQjBta1dDTWxQUQ?oc=5\" target=\"_blank\" rel=\"nofollow noopener\">Lauksaimnieki ce\u013c trauksmi: Krievijas graudi izspie\u017e Latvijas lab\u012bbu no ost\u0101m<\/a>&nbsp;&nbsp;tv3.lv<\/li>\n<li><a href=\"https:\/\/news.google.com\/rss\/articles\/CBMimgFBVV95cUxNMFk1VnZYWWUzbnJjM2ZNekU2QWVlUWdPUE1lNlN0cE1mbFVyMmN3dDBNWHdhUkgzSnZNTU91M0dZRWpQNFR5NVduaTFYTEtOZnlVZ3RsU0xkRTFNWGd2RE9SWWRfdjFwdnpnU09qdnRKQVlCNFFGNVdFSUw0aFgwNnR6ZEwxNWxRTmxjMFFuLW1TcVRKcnBBMnlR?oc=5\" target=\"_blank\" rel=\"nofollow noopener\">PVD var\u0113s p\u0101rbaud\u012bt tranz\u012bta graudu kravu izcelsmi Latvijas ost\u0101s<\/a>&nbsp;&nbsp;TVNET<\/li>\n<\/ol>\n","protected":false},"excerpt":{"rendered":"Latvija kop\u0101 ar Ukrainu pastiprin\u0101s graudu kontroli&nbsp;&nbsp;DELFI PVD var\u0113s p\u0101rbaud\u012bt tranz\u012bta graudu kravu izcelsmi Latvijas ost\u0101s \/ Raksts&nbsp;&nbsp;LSM&hellip;\n","protected":false},"author":2,"featured_media":285841,"comment_status":"","ping_status":"","sticky":false,"template":"","format":"standard","meta":{"footnotes":"","_share_on_mastodon":"0"},"categories":[5],"tags":[23,13248,28,29,32,33,22,30,31,35,39,38,36,37,34,40,20,26,27,24,25,276,178,21],"class_list":["post-285840","post","type-post","status-publish","format-standard","has-post-thumbnail","category-aktualitates","tag-aktualitates","tag-andris-kulbergs","tag-breaking-news","tag-breakingnews","tag-featured-news","tag-featurednews","tag-headlines","tag-latest-news","tag-latestnews","tag-latvia","tag-latvian","tag-latviesu","tag-latviesu-valoda","tag-latviesuvaloda","tag-latvija","tag-lv","tag-news","tag-popularakas-zinas","tag-popularakaszinas","tag-top-stories","tag-topstories","tag-ukraina","tag-volodimirs-zelenskis","tag-zinas"],"share_on_mastodon":{"url":"https:\/\/pubeurope.com\/@lv\/117213148503169488","error":""},"_links":{"self":[{"href":"https:\/\/www.europesays.com\/lv\/wp-json\/wp\/v2\/posts\/285840","targetHints":{"allow":["GET"]}}],"collection":[{"href":"https:\/\/www.europesays.com\/lv\/wp-json\/wp\/v2\/posts"}],"about":[{"href":"https:\/\/www.europesays.com\/lv\/wp-json\/wp\/v2\/types\/post"}],"author":[{"embeddable":true,"href":"https:\/\/www.europesays.com\/lv\/wp-json\/wp\/v2\/users\/2"}],"replies":[{"embeddable":true,"href":"https:\/\/www.europesays.com\/lv\/wp-json\/wp\/v2\/comments?post=285840"}],"version-history":[{"count":0,"href":"https:\/\/www.europesays.com\/lv\/wp-json\/wp\/v2\/posts\/285840\/revisions"}],"wp:featuredmedia":[{"embeddable":true,"href":"https:\/\/www.europesays.com\/lv\/wp-json\/wp\/v2\/media\/285841"}],"wp:attachment":[{"href":"https:\/\/www.europesays.com\/lv\/wp-json\/wp\/v2\/media?parent=285840"}],"wp:term":[{"taxonomy":"category","embeddable":true,"href":"https:\/\/www.europesays.com\/lv\/wp-json\/wp\/v2\/categories?post=285840"},{"taxonomy":"post_tag","embeddable":true,"href":"https:\/\/www.europesays.com\/lv\/wp-json\/wp\/v2\/tags?post=285840"}],"curies":[{"name":"wp","href":"https:\/\/api.w.org\/{rel}","templated":true}]}}