{"id":285906,"date":"2026-09-04T15:43:23","date_gmt":"2026-09-04T15:43:23","guid":{"rendered":"https:\/\/www.europesays.com\/lv\/285906\/"},"modified":"2026-09-04T15:43:23","modified_gmt":"2026-09-04T15:43:23","slug":"krievijas-trieciena-ukraina-cietusi-pvo-noliktava-delfi","status":"publish","type":"post","link":"https:\/\/www.europesays.com\/lv\/285906\/","title":{"rendered":"Krievijas triecien\u0101 Ukrain\u0101 cietusi PVO noliktava &#8211; DELFI"},"content":{"rendered":"<ol>\n<li><a href=\"https:\/\/news.google.com\/rss\/articles\/CBMingFBVV95cUxQbHNoMGVybGltajMxYmNlWnByZ1JmWGl3YVoyRU1lcWNpRjMtbzluVmlld2dVNHRXN0FxbWZFQ0pkWi1fOGxYLU83YmJ1SnpBSUdtMEdxSGVISllzaG11TUxxT0xhM2xjbXlVYy00VXpSdHFTV2RQMGkxTWtNUnRHUTByOGJVOGNWdmJQcEV1Qm1vekZneFRZc2w3Y1AzQQ?oc=5\" target=\"_blank\" rel=\"nofollow noopener\">Krievijas triecien\u0101 Ukrain\u0101 cietusi PVO noliktava<\/a>&nbsp;&nbsp;DELFI<\/li>\n<li><a href=\"https:\/\/news.google.com\/rss\/articles\/CBMi0AFBVV95cUxQcU9ERVo1bFJ1SmNnbEs5UlJGdjV4d09ORnJWLTVjMkdsa3Z0ODFpelJHUVVpZElONnN0Xzc5VWMyYWpPY3Y5T0g5b3VPZ0F0Skc5Wk51NGYzTzc0WmV0M1BTQmI3VmJ5NHZ6aUxwY0N2VXpyR0hqcDF3WEN2VzJEQUM0eTExc29Kc2llSUNOX2dBVDZCUFlpUjBBN1dsaE9CRTM1bi1ObVE2Y0V0YVFwMzdsdklINDJfQ0xuQmIzc2tvTjBFbWp3aVdSdzVqUTVp?oc=5\" target=\"_blank\" rel=\"nofollow noopener\">Krievija izn\u012bcin\u0101jusi vienu no liel\u0101kaj\u0101m farmaceitisko pre\u010du noliktav\u0101m Ukrain\u0101<\/a>&nbsp;&nbsp;liepajniekiem.lv<\/li>\n<li><a href=\"https:\/\/news.google.com\/rss\/articles\/CBMixgFBVV95cUxOaURONEhTTDR5RVc4R0tSOVFQTWRYUWE1T2dPMWtDN3B5d3g0dXRDZTBOV1NKM0RteDNpTENILUNnRWZwVVcxajI5bzVSVHY5Z1kxWlJFTnNQM05zTm50bmpOV0FhVDZpOVA3aVBxdlp2Q2xnWFhwNVFfRDRiME1wOUJFM3JJSXRqRV8wWmdwSTRjcTNETDBGWEp2dVNIY05NUlVoXzM0YUFVMTF4d3NjWlZRbmNCREo0RS1wNHRYWFVHc3dCd3c?oc=5\" target=\"_blank\" rel=\"nofollow noopener\">Krievijas uzbrukum\u0101 Ukrainai cietusi viena no PVO galvenaj\u0101m noliktav\u0101m<\/a>&nbsp;&nbsp;Inbox.lv<\/li>\n<li><a href=\"https:\/\/news.google.com\/rss\/articles\/CBMixwFBVV95cUxQTDhkaGx1alBHaE53M3ltdTFROFVfdXZrQ1RQbG5EMVVQcjBsWmtBcUlsSHNwNHFzd1c1S0s3MXQ0TTNiVkZVQ1VndlJKT1FrX0RnRVBudjFvdnJhS2N5RVY1ZmZsZWJILUlmd04yeHRLOUVuQ3c1ajVLdWFXcEdhcmpRM0ozT01KUnhleWN4VjQ2ajFGSHJIRTJtYTFYc2JQTnRSOEhSNUprM3VyTWhYX1N5MGFqN3hCbzlmZkFEMjYxWGhja2Jv?oc=5\" target=\"_blank\" rel=\"nofollow noopener\">Krievijas dronu uzbrukum\u0101 izn\u012bcin\u0101ta liela farmaceitisko pre\u010du noliktava Ukrain\u0101<\/a>&nbsp;&nbsp;DELFI<\/li>\n<li><a href=\"https:\/\/news.google.com\/rss\/articles\/CBMixgFBVV95cUxNOWVjR3phT2pqVl9CM0U0N1RHUkFqR3YzQ1BjOWJaSWNWMEhtSGNYMVAzRVc3aGhLLWhmVldNczNCY3k3aU95RG9lVHg0R0NwR0U4T244Z1NWWjMwazhZd1IxYkU5M2k2SlZEc0hDRjFCR0c0eG91XzJCX3ctLVJPT3JPWWNVdU1sdTBCNGIwY191UjVDUjNjQ2xZY0Z6Tmc1aGUwLXhlQ2J6MFpISDhGVjNUd05BWTR4dkNuNVcxc1QzT0gxU0E?oc=5\" target=\"_blank\" rel=\"nofollow noopener\">VIDEO. Ukraina triecien\u0101 zaud\u0113jusi milz\u012bgu farmaceitisko pre\u010du noliktavu<\/a>&nbsp;&nbsp;Inbox.lv<\/li>\n<\/ol>\n","protected":false},"excerpt":{"rendered":"Krievijas triecien\u0101 Ukrain\u0101 cietusi PVO noliktava&nbsp;&nbsp;DELFI Krievija izn\u012bcin\u0101jusi vienu no liel\u0101kaj\u0101m farmaceitisko pre\u010du noliktav\u0101m Ukrain\u0101&nbsp;&nbsp;liepajniekiem.lv Krievijas uzbrukum\u0101 Ukrainai&hellip;\n","protected":false},"author":2,"featured_media":285907,"comment_status":"","ping_status":"","sticky":false,"template":"","format":"standard","meta":{"footnotes":"","_share_on_mastodon":"0"},"categories":[14],"tags":[23,57,28,29,41345,32,33,22,74,30,31,35,39,38,36,37,34,40,20,26,27,24,25,276,54,55,56,21,58],"class_list":["post-285906","post","type-post","status-publish","format-standard","has-post-thumbnail","category-zinas-no-arvalstim","tag-aktualitates","tag-arvalstim","tag-breaking-news","tag-breakingnews","tag-enex","tag-featured-news","tag-featurednews","tag-headlines","tag-krievijas-iebrukums-ukraina","tag-latest-news","tag-latestnews","tag-latvia","tag-latvian","tag-latviesu","tag-latviesu-valoda","tag-latviesuvaloda","tag-latvija","tag-lv","tag-news","tag-popularakas-zinas","tag-popularakaszinas","tag-top-stories","tag-topstories","tag-ukraina","tag-world","tag-world-news","tag-worldnews","tag-zinas","tag-zinas-no-arvalstim"],"share_on_mastodon":{"url":"https:\/\/pubeurope.com\/@lv\/117213541764599607","error":""},"_links":{"self":[{"href":"https:\/\/www.europesays.com\/lv\/wp-json\/wp\/v2\/posts\/285906","targetHints":{"allow":["GET"]}}],"collection":[{"href":"https:\/\/www.europesays.com\/lv\/wp-json\/wp\/v2\/posts"}],"about":[{"href":"https:\/\/www.europesays.com\/lv\/wp-json\/wp\/v2\/types\/post"}],"author":[{"embeddable":true,"href":"https:\/\/www.europesays.com\/lv\/wp-json\/wp\/v2\/users\/2"}],"replies":[{"embeddable":true,"href":"https:\/\/www.europesays.com\/lv\/wp-json\/wp\/v2\/comments?post=285906"}],"version-history":[{"count":0,"href":"https:\/\/www.europesays.com\/lv\/wp-json\/wp\/v2\/posts\/285906\/revisions"}],"wp:featuredmedia":[{"embeddable":true,"href":"https:\/\/www.europesays.com\/lv\/wp-json\/wp\/v2\/media\/285907"}],"wp:attachment":[{"href":"https:\/\/www.europesays.com\/lv\/wp-json\/wp\/v2\/media?parent=285906"}],"wp:term":[{"taxonomy":"category","embeddable":true,"href":"https:\/\/www.europesays.com\/lv\/wp-json\/wp\/v2\/categories?post=285906"},{"taxonomy":"post_tag","embeddable":true,"href":"https:\/\/www.europesays.com\/lv\/wp-json\/wp\/v2\/tags?post=285906"}],"curies":[{"name":"wp","href":"https:\/\/api.w.org\/{rel}","templated":true}]}}