{"id":285940,"date":"2026-09-04T16:35:19","date_gmt":"2026-09-04T16:35:19","guid":{"rendered":"https:\/\/www.europesays.com\/lv\/285940\/"},"modified":"2026-09-04T16:35:19","modified_gmt":"2026-09-04T16:35:19","slug":"satura-veidotajs-vitols-vares-sacensties-ar-cetrkartejo-f-1-cempionu-verstapenu","status":"publish","type":"post","link":"https:\/\/www.europesays.com\/lv\/285940\/","title":{"rendered":"Satura veidot\u0101js V\u012btols var\u0113s sacensties ar \u010detrk\u0101rt\u0113jo F-1 \u010dempionu Verstapenu"},"content":{"rendered":"<p>V\u012btolam ir vair\u0101k nek\u0101 80 t\u016bksto\u0161i sekot\u0101ju &#8220;Instagram&#8221; platform\u0101. Vi\u0146\u0161 veido da\u017e\u0101da veida saturu par automa\u0161\u012bn\u0101m.<\/p>\n<p>&#8220;Esmu izraudz\u012bts k\u0101 viens no 100, kas sacent\u012bsies ar kartingu pret <a href=\"https:\/\/sports.tvnet.lv\/term\/64950\/f-1\" class=\"topicLink\" target=\"_blank\" rel=\"nofollow noopener\">F-1<\/a> pasaules \u010dempionu Maksu Verstapenu,&#8221; v\u0113sta V\u012btols.<\/p>\n<p>&#8220;Joproj\u0101m nesp\u0113ju tam notic\u0113t! Tie\u0161raid\u0113 to var\u0113s redz\u0113t ESPN un Disney+ 16. septembr\u012b,&#8221; nor\u0101d\u012bja influenceris.<\/p>\n<p>Verstapens, kur\u0161 p\u0101rst\u0101v &#8220;Red Bull&#8221; komandu, ir \u010detrk\u0101rt\u0113js F-1 \u010dempions (2021., 2022., 2023., 2024.).<\/p>\n<p>28 gadus vecais F-1 pilots \u0161osezon pasaules \u010dempion\u0101ta kopv\u0113rt\u0113jum\u0101 ie\u0146em sesto vietu.<\/p>\n<p>Koment\u0101ros pie V\u012btola publik\u0101cijas saj\u016bsmu par \u0161o notikumu pau\u017e ar\u012b Latvijas basketbola zvaigzne Kristaps Porzi\u0146\u0123is.<\/p>\n","protected":false},"excerpt":{"rendered":"V\u012btolam ir vair\u0101k nek\u0101 80 t\u016bksto\u0161i sekot\u0101ju &#8220;Instagram&#8221; platform\u0101. Vi\u0146\u0161 veido da\u017e\u0101da veida saturu par automa\u0161\u012bn\u0101m. &#8220;Esmu izraudz\u012bts&hellip;\n","protected":false},"author":2,"featured_media":285941,"comment_status":"","ping_status":"","sticky":false,"template":"","format":"standard","meta":{"footnotes":"","_share_on_mastodon":"0"},"categories":[17],"tags":[280,4182,2467,35,39,38,36,37,34,40,2358,4177,67],"class_list":["post-285940","post","type-post","status-publish","format-standard","has-post-thumbnail","category-sports","tag-autosports","tag-f-1","tag-formula-1","tag-latvia","tag-latvian","tag-latviesu","tag-latviesu-valoda","tag-latviesuvaloda","tag-latvija","tag-lv","tag-makss-verstapens","tag-red-bull","tag-sports"],"share_on_mastodon":{"url":"https:\/\/pubeurope.com\/@lv\/117213745903568382","error":""},"_links":{"self":[{"href":"https:\/\/www.europesays.com\/lv\/wp-json\/wp\/v2\/posts\/285940","targetHints":{"allow":["GET"]}}],"collection":[{"href":"https:\/\/www.europesays.com\/lv\/wp-json\/wp\/v2\/posts"}],"about":[{"href":"https:\/\/www.europesays.com\/lv\/wp-json\/wp\/v2\/types\/post"}],"author":[{"embeddable":true,"href":"https:\/\/www.europesays.com\/lv\/wp-json\/wp\/v2\/users\/2"}],"replies":[{"embeddable":true,"href":"https:\/\/www.europesays.com\/lv\/wp-json\/wp\/v2\/comments?post=285940"}],"version-history":[{"count":0,"href":"https:\/\/www.europesays.com\/lv\/wp-json\/wp\/v2\/posts\/285940\/revisions"}],"wp:featuredmedia":[{"embeddable":true,"href":"https:\/\/www.europesays.com\/lv\/wp-json\/wp\/v2\/media\/285941"}],"wp:attachment":[{"href":"https:\/\/www.europesays.com\/lv\/wp-json\/wp\/v2\/media?parent=285940"}],"wp:term":[{"taxonomy":"category","embeddable":true,"href":"https:\/\/www.europesays.com\/lv\/wp-json\/wp\/v2\/categories?post=285940"},{"taxonomy":"post_tag","embeddable":true,"href":"https:\/\/www.europesays.com\/lv\/wp-json\/wp\/v2\/tags?post=285940"}],"curies":[{"name":"wp","href":"https:\/\/api.w.org\/{rel}","templated":true}]}}