{"id":285952,"date":"2026-09-04T16:55:28","date_gmt":"2026-09-04T16:55:28","guid":{"rendered":"https:\/\/www.europesays.com\/lv\/285952\/"},"modified":"2026-09-04T16:55:28","modified_gmt":"2026-09-04T16:55:28","slug":"belgrada-godina-miesnieku-mladicu-es-komisare-atcel-viziti-serbija-delfi","status":"publish","type":"post","link":"https:\/\/www.europesays.com\/lv\/285952\/","title":{"rendered":"Belgrada godina &quot;miesnieku&quot; Mladi\u010du \u2013 ES komis\u0101re atce\u013c viz\u012bti Serbij\u0101 &#8211; DELFI"},"content":{"rendered":"<ol>\n<li><a href=\"https:\/\/news.google.com\/rss\/articles\/CBMitAFBVV95cUxOb2ZqR25kMVFqalZqSE1BcXZTZEFrZExWZTM0ekFzVGNpbjBiU2ZCOENLRFd5TV9XNm1ZdzEzbGE0M2luak5BeHFQM1BEYVRqOGRPRC1JVUVSSE1LcjdXZnNZS0FWSmZHWW5tMkZVT0tNUnNTUnE1cl9GV2piNUc1VzR4LXpoZDVYa0kyRlVTZ0NXeGZPNVVYMXRyVmVoR1pYd01tX0p0Sm9qSEdtc0toQjNjRlI?oc=5\" target=\"_blank\" rel=\"nofollow noopener\">Belgrada godina &#8220;miesnieku&#8221; Mladi\u010du \u2013 ES komis\u0101re atce\u013c viz\u012bti Serbij\u0101<\/a>&nbsp;&nbsp;DELFI<\/li>\n<li><a href=\"https:\/\/news.google.com\/rss\/articles\/CBMihAFBVV95cUxNbXFFYnktNGZVMXR3UGkxclF1dnZhTEVLSTB6MmNtUTEzMllTbWg0TmtrSnk5UnRWQzFIUDZ2M005LTR2M0p0TkYzTXZTU2RBcHZ0WFV6MS0zUElEdFg1VVBELUwtZXg2VVJBU0g4aW9PVFhsYUJYWG1rOHB4dGZrTE9hWms?oc=5\" target=\"_blank\" rel=\"nofollow noopener\">Serbijas prezidents kritiz\u0113 ANO tiesu par ne\u013cau\u0161anu kara noziedzniekam nomirt m\u0101j\u0101s<\/a>&nbsp;&nbsp;NRA<\/li>\n<li><a href=\"https:\/\/news.google.com\/rss\/articles\/CBMi2wFBVV95cUxOa3ZIQ2NjbFpOSi10bDl4dGthQ3N3WTVfWG9rRTlCOUlsT1E3dWxJUGE5clBZVkV4dnJRVEN2bURtT1JoNTIzYy1TcV96bUdseHZhWU42a1FPX3Nzb2t2czBZYXlUWWNHaVNjMnZGMVlxdXE2UWRJYmNzeXJWV0tnUzhKX0djMnNiQzk4LW1zTFB5SjEyN1ZMblo1TjlqMk94N002TzNaM1hJSHAza2dtanp1ZkxxUkxId20tVGFjRDN1SXNtUWp3bHR6ZlhuSVNLUHU0SzNFSlBUbmc?oc=5\" target=\"_blank\" rel=\"nofollow noopener\">ES papla\u0161in\u0101\u0161an\u0101s komis\u0101re atce\u013c viz\u012bti Serbij\u0101, kur glorific\u0113 kara noziedznieku Mladi\u010du<\/a>&nbsp;&nbsp;Inbox.lv<\/li>\n<li><a href=\"https:\/\/news.google.com\/rss\/articles\/CBMikAFBVV95cUxORGZ1dlFkeW80aDhPNDJadnM0dlZEYWxPeW95NTlNZXl6cm9sV0NvZjlTOFdNc2lrRkFRNlltRzlybG84UURmVGtlZnFRcEFmQkdSMEtuenZzMHNTM1o3Tlc3MXo4NHJMc1duNjNobGVyb3FkdTVjdWVSeUUxX3N0VnNISExLUWxRT01PcVFRNUM?oc=5\" target=\"_blank\" rel=\"nofollow noopener\">ES kritiz\u0113 Serbijas pl\u0101nus apglab\u0101t Mladi\u010du ar valsts godu<\/a>&nbsp;&nbsp;TVNET<\/li>\n<\/ol>\n","protected":false},"excerpt":{"rendered":"Belgrada godina &#8220;miesnieku&#8221; Mladi\u010du \u2013 ES komis\u0101re atce\u013c viz\u012bti Serbij\u0101&nbsp;&nbsp;DELFI Serbijas prezidents kritiz\u0113 ANO tiesu par ne\u013cau\u0161anu kara&hellip;\n","protected":false},"author":2,"featured_media":285953,"comment_status":"","ping_status":"","sticky":false,"template":"","format":"standard","meta":{"footnotes":"","_share_on_mastodon":"0"},"categories":[14],"tags":[23,57,28,29,514,41345,32,33,22,30,31,35,39,38,36,37,34,40,20,26,27,42448,243,24,25,54,55,56,21,58],"class_list":["post-285952","post","type-post","status-publish","format-standard","has-post-thumbnail","category-zinas-no-arvalstim","tag-aktualitates","tag-arvalstim","tag-breaking-news","tag-breakingnews","tag-eiropas-savieniba","tag-enex","tag-featured-news","tag-featurednews","tag-headlines","tag-latest-news","tag-latestnews","tag-latvia","tag-latvian","tag-latviesu","tag-latviesu-valoda","tag-latviesuvaloda","tag-latvija","tag-lv","tag-news","tag-popularakas-zinas","tag-popularakaszinas","tag-radko-mladics","tag-serbija","tag-top-stories","tag-topstories","tag-world","tag-world-news","tag-worldnews","tag-zinas","tag-zinas-no-arvalstim"],"share_on_mastodon":{"url":"https:\/\/pubeurope.com\/@lv\/117213824734389268","error":""},"_links":{"self":[{"href":"https:\/\/www.europesays.com\/lv\/wp-json\/wp\/v2\/posts\/285952","targetHints":{"allow":["GET"]}}],"collection":[{"href":"https:\/\/www.europesays.com\/lv\/wp-json\/wp\/v2\/posts"}],"about":[{"href":"https:\/\/www.europesays.com\/lv\/wp-json\/wp\/v2\/types\/post"}],"author":[{"embeddable":true,"href":"https:\/\/www.europesays.com\/lv\/wp-json\/wp\/v2\/users\/2"}],"replies":[{"embeddable":true,"href":"https:\/\/www.europesays.com\/lv\/wp-json\/wp\/v2\/comments?post=285952"}],"version-history":[{"count":0,"href":"https:\/\/www.europesays.com\/lv\/wp-json\/wp\/v2\/posts\/285952\/revisions"}],"wp:featuredmedia":[{"embeddable":true,"href":"https:\/\/www.europesays.com\/lv\/wp-json\/wp\/v2\/media\/285953"}],"wp:attachment":[{"href":"https:\/\/www.europesays.com\/lv\/wp-json\/wp\/v2\/media?parent=285952"}],"wp:term":[{"taxonomy":"category","embeddable":true,"href":"https:\/\/www.europesays.com\/lv\/wp-json\/wp\/v2\/categories?post=285952"},{"taxonomy":"post_tag","embeddable":true,"href":"https:\/\/www.europesays.com\/lv\/wp-json\/wp\/v2\/tags?post=285952"}],"curies":[{"name":"wp","href":"https:\/\/api.w.org\/{rel}","templated":true}]}}