{"id":285994,"date":"2026-09-04T17:59:11","date_gmt":"2026-09-04T17:59:11","guid":{"rendered":"https:\/\/www.europesays.com\/lv\/285994\/"},"modified":"2026-09-04T17:59:11","modified_gmt":"2026-09-04T17:59:11","slug":"kurs-kuru-patiesiba-uztur-sarunas-izgaismojas-kambalu-finanses-1188-lv","status":"publish","type":"post","link":"https:\/\/www.europesays.com\/lv\/285994\/","title":{"rendered":"Kur\u0161 kuru paties\u012bb\u0101 uztur? Sarun\u0101s izgaismojas Kambalu finanses &#8211; 1188.lv"},"content":{"rendered":"<ol>\n<li><a href=\"https:\/\/news.google.com\/rss\/articles\/CBMimgFBVV95cUxOMFRTQTYycGtCVFF0MVVGNG45SldZRTNVTW9FdTNFUnhRRGluSzgzRnRUZVhsQ2J5WUtURERpNUF6MXJ0SWdubmQxSlhjdUhVNktnSzltbmV1MWw4OFJXMGUwWF91MVItZlgzMFUyUWJvbTVkUTNqWXUwN092MDY5cllRR1lyWmlVV2VvemlFQnpaSUxtQk1oOFh3?oc=5\" target=\"_blank\" rel=\"nofollow noopener\">Kur\u0161 kuru paties\u012bb\u0101 uztur? Sarun\u0101s izgaismojas Kambalu finanses<\/a>&nbsp;&nbsp;1188.lv<\/li>\n<li><a href=\"https:\/\/news.google.com\/rss\/articles\/CBMisgFBVV95cUxNUG8xWk13a0ZRaGcwU2FTdXJnLTh5R3d0aEtoaGpILVItMDVqZzZNQ0pZTUZ3N1ZWdkFuVkdRVXJ2VXJ0UHF2X093YjFqc1pURTc4QnNsQXhudk9OXzYzd3RpWTY4NnpnM0xzdUtPdzM1OVpHNHlJZjZuVXg2UjVPb0xXUFBQX0tORFM2UkRWMW9RN1o3ZDFjZzVaaFp4N2JBMEdmcXotbVJpUHhGYl93em1R?oc=5\" target=\"_blank\" rel=\"nofollow noopener\">VIDEO: Olga Kambala st\u0101sta, ka laul\u012bba ar Kasparu ir uz izjuk\u0161anas robe\u017eas<\/a>&nbsp;&nbsp;Jauns.lv<\/li>\n<li><a href=\"https:\/\/news.google.com\/rss\/articles\/CBMivgFBVV95cUxQNnpleEZtZTRDNzk3aWlFSDRHOGZDSDI4M1hGRldYMmNzZHpQLUhhY1lVdlJDeEt3V3ZITHpSa1o5elZ5QnZfYlQ4OHFSWXRXMnF2NkdCdkJtLXRiOUJqdmk4TEllTEU3QV80TmxLVERRWlEtNjhCN0RqQnBadXM1QkdxSlBWaGYwUVVqemhCS1FqWWNRYV9RZDU1V3RMN2RlUVRwLVZiRG5OYlB2WWFuTk9NX3NqQ3BUTHVKUEVR?oc=5\" target=\"_blank\" rel=\"nofollow noopener\">\u201eEs vi\u0146u nevaru izgl\u0101bt\u201d: Olga atkl\u0101j, cik t\u0101lu non\u0101ku\u0161as vi\u0146as un Kaspara Kambalas attiec\u012bbas<\/a>&nbsp;&nbsp;dzentlmenis.lv<\/li>\n<li><a href=\"https:\/\/news.google.com\/rss\/articles\/CBMiugFBVV95cUxOcVdWcVJYZXJ1bUpoeDh5ZlJlWkM5NDJ3Q2g5cG5leGFpZXluczhPQTdHbGVjYzdLaUktTDBnbnpxSG5aZEhRclpLYzNmVDJoVTdNalQyb0FrRVRZbXNaajRPVTVmZjlNTl9oZmVCUUZ0MFRVOUxlaDZFRzRpOG5pR0Q2bDlJQ0JXYXgycFJqSmxyTXRPb2ljT1JWUHVOdm9JcUJ2OW9WbmwydTZEeTREdnFBSTh0Ri1teUE?oc=5\" target=\"_blank\" rel=\"nofollow noopener\">&#8220;Es neesmu \u0101rsts, lai vi\u0146u gl\u0101btu,&#8221; &#8211; Olga Kambala atkl\u0101ti par attiec\u012bb\u0101m ar Kasparu<\/a>&nbsp;&nbsp;Jauns.lv<\/li>\n<li><a href=\"https:\/\/news.google.com\/rss\/articles\/CBMiuAFBVV95cUxNWkZuTHJlVnlBZlBXZF9PeTEyNlhMQm9UcnRlQ3hrTVBROHJndEZOaXNGbmR1VXc3X2Q0Qnh3emVib2poeDlvQUxBam1YT0QyOXlRUUVqY1FyRWN4ZzhMNkhVNVg0Q0ZXTzNEUFdBaThPNUp6VF9NX0pFMkx4ckFSRkpIT1NvNjVtZlRlbkl2cmxteFpzNGI5SE1kYU5yem5XRVVrdjBGbnRmNEZvUnlOeGViV3hFamVS?oc=5\" target=\"_blank\" rel=\"nofollow noopener\">\u201cEs neesmu \u0101rsts, lai vi\u0146u gl\u0101btu!\u201d Olga atkl\u0101j, cik t\u0101lu non\u0101ku\u0161as vi\u0146as un Kaspara Kambalas attiec\u012bbas<\/a>&nbsp;&nbsp;la.lv<\/li>\n<\/ol>\n","protected":false},"excerpt":{"rendered":"Kur\u0161 kuru paties\u012bb\u0101 uztur? Sarun\u0101s izgaismojas Kambalu finanses&nbsp;&nbsp;1188.lv VIDEO: Olga Kambala st\u0101sta, ka laul\u012bba ar Kasparu ir uz&hellip;\n","protected":false},"author":2,"featured_media":285995,"comment_status":"","ping_status":"","sticky":false,"template":"","format":"standard","meta":{"footnotes":"","_share_on_mastodon":"0"},"categories":[19],"tags":[129,1773,6249,31408,31611,38190,89,90,35,39,38,36,37,34,40,31409,38191,6259,31612,1774,31410,38192,6260,31613,1775],"class_list":["post-285994","post","type-post","status-publish","format-standard","has-post-thumbnail","category-izklaide","tag-__typenameadvicekeyword","tag-id1061","tag-id365","tag-id501","tag-id518","tag-id792","tag-entertainment","tag-izklaide","tag-latvia","tag-latvian","tag-latviesu","tag-latviesu-valoda","tag-latviesuvaloda","tag-latvija","tag-lv","tag-slugkaspars-kambala","tag-sluglukerija-kambala","tag-slugnauda","tag-slugolga-kambala","tag-slugslavenibas","tag-titlekaspars-kambala","tag-titlelukerija-kambala","tag-titlenauda","tag-titleolga-kambala","tag-titleslavenibas"],"share_on_mastodon":{"url":"https:\/\/pubeurope.com\/@lv\/117214076371855263","error":""},"_links":{"self":[{"href":"https:\/\/www.europesays.com\/lv\/wp-json\/wp\/v2\/posts\/285994","targetHints":{"allow":["GET"]}}],"collection":[{"href":"https:\/\/www.europesays.com\/lv\/wp-json\/wp\/v2\/posts"}],"about":[{"href":"https:\/\/www.europesays.com\/lv\/wp-json\/wp\/v2\/types\/post"}],"author":[{"embeddable":true,"href":"https:\/\/www.europesays.com\/lv\/wp-json\/wp\/v2\/users\/2"}],"replies":[{"embeddable":true,"href":"https:\/\/www.europesays.com\/lv\/wp-json\/wp\/v2\/comments?post=285994"}],"version-history":[{"count":0,"href":"https:\/\/www.europesays.com\/lv\/wp-json\/wp\/v2\/posts\/285994\/revisions"}],"wp:featuredmedia":[{"embeddable":true,"href":"https:\/\/www.europesays.com\/lv\/wp-json\/wp\/v2\/media\/285995"}],"wp:attachment":[{"href":"https:\/\/www.europesays.com\/lv\/wp-json\/wp\/v2\/media?parent=285994"}],"wp:term":[{"taxonomy":"category","embeddable":true,"href":"https:\/\/www.europesays.com\/lv\/wp-json\/wp\/v2\/categories?post=285994"},{"taxonomy":"post_tag","embeddable":true,"href":"https:\/\/www.europesays.com\/lv\/wp-json\/wp\/v2\/tags?post=285994"}],"curies":[{"name":"wp","href":"https:\/\/api.w.org\/{rel}","templated":true}]}}