{"id":286052,"date":"2026-09-04T19:12:16","date_gmt":"2026-09-04T19:12:16","guid":{"rendered":"https:\/\/www.europesays.com\/lv\/286052\/"},"modified":"2026-09-04T19:12:16","modified_gmt":"2026-09-04T19:12:16","slug":"nu-nopietni-satura-veidotajs-vitols-sacentisies-pret-f-1-zvaigzni-verstapenu","status":"publish","type":"post","link":"https:\/\/www.europesays.com\/lv\/286052\/","title":{"rendered":"&#8220;Nu nopietni?&#8221; \u2013 satura veidot\u0101js V\u012btols sacent\u012bsies pret F-1 zvaigzni Verstapenu"},"content":{"rendered":"<p>                                <img decoding=\"async\" src=\"https:\/\/www.europesays.com\/lv\/wp-content\/uploads\/2026\/09\/robertsvitols-750x450.jpg\"   alt=\"Roberts V\u012btols\" class=\"post-featured-image\"\/><\/p>\n<p>Roberts V\u012btols | Foto: facebook.com\/Robisfilme<\/p>\n<p class=\"wp-block-paragraph\">Latvijas satura veidot\u0101js un \u201cj\u016bt\u016bberis\u201d <a href=\"https:\/\/www.instagram.com\/robyworks\/?utm_source=ig_embed&amp;ig_rid=AZsv1bzBe7QA4pUQ1tDf3PE\" target=\"_blank\" rel=\"noreferrer noopener nofollow\">Roberts V\u012btols<\/a> k\u013cuvis par vienu no 100 dal\u012bbniekiem, kuri 16. septembr\u012b Silverstonas tras\u0113 st\u0101sies pret\u012b \u010detrk\u0101rt\u0113jam Pirm\u0101s formulas (F-1) \u010dempionam <a href=\"https:\/\/www.sportazinas.com\/atsl\u0113gv\u0101rdi\/makss-verstapens\/\" data-type=\"post_tag\" data-id=\"1218\" rel=\"nofollow noopener\" target=\"_blank\">Maksam Verstapenam<\/a>.<\/p>\n<p class=\"wp-block-paragraph\">\u0160aj\u0101s kartinga sac\u012bkst\u0113s Verstapens start\u0113s no pa\u0161\u0101m beig\u0101m un vi\u0146a uzdevums b\u016bs pirms fini\u0161a apdz\u012bt visus 100 priek\u0161\u0101 eso\u0161os brauc\u0113jus. Dal\u012bbnieku vid\u016b b\u016bs autosporta entuziasti, citu sporta veidu p\u0101rst\u0101vji, slaven\u012bbas un satura veidot\u0101ji.<\/p>\n<p class=\"wp-block-paragraph\">\u201cEsmu izraudz\u012bts k\u0101 viens no 100, kas sacent\u012bsies ar kartingu pret F-1 pasaules \u010dempionu Verstapenu. Joproj\u0101m nesp\u0113ju tam notic\u0113t!\u201d raksta V\u012btols. Tie\u0161raid\u0113 pas\u0101kumu var\u0113s redz\u0113t 16. septembr\u012b ESPN un Disney+ platform\u0101s.<\/p>\n<p class=\"wp-block-paragraph\">\u201cNu nopietni? V\u0113l pirms p\u0101ris dien\u0101m redz\u0113ju Maksa video, ka b\u016bs \u0161is pas\u0101kums. Nodom\u0101ju, ka baigi interesanti un for\u0161i, kuri tad b\u016bs tie 100,\u201d izteicies V\u012btols. \u201cEs viens no 100? Man j\u0101pasp\u0113j nomest svars, lai varu vi\u0146am iekabin\u0101t.\u201d<\/p>\n<blockquote class=\"instagram-media\" data-instgrm-captioned=\"\" data-instgrm-permalink=\"https:\/\/www.instagram.com\/reel\/Dcyz6cfyGYS\/?utm_source=ig_embed&amp;utm_campaign=loading\" data-instgrm-version=\"14\" style=\" background:#FFF; border:0; border-radius:3px; box-shadow:0 0 1px 0 rgba(0,0,0,0.5),0 1px 10px 0 rgba(0,0,0,0.15); margin: 1px; max-width:540px; min-width:326px; padding:0; width:99.375%; width:-webkit-calc(100% - 2px); width:calc(100% - 2px);\"\/>\n<p>                    <script async src=\"\/\/www.instagram.com\/embed.js\"><\/script><\/p>\n","protected":false},"excerpt":{"rendered":"Roberts V\u012btols | Foto: facebook.com\/Robisfilme Latvijas satura veidot\u0101js un \u201cj\u016bt\u016bberis\u201d Roberts V\u012btols k\u013cuvis par vienu no 100 dal\u012bbniekiem,&hellip;\n","protected":false},"author":2,"featured_media":286053,"comment_status":"","ping_status":"","sticky":false,"template":"","format":"standard","meta":{"footnotes":"","_share_on_mastodon":"0"},"categories":[17],"tags":[23,35,39,38,36,37,34,40,2358,41493,67],"class_list":["post-286052","post","type-post","status-publish","format-standard","has-post-thumbnail","category-sports","tag-aktualitates","tag-latvia","tag-latvian","tag-latviesu","tag-latviesu-valoda","tag-latviesuvaloda","tag-latvija","tag-lv","tag-makss-verstapens","tag-roberts-vitols","tag-sports"],"share_on_mastodon":{"url":"https:\/\/pubeurope.com\/@lv\/117214363568834641","error":""},"_links":{"self":[{"href":"https:\/\/www.europesays.com\/lv\/wp-json\/wp\/v2\/posts\/286052","targetHints":{"allow":["GET"]}}],"collection":[{"href":"https:\/\/www.europesays.com\/lv\/wp-json\/wp\/v2\/posts"}],"about":[{"href":"https:\/\/www.europesays.com\/lv\/wp-json\/wp\/v2\/types\/post"}],"author":[{"embeddable":true,"href":"https:\/\/www.europesays.com\/lv\/wp-json\/wp\/v2\/users\/2"}],"replies":[{"embeddable":true,"href":"https:\/\/www.europesays.com\/lv\/wp-json\/wp\/v2\/comments?post=286052"}],"version-history":[{"count":0,"href":"https:\/\/www.europesays.com\/lv\/wp-json\/wp\/v2\/posts\/286052\/revisions"}],"wp:featuredmedia":[{"embeddable":true,"href":"https:\/\/www.europesays.com\/lv\/wp-json\/wp\/v2\/media\/286053"}],"wp:attachment":[{"href":"https:\/\/www.europesays.com\/lv\/wp-json\/wp\/v2\/media?parent=286052"}],"wp:term":[{"taxonomy":"category","embeddable":true,"href":"https:\/\/www.europesays.com\/lv\/wp-json\/wp\/v2\/categories?post=286052"},{"taxonomy":"post_tag","embeddable":true,"href":"https:\/\/www.europesays.com\/lv\/wp-json\/wp\/v2\/tags?post=286052"}],"curies":[{"name":"wp","href":"https:\/\/api.w.org\/{rel}","templated":true}]}}