{"id":286060,"date":"2026-09-04T19:38:13","date_gmt":"2026-09-04T19:38:13","guid":{"rendered":"https:\/\/www.europesays.com\/lv\/286060\/"},"modified":"2026-09-04T19:38:13","modified_gmt":"2026-09-04T19:38:13","slug":"medijs-pec-cip-direktora-vizites-maskava-putins-nolema-saasinat-situaciju-ukraina","status":"publish","type":"post","link":"https:\/\/www.europesays.com\/lv\/286060\/","title":{"rendered":"Medijs: P\u0113c CIP direktora viz\u012btes Maskav\u0101 Putins nol\u0113ma saasin\u0101t situ\u0101ciju Ukrain\u0101"},"content":{"rendered":"<p>Krievu anal\u012bti\u0137i, kurus cit\u0113 izdevums, uzskata, ka \u0161\u0101da kampa\u0146a var\u0113tu b\u016bt sign\u0101ls Va\u0161ingtonai: Maskava negras\u0101s m\u012bkstin\u0101t savu nost\u0101ju. Vienlaikus Krievija turpina uzst\u0101t uz Ukrainas teritori\u0101lu piek\u0101p\u0161anos. K\u0101ds ar Krievijas diplom\u0101tiem saist\u012bts akad\u0113mi\u0137is nor\u0101d\u012bjis, ka piln\u012bga kontrole p\u0101r Donbasu p\u0113c Krem\u013ca dom\u0101m var\u0113tu tikt uzskat\u012bta par minim\u0101lo nosac\u012bjumu turpm\u0101k\u0101m sarun\u0101m.<\/p>\n<p>Neskatoties uz ekonomiskaj\u0101m probl\u0113m\u0101m, Putins publiski demonstr\u0113 p\u0101rliec\u012bbu par Krievijas sp\u0113ju turpin\u0101t karu. \u201cMan nav nek\u0101du \u0161aubu, ka ienaidnieks sal\u016bz\u012bs,\u201d \u0161oned\u0113\u013c vi\u0146\u0161 pazi\u0146oja Krievijas \u017eurn\u0101listiem.<\/p>\n<p>Taj\u0101 pa\u0161\u0101 laik\u0101 situ\u0101cija Krievijas ekonomik\u0101 joproj\u0101m ir sare\u017e\u0123\u012bta. Krievijas Feder\u0101cijas bud\u017eeta defic\u012bts l\u012bdz j\u016blija beig\u0101m sasniedza 74,4 miljardus dol\u0101ru jeb 2,8% no IKP, p\u0101rsniedzot s\u0101kotn\u0113jo vald\u012bbas prognozi. Valst\u012b ar\u012b saasin\u0101s degvielas probl\u0113mas, pieaug bezcer\u012bgo par\u0101du apjoms, un da\u013ca Krievijas elites jau publiski iest\u0101jas pret kara turpin\u0101\u0161anu.<\/p>\n<p>Pats Putins atzina, ka vara nebija gatava Ukrainas triecieniem Krievijas ener\u0123\u0113tiskajai infrastrukt\u016brai, kuru d\u0113\u013c samazin\u0101j\u0101s degvielas ra\u017eo\u0161ana. \u201cM\u0113s pie\u013c\u0101v\u0101m k\u013c\u016bdu,\u201d vi\u0146\u0161 sac\u012bja.<\/p>\n","protected":false},"excerpt":{"rendered":"Krievu anal\u012bti\u0137i, kurus cit\u0113 izdevums, uzskata, ka \u0161\u0101da kampa\u0146a var\u0113tu b\u016bt sign\u0101ls Va\u0161ingtonai: Maskava negras\u0101s m\u012bkstin\u0101t savu nost\u0101ju.&hellip;\n","protected":false},"author":2,"featured_media":286061,"comment_status":"","ping_status":"","sticky":false,"template":"","format":"standard","meta":{"footnotes":"","_share_on_mastodon":"0"},"categories":[14],"tags":[23,57,28,29,32,33,22,234,74,30,31,35,39,38,36,37,34,40,20,26,27,24,25,276,235,54,55,56,21,58],"class_list":["post-286060","post","type-post","status-publish","format-standard","has-post-thumbnail","category-zinas-no-arvalstim","tag-aktualitates","tag-arvalstim","tag-breaking-news","tag-breakingnews","tag-featured-news","tag-featurednews","tag-headlines","tag-krievija","tag-krievijas-iebrukums-ukraina","tag-latest-news","tag-latestnews","tag-latvia","tag-latvian","tag-latviesu","tag-latviesu-valoda","tag-latviesuvaloda","tag-latvija","tag-lv","tag-news","tag-popularakas-zinas","tag-popularakaszinas","tag-top-stories","tag-topstories","tag-ukraina","tag-vladimirs-putins","tag-world","tag-world-news","tag-worldnews","tag-zinas","tag-zinas-no-arvalstim"],"share_on_mastodon":{"url":"https:\/\/pubeurope.com\/@lv\/117214465799904802","error":""},"_links":{"self":[{"href":"https:\/\/www.europesays.com\/lv\/wp-json\/wp\/v2\/posts\/286060","targetHints":{"allow":["GET"]}}],"collection":[{"href":"https:\/\/www.europesays.com\/lv\/wp-json\/wp\/v2\/posts"}],"about":[{"href":"https:\/\/www.europesays.com\/lv\/wp-json\/wp\/v2\/types\/post"}],"author":[{"embeddable":true,"href":"https:\/\/www.europesays.com\/lv\/wp-json\/wp\/v2\/users\/2"}],"replies":[{"embeddable":true,"href":"https:\/\/www.europesays.com\/lv\/wp-json\/wp\/v2\/comments?post=286060"}],"version-history":[{"count":0,"href":"https:\/\/www.europesays.com\/lv\/wp-json\/wp\/v2\/posts\/286060\/revisions"}],"wp:featuredmedia":[{"embeddable":true,"href":"https:\/\/www.europesays.com\/lv\/wp-json\/wp\/v2\/media\/286061"}],"wp:attachment":[{"href":"https:\/\/www.europesays.com\/lv\/wp-json\/wp\/v2\/media?parent=286060"}],"wp:term":[{"taxonomy":"category","embeddable":true,"href":"https:\/\/www.europesays.com\/lv\/wp-json\/wp\/v2\/categories?post=286060"},{"taxonomy":"post_tag","embeddable":true,"href":"https:\/\/www.europesays.com\/lv\/wp-json\/wp\/v2\/tags?post=286060"}],"curies":[{"name":"wp","href":"https:\/\/api.w.org\/{rel}","templated":true}]}}