{"id":286130,"date":"2026-09-04T21:53:22","date_gmt":"2026-09-04T21:53:22","guid":{"rendered":"https:\/\/www.europesays.com\/lv\/286130\/"},"modified":"2026-09-04T21:53:22","modified_gmt":"2026-09-04T21:53:22","slug":"tamara-globa-prognoze-ka-5-septembri-cetram-zimem-noslegsies-smagais-posms","status":"publish","type":"post","link":"https:\/\/www.europesays.com\/lv\/286130\/","title":{"rendered":"Tam\u0101ra Globa prognoz\u0113, ka 5. septembr\u012b \u010detr\u0101m z\u012bm\u0113m nosl\u0113gsies smagais posms"},"content":{"rendered":"<p><img loading=\"lazy\" decoding=\"async\" class=\"lazy lazy-hidden alignnone size-full wp-image-251960\" src=\"data:image\/gif;base64,R0lGODlhAQABAIAAAAAAAP\/\/\/yH5BAEAAAAALAAAAAABAAEAAAIBRAA7\" data-lazy-type=\"image\" data-lazy-src=\"https:\/\/www.europesays.com\/lv\/wp-content\/uploads\/2026\/09\/tamara-globa-5.jpg\" alt=\"\" width=\"900\" height=\"530\" data-lazy- data-lazy-\/><\/p>\n<p>Sestdien, 2026. gada 5. septembr\u012b, vair\u0101k\u0101m \u0137\u012bnie\u0161u horoskopa z\u012bm\u0113m nosl\u0113dzas sare\u017e\u0123\u012bts un smags posms. \u0160is datums iez\u012bm\u0113 br\u012bdi, kad daudzi var\u0113s atviegloti uzelpot un atst\u0101t pag\u0101tn\u0113 nesenos satraukumus, nor\u0101da astrolo\u0123e Tam\u0101ra Globa.\u00a0<\/p>\n<p>T\u0101 ir met\u0101la \u010d\u016bskas diena, kas norisin\u0101sies uguns p\u0113rti\u0137a m\u0113nes\u012b un uguns zirga gad\u0101. Met\u0101la dienas \u0137\u012bnie\u0161u astrolo\u0123ij\u0101 ir \u012bpa\u0161i noz\u012bm\u012bgas, jo \u0161is p\u012bl\u0101rs pal\u012bdz savienoties ar savu iek\u0161\u0113jo sp\u0113ku, un \u0161aj\u0101 \u010d\u016bskas z\u012bmes ietekmes laik\u0101 \u010detr\u0101m z\u012bm\u0113m b\u016bs \u012bstais br\u012bdis uztic\u0113ties savai intu\u012bcijai. T\u0101s b\u016bs skaidras paz\u012bmes tam, ka viens patiesi smags un sare\u017e\u0123\u012bts dz\u012bves posms beidzot paliek aiz muguras.<\/p>\n<p>\u0160\u012bs p\u0101rmai\u0146as \u012bpa\u0161i sp\u0113c\u012bgi skars \u010detras z\u012bmes, kur\u0101m beidzot pav\u0113rsies jaunas un daudzsolo\u0161as iesp\u0113jas.<\/p>\n<p>\u00a0<\/p>\n<p>T\u012b\u0123eris: jaunas iesp\u0113jas karjer\u0101 un atzin\u012bba<\/p>\n<p>T\u012b\u0123erim septembra s\u0101kums atnes ilgi gaid\u012btu pav\u0113rsienu profesion\u0101laj\u0101 jom\u0101. P\u0113d\u0113jais laiks ir bijis gr\u016bts, jo ir nep\u0101rtraukta saj\u016bta, ka darbs nevedas uz priek\u0161u un izaugsmes nav. V\u0113lme p\u0113c liel\u0101kiem izaicin\u0101jumiem un j\u0113gpiln\u0101kiem uzdevumiem beidzot s\u0101k piepild\u012bties tie\u0161i tad, kad tas visvair\u0101k nepiecie\u0161ams.<\/p>\n<p>Ilga saruna ar vad\u012bbu pal\u012bdz non\u0101kt l\u012bdz idejai par jaunu lomu un liel\u0101ku atbild\u012bbu uz\u0146\u0113mum\u0101. \u0160\u012b iniciat\u012bva dabiski balst\u0101s uz iepriek\u0161\u0113jiem sasniegumiem un darba sparu, t\u0101p\u0113c vad\u012bba to uztver ar lielu interesi. Tas ir br\u012bdis, kad iepriek\u0161\u0113jais saspringums darb\u0101 s\u0101k piln\u012bb\u0101 izgaist, dodot vietu re\u0101l\u0101m un ilgi gaid\u012bt\u0101m izaugsmes iesp\u0113j\u0101m.<\/p>\n<p>\u00a0<\/p>\n<p>Kaza: negaid\u012bts atbalsts un atsp\u0113riens<\/p>\n<p>Kazai \u0161\u012b diena ir ide\u0101li piem\u0113rota, lai beidzot v\u0113rstos p\u0113c pal\u012bdz\u012bbas un atbalsta pie k\u0101da uzticama cilv\u0113ka. Run\u0101t par sav\u0101m ikdienas gr\u016bt\u012bb\u0101m un pras\u012bt pal\u012bdz\u012bbu parasti sag\u0101d\u0101 milz\u012bgu iek\u0161\u0113ju pretest\u012bbu, ta\u010du piln\u012bga atkl\u0101t\u012bba \u0161oreiz atmaks\u0101jas ar uzviju.<\/p>\n<p>Visa situ\u0101cija atrisin\u0101s necer\u0113ti viegli un dabiski, jo otr\u0101 puse labpr\u0101t sniedz roku un pied\u0101v\u0101 tie\u0161i to, kas taj\u0101 br\u012bd\u012b ir visvair\u0101k vajadz\u012bgs. \u0160is sirsn\u012bgais un negaid\u012btais atbalsts pal\u012bdz tikt gal\u0101 ar saspringumu un pier\u0101da, ka neb\u016bt nav j\u0101tiek gal\u0101 ar visu vienatn\u0113. Gr\u016bt\u0101kais posms beidzot paliek aiz muguras, atst\u0101jot vietu mieram.<\/p>\n<p><a href=\"https:\/\/dzentlmenis.lv\/izskan-sataucosas-zinas-no-carnikavas-par-6-bernu-sakosanu-skaidrojam-kas-zinams\/305053\/\" rel=\"nofollow noopener\" target=\"_blank\"><img class=\"lazy lazy-hidden\" decoding=\"async\" src=\"data:image\/gif;base64,R0lGODlhAQABAIAAAAAAAP\/\/\/yH5BAEAAAAALAAAAAABAAEAAAIBRAA7\" data-lazy-type=\"image\" data-lazy-src=\"https:\/\/www.europesays.com\/lv\/wp-content\/uploads\/2026\/09\/aatrie.jpg\" data-lazy- alt=\"Izskan satauco\u0161as zi\u0146as no Carnikavas par 6 b\u0113rnu sako\u0161anu \u2013 skaidrojam, kas zin\u0101ms\"\/><\/a>Citi lasa<a class=\"monsterinsights-inline-popular-posts-title\" href=\"https:\/\/dzentlmenis.lv\/izskan-sataucosas-zinas-no-carnikavas-par-6-bernu-sakosanu-skaidrojam-kas-zinams\/305053\/\" rel=\"nofollow noopener\" target=\"_blank\">Izskan satauco\u0161as zi\u0146as no Carnikavas par 6 b\u0113rnu sako\u0161anu \u2013 skaidrojam, kas zin\u0101ms<\/a><\/p>\n<p>Suns: sadarb\u012bba un jauns skats uz probl\u0113m\u0101m<\/p>\n<p>Sunim ir pavisam apnicis visu nest uz saviem pleciem un risin\u0101t ikdienas sare\u017e\u0123\u012bjumus piln\u012bg\u0101 vienatn\u0113. Sestdiena atnes pavisam vienk\u0101r\u0161u sarunu ar draugu, kur\u0161 saskaras ar prec\u012bzi t\u0101d\u0101m pa\u0161\u0101m probl\u0113m\u0101m, un tas dabiski noved pie lieliskas idejas apvienot sp\u0113kus.<\/p>\n<p>Intu\u012bcija priek\u0161\u0101 pasaka, ka savstarp\u0113ja pal\u012bdz\u012bba un neliela apmai\u0146a ar noder\u012bgiem pakalpojumiem var iev\u0113rojami atvieglot ikdienu. \u0160\u0101da nepl\u0101nota un draudz\u012bga vieno\u0161an\u0101s ne tikai atrisina aktu\u0101l\u0101s galvass\u0101pes, bet ar\u012b pal\u012bdz abiem justies dro\u0161\u0101k un p\u0101rliecin\u0101t\u0101k par r\u012btdienu. Smagais un nom\u0101co\u0161ais periods dod vietu viegl\u0101kam noska\u0146ojumam.<\/p>\n<p>\u00a0<\/p>\n<p>Zirgs: telpu sak\u0101rto\u0161ana un iek\u0161\u0113js miers<\/p>\n<p>Zirgam ilgsto\u0161ais smagais laiks ir bijis tie\u0161i saist\u012bts ar uzkr\u0101to haosu un pilnu m\u0101ju ar nevajadz\u012bg\u0101m liet\u0101m, kas t\u0113r\u0113 ener\u0123iju. Sak\u0101rtojot fizisko vidi ap sevi un atbr\u012bvojot telpu, pamaz\u0101m atgrie\u017eas ar\u012b skaidr\u012bba un miers pr\u0101t\u0101.<\/p>\n<p>S\u0101kot ar m\u0101jas ieejas sakop\u0161anu un nevajadz\u012bgo lietu nodo\u0161anu t\u0101l\u0101k, viss process s\u0101k pl\u016bst dabiski, raiti un bez liekas aiz\u0137er\u0161an\u0101s. Pamaz\u0101m par\u0101d\u0101s re\u0101la interese no citiem cilv\u0113kiem par pied\u0101v\u0101taj\u0101m prec\u0113m, un m\u0101ja beidzot atbr\u012bvojas no uzkr\u0101t\u0101 smaguma. Tas sniedz \u012bstu br\u012bv\u012bbas saj\u016btu un pieliek punktu nogurdino\u0161am posmam.<\/p>\n<p>Kam\u0113r \u010detr\u0101m z\u012bm\u0113m sestdiena, 2026. gada 5. septembris, atnes\u012bs ilgi gaid\u012btu atvieglojumu, p\u0101r\u0113jai horoskopa da\u013cai \u0161is datums neizcelsies ar \u012bpa\u0161iem pav\u0113rsieniem, saka T. Globa.\u00a0<\/p>\n<p>Met\u0101la \u010d\u016bskas diena un uguns p\u0113rti\u0137a m\u0113nesis nesniedz tik sp\u0113c\u012bgu atbalstu visiem, t\u0101p\u0113c n\u0101ksies r\u0113\u0137in\u0101ties ar ikdienas rut\u012bnu un ierastajiem pien\u0101kumiem bez lieliem bonusiem un straujiem pan\u0101kumiem.<\/p>\n<p>\u017durka: rut\u012bna un s\u012bki m\u0101jas pien\u0101kumi<\/p>\n<p>\u017durkai sestdiena paies zem ierasto ikdienas pien\u0101kumu z\u012bmes, un nek\u0101das straujas p\u0101rmai\u0146as vai br\u012bnumaini pav\u0113rsieni nav gaid\u0101mi. M\u0113\u0123in\u0101jumi sasteigt lietas vai mekl\u0113t \u0101trus risin\u0101jumus var novest tikai pie lieka stresa un noguruma, t\u0101p\u0113c lab\u0101k ir lieki nenoslogot sevi. Vislab\u0101k ir vienk\u0101r\u0161i sak\u0101rtot tos mazos darbus un deta\u013cas, kas iekr\u0101ju\u0161ies ned\u0113\u013cas laik\u0101, negaidot no \u0161\u012bs dienas nek\u0101dus \u012bpa\u0161us bonusus vai veiksmi. Diena pras\u012bs mier\u012bgu pieeju un rut\u012bnas darbu izpildi bez liekiem emociju uzpl\u016bdiem.<\/p>\n<p>V\u0113rsis: l\u0113n\u0101ka virz\u012bba un lieka aiz\u0137er\u0161an\u0101s<\/p>\n<p>V\u0113rsim \u0161\u012b diena var likties nedaudz gausa un pilna ar s\u012bkiem m\u0101jas vai darba trauc\u0113k\u013ciem, kas prasa neparasti lielu paciet\u012bbu. Pl\u0101notie darbi nevedas tik raiti, k\u0101 s\u0101kotn\u0113ji grib\u0113tos, un n\u0101kas velt\u012bt vair\u0101k laika liet\u0101m, kur\u0101m parasti nepiecie\u0161ams tikai minimums uzman\u012bbas. Veiksme \u0161oreiz nav sabiedrot\u0101, t\u0101p\u0113c ir pr\u0101t\u012bg\u0101k vienk\u0101r\u0161i atp\u016bsties, net\u0113r\u0113t lieku ener\u0123iju un necensties ar varu main\u012bt to, ko \u0161obr\u012bd nav iesp\u0113jams ietekm\u0113t.<\/p>\n<p><a href=\"https:\/\/dzentlmenis.lv\/dzivosana-australijas-stila-kas-padara-sidnejas-dzivoklus-atskirigus-latviesu-para-annijas-un-kaspara-pieredze\/304874\/\" rel=\"nofollow noopener\" target=\"_blank\"><img class=\"lazy lazy-hidden\" decoding=\"async\" src=\"data:image\/gif;base64,R0lGODlhAQABAIAAAAAAAP\/\/\/yH5BAEAAAAALAAAAAABAAEAAAIBRAA7\" data-lazy-type=\"image\" data-lazy-src=\"https:\/\/www.europesays.com\/lv\/wp-content\/uploads\/2026\/09\/Ekranuznemums-2026-09-04-093513.jpg\" data-lazy- alt=\"Dz\u012bvo\u0161ana Austr\u0101lijas stil\u0101: kas padara Sidnejas dz\u012bvok\u013cus at\u0161\u0137ir\u012bgus \u2013 latvie\u0161u p\u0101ra Annijas un Kaspara pieredze\"\/><\/a>Citi lasa<a class=\"monsterinsights-inline-popular-posts-title\" href=\"https:\/\/dzentlmenis.lv\/dzivosana-australijas-stila-kas-padara-sidnejas-dzivoklus-atskirigus-latviesu-para-annijas-un-kaspara-pieredze\/304874\/\" rel=\"nofollow noopener\" target=\"_blank\">Dz\u012bvo\u0161ana Austr\u0101lijas stil\u0101: kas padara Sidnejas dz\u012bvok\u013cus at\u0161\u0137ir\u012bgus \u2013 latvie\u0161u p\u0101ra Annijas un Kaspara pieredze<\/a><\/p>\n<p>\u00a0<\/p>\n<p>Trusis: ener\u0123ijas tr\u016bkums un vajadz\u012bba p\u0113c miera<\/p>\n<p>Trusim sestdiena var atnest nelielu fizisku nogurumu un saj\u016btu, ka ener\u0123ijas kr\u0101jumi nav taj\u0101 augst\u0101kaj\u0101 un lab\u0101kaj\u0101 l\u012bmen\u012b. \u0160\u012b noteikti nav \u012bst\u0101 diena akt\u012bvai r\u012bc\u012bbai, nopietn\u0101m sarun\u0101m par finans\u0113m vai sare\u017e\u0123\u012btu l\u0113mumu pie\u0146em\u0161anai, jo fokuss dabiski izkl\u012bst. Lab\u0101kais risin\u0101jums ir pavad\u012bt \u0161o dienu mier\u012bg\u0101 un klus\u0101 vid\u0113, maksim\u0101li izvairoties no liekiem kontaktiem un jebk\u0101diem papildu pien\u0101kumiem, kas var\u0113tu iztuk\u0161ot atliku\u0161os sp\u0113kus.<\/p>\n<p>\u00a0<\/p>\n<p>\u0160\u0137ir otru lapu, lai las\u012btu t\u0101l\u0101k par p\u0101r\u0113j\u0101m z\u012bm\u0113m<\/p>\n","protected":false},"excerpt":{"rendered":"Sestdien, 2026. gada 5. septembr\u012b, vair\u0101k\u0101m \u0137\u012bnie\u0161u horoskopa z\u012bm\u0113m nosl\u0113dzas sare\u017e\u0123\u012bts un smags posms. \u0160is datums iez\u012bm\u0113 br\u012bdi,&hellip;\n","protected":false},"author":2,"featured_media":286131,"comment_status":"","ping_status":"","sticky":false,"template":"","format":"standard","meta":{"footnotes":"","_share_on_mastodon":"0"},"categories":[19],"tags":[89,90,35,39,38,36,37,34,40],"class_list":["post-286130","post","type-post","status-publish","format-standard","has-post-thumbnail","category-izklaide","tag-entertainment","tag-izklaide","tag-latvia","tag-latvian","tag-latviesu","tag-latviesu-valoda","tag-latviesuvaloda","tag-latvija","tag-lv"],"share_on_mastodon":{"url":"https:\/\/pubeurope.com\/@lv\/117214996305635085","error":""},"_links":{"self":[{"href":"https:\/\/www.europesays.com\/lv\/wp-json\/wp\/v2\/posts\/286130","targetHints":{"allow":["GET"]}}],"collection":[{"href":"https:\/\/www.europesays.com\/lv\/wp-json\/wp\/v2\/posts"}],"about":[{"href":"https:\/\/www.europesays.com\/lv\/wp-json\/wp\/v2\/types\/post"}],"author":[{"embeddable":true,"href":"https:\/\/www.europesays.com\/lv\/wp-json\/wp\/v2\/users\/2"}],"replies":[{"embeddable":true,"href":"https:\/\/www.europesays.com\/lv\/wp-json\/wp\/v2\/comments?post=286130"}],"version-history":[{"count":0,"href":"https:\/\/www.europesays.com\/lv\/wp-json\/wp\/v2\/posts\/286130\/revisions"}],"wp:featuredmedia":[{"embeddable":true,"href":"https:\/\/www.europesays.com\/lv\/wp-json\/wp\/v2\/media\/286131"}],"wp:attachment":[{"href":"https:\/\/www.europesays.com\/lv\/wp-json\/wp\/v2\/media?parent=286130"}],"wp:term":[{"taxonomy":"category","embeddable":true,"href":"https:\/\/www.europesays.com\/lv\/wp-json\/wp\/v2\/categories?post=286130"},{"taxonomy":"post_tag","embeddable":true,"href":"https:\/\/www.europesays.com\/lv\/wp-json\/wp\/v2\/tags?post=286130"}],"curies":[{"name":"wp","href":"https:\/\/api.w.org\/{rel}","templated":true}]}}