{"id":286154,"date":"2026-09-04T22:33:12","date_gmt":"2026-09-04T22:33:12","guid":{"rendered":"https:\/\/www.europesays.com\/lv\/286154\/"},"modified":"2026-09-04T22:33:12","modified_gmt":"2026-09-04T22:33:12","slug":"peldot-pret-straumi-homo-novus-izrade-ved-daugavas-un-tas-cilveku-stastos-raksts","status":"publish","type":"post","link":"https:\/\/www.europesays.com\/lv\/286154\/","title":{"rendered":"Peldot pret straumi: \u00abHomo Novus\u00bb izr\u0101de ved Daugavas un t\u0101s cilv\u0113ku st\u0101stos \/ Raksts"},"content":{"rendered":"<p>Ce\u013cu pie skat\u012bt\u0101jiem s\u0101k starptautiskais festiv\u0101ls &#8220;Homo Novus&#8221;. T\u0101\u00a0pirms\u0101kumi pirms 31 gada mekl\u0113jami\u00a0Daugavpil\u012b, t\u0101d\u0113\u013c festiv\u0101ls simboliski ar\u012b \u0161ogad atgrie\u017eas te \u2013\u00a0Daugavas upes tec\u0113jum\u0101. Viens no\u00a0\u0161\u012b gada centr\u0101lajiem darbiem ir britu te\u0101tra komp\u0101nijas &#8220;Stan&#8217;s Cafe&#8221; un Latvijas m\u0101kslinieku veidot\u0101 izr\u0101de &#8220;Upes t\u016bres. Daugava&#8221;.\u00a0Aptuveni 50 min\u016b\u0161u ilgais izr\u0101des st\u0101sts ved\u012bs no Daugavas ietekas R\u012bgas l\u012bc\u012b pret straumi, iepaz\u012bstinot ar upi, t\u0101s v\u0113sturi un krastos dz\u012bvojo\u0161ajiem. Festiv\u0101la laik\u0101 izr\u0101di var\u0113s pieredz\u0113t da\u017e\u0101d\u0101s viet\u0101s gar Daugavu posm\u0101 no Kr\u0101slavas l\u012bdz R\u012bgai. \u00a0<\/p>\n<p>\u012aSUM\u0100:\u00a0<\/p>\n<ul data-spread=\"false\">\n<li>Festiv\u0101la centr\u0101l\u0101 izr\u0101de tapusi\u00a0britu te\u0101tra komp\u0101nijas\u00a0&#8220;Stan\u2019s Cafe&#8221; un Latvijas m\u0101kslinieku sadarb\u012bb\u0101.<\/li>\n<li>Izr\u0101de ved pret straumi pa\u00a0Daugavas upi;\u00a0atkl\u0101jot t\u0101s v\u0113sturi un krastos dz\u012bvojo\u0161o cilv\u0113ku pieredzi.<\/li>\n<li>St\u0101stu veidoju\u0161i autori, ce\u013cojot gar Daugavu, sarun\u0101joties ar viet\u0113jiem iedz\u012bvot\u0101jiem, p\u0113tniekiem un zin\u0101tniekiem.<\/li>\n<li>Galven\u0101 varo\u0146a Aspr\u0101t\u012bg\u0101 Zalk\u0161a lom\u0101 iej\u016btas Eduards Be\u013c\u0146ikovs;\u00a0dz\u012bvo m\u016bziku\u00a0sp\u0113l\u0113 Aleksandrs Maijers.<\/li>\n<li>Festiv\u0101la laik\u0101 izr\u0101de ce\u013cos no Kr\u0101slavas cauri vair\u0101k\u0101m Daugavas viet\u0101m l\u012bdz R\u012bgai.<\/li>\n<\/ul>\n<p>Atgrie\u0161an\u0101s pie festiv\u0101la avotiem<\/p>\n<p style=\"margin-left:0cm; margin-right:0cm\">Izr\u0101des &#8220;Upes t\u016bres. Daugava&#8221; st\u0101sts par\u00a0Daugavas krastos dz\u012bvojo\u0161ajiem\u00a0nav radies nejau\u0161i. Festiv\u0101la &#8220;Homo Novus&#8221; kuratore Santa Remene st\u0101st\u012bja, ka tam\u00a0ir sava likumsakar\u012bba, un \u0161oreiz t\u0101 ir ar\u012b veiksm\u012bga sadarb\u012bba ar britu m\u0101ksliniekiem un vi\u0146u rad\u012bto koncepciju par dz\u012bvi gar da\u017e\u0101d\u0101m up\u0113m.\u00a0<\/p>\n<blockquote>\n<p>Pag\u0101ju\u0161aj\u0101 gad\u0101 festiv\u0101ls &#8220;Homo Novus&#8221; svin\u0113ja savu 30. jubileju. Par godu tai kuratori uz 24 stund\u0101m dev\u0101mies uz festiv\u0101la dzimteni \u2013 Daugavpili.\u00a0<\/p>\n<\/blockquote>\n<p>Tie\u0161i tur savulaik dzima\u00a0iecere un v\u0113lme veido festiv\u0101lu.\u00a0Tur mekl\u0113jams t\u0101 pirms\u0101kums jeb avoti\u0146\u0161, no kura viss izauga.\u00a0<\/p>\n<p style=\"margin-left:0cm; margin-right:0cm\">&#8220;M\u0113s brauc\u0101m no R\u012bgas uz Daugavpili un\u00a0mums grib\u0113j\u0101s, lai \u0161\u012b kust\u012bba un savieno\u0161an\u0101s notiek ar\u012b otr\u0101 virzien\u0101 \u2013\u00a0pa upi, pie kuras m\u0113s visi dz\u012bvojam, var\u0113tu\u00a0st\u0101sti un m\u0101ksla sapl\u016bst kop\u0101\u00a0ar visu to, kas ir pa vidu. Tad es atcer\u0113jos par \u0161o br\u012bni\u0161\u0137\u012bgo britu kolekt\u012bva\u00a0koncepciju, ka vi\u0146i veido daudzviet pasaul\u0113\u00a0\u0161\u0101das izr\u0101des par visiem, kas dz\u012bvo vienas upes krast\u0101. Kas m\u0113s esam, k\u0101di ir m\u016bsu rokraksti,\u00a0m\u016bsu st\u0101sti,\u00a0kas m\u016bs vieno, kas m\u016bs \u0161\u0137ir, par ko mums parun\u0101t, un tad m\u0113s varam uz 50 min\u016bt\u0113m aps\u0113sties pie \u0161\u012bs pa\u0161as upes un paklaus\u012bties cits par citu,&#8221; skaidroja Remene.\u00a0<\/p>\n<p>Daugavas st\u0101sti dzimst sarun\u0101s ar cilv\u0113kiem\u00a0<\/p>\n<p style=\"margin-left:0cm; margin-right:0cm\">Par galvenajiem st\u0101stniekiem par Daugavu tika izraudz\u012bti divi\u00a0viet\u0113jie\u00a0autori \u2013 Di\u0101na Kondra\u0161a un Rv\u012bns\u00a0Varde.\u00a0<\/p>\n<p style=\"margin-left:0cm; margin-right:0cm\">&#8220;M\u0113s bij\u0101m diezgan br\u012bvi taj\u0101, ko m\u0113s varam par upi p\u0113t\u012bt un st\u0101st\u012bt. M\u0113s tai\u00a0pieg\u0101j\u0101m no visiem iesp\u0113jamajiem rakursiem. Ce\u013coj\u0101m gar upi, run\u0101j\u0101m ar zin\u0101tniekiem,\u00a0p\u0113tniekiem,\u00a0viet\u0113jiem cilv\u0113kiem. Cent\u0101mies to sa\u0161aurin\u0101t t\u0101, ka prim\u0101ri m\u0113s run\u0101jam ar cilv\u0113kiem, kas dz\u012bvo vai str\u0101d\u0101 uz upes. Paldies\u00a0cilv\u0113kiem, kas visu savu dz\u012bvi dz\u012bvo\u00a0saskar\u0113 ar upi, vi\u0146i joproj\u0101m redz t\u0101s po\u0113tiku un to ar\u012b nesl\u0113pj. L\u012bdz ar to mums bija \u013coti maz j\u0101sacer kaut kas kl\u0101t, jo vi\u0146i pa\u0161i jau rad\u012bja gan po\u0113ziju, gan faktiski visu p\u0101r\u0113jo,&#8221; pieredz\u0113 dal\u012bj\u0101s Di\u0101na Kondra\u0161a.\u00a0<\/p>\n<p>Savuk\u0101rt Rv\u012bns Varde uzsv\u0113ra, ka b\u016btisk\u0101kie st\u0101sti atkl\u0101j\u0101s tie\u0161i sarun\u0101s ar viet\u0113jiem.\u00a0<\/p>\n<blockquote>\n<p>Braucot gar Daugavu un piest\u0101jot da\u017e\u0101d\u0101s viet\u0101s, festiv\u0101la veidot\u0101ji ieklaus\u012bj\u0101s cilv\u0113ku st\u0101st\u012btaj\u0101 un sekoja pavedieniem, kas pal\u012bdz\u0113ja iecerei ieg\u016bt arvien skaidr\u0101kas aprises.\u00a0<\/p>\n<\/blockquote>\n<p style=\"margin-left:0cm; margin-right:0cm\">&#8220;Protams,\u00a0visa teor\u0113tisk\u0101 b\u0101ze bija j\u0101apg\u016bst, un kur\u0101 gad\u0101 kur\u0161 HES [hidroelektrostacija] un k\u0101p\u0113c tika celts, un visi tie joc\u012bgi un tra\u0123iskie notikumi. Vair\u0101kus m\u0113ne\u0161us m\u0113s bij\u0101m ieniru\u0161i taj\u0101 straum\u0113. Pak\u0101peniski\u00a0tas st\u0101sts izplet\u0101s un tika reduc\u0113ts l\u012bdz aptuveni 45 min\u016bt\u0113m, lai var\u0113tu aptvert visas stihijas, kas ir pa ce\u013cam.\u00a0Tur ta\u010du ir\u00a0Staburags,\u00a0viss kas bija.\u00a0Galvenais uzdevums bija atrast veidu, k\u0101 par to run\u0101t, un toni, kas iek\u013cautu sev\u012b gan m\u012btisko, gan\u00a0smiekl\u012bgo, gan nesmiekl\u012bgo,&#8221; st\u0101st\u012bja Varde.\u00a0<\/p>\n<p>Kuratore Santa Remere \u0161o darbu raksturoja k\u0101 peld\u0113\u0161anu pret straumi.\u00a0<\/p>\n<blockquote>\n<p>T\u0101 galvenais varonis ir Aspr\u0101t\u012bgais Zalktis \u2013 Eduards Be\u013c\u0146ikovs, kur\u0161 dzelten\u0101s austi\u0146\u0101s klaus\u012bt\u0101jus ved cauri Daugavas st\u0101stam.\u00a0<\/p>\n<\/blockquote>\n<p style=\"margin-left:0cm; margin-right:0cm\">Vi\u0146am \u0161\u012b ir pirm\u0101 monoizr\u0101de, un tai netr\u016bkst nedz izaicin\u0101jumu, nedz ar\u012b\u00a0atkl\u0101smju.\u00a0<\/p>\n<p style=\"margin-left:0cm; margin-right:0cm\">&#8220;T\u0101\u00a0ir mana pirm\u0101 pieredze, ka ir tik liela [izr\u0101de], stundas garum\u0101 aptuveni,\u00a0kur es esmu viens aktieris un run\u0101ju tikai latvie\u0161u valod\u0101. T\u0101 nav mana pirm\u0101 valoda, man\u0101 dzimta valoda.\u00a0Protams, tas ir izaicin\u0101jums,&#8221; nor\u0101d\u012bja Be\u013c\u0146ikovs.\u00a0<\/p>\n<p style=\"margin-left:0cm; margin-right:0cm\">T\u0101pat vi\u0146\u0161 papildin\u0101ja, ka ce\u013cojums gar Daugavu, iepaz\u012bstot hidroelektrostacijas, apk\u0101rtnes kult\u016bru un \u0123eogr\u0101fiju, vienlaikus \u013cauj vair\u0101k uzzin\u0101t ar\u012b pa\u0161iem par sevi: &#8220;K\u0101das mums ir iek\u0161\u0113j\u0101s, varb\u016bt ne\u00a0politisk\u0101s, bet psihes \u012bpatn\u012bbas. Ir t\u0101da neliela psihoterapeiska lieta ar\u012b \u0161ai izr\u0101dei, \u012bpa\u0161i man.&#8221;<\/p>\n<p style=\"margin-left:0cm; margin-right:0cm\"><img decoding=\"async\" src=\"https:\/\/www.europesays.com\/lv\/wp-content\/uploads\/2026\/09\/u315.jpg\" alt=\"Izr\u0101des komanda. No kreis\u0101s: m\u0101ksliniece \u016ana Laukmane, autore Di\u0101na Kondra\u0161a, kuratore Santa Remene...\"\/><\/p>\n<p>Foto: Silvija Smagare \/ LSM Latgales redakcija<\/p>\n<p>Izr\u0101des komanda. No kreis\u0101s: m\u0101ksliniece \u016ana Laukmane, autore Di\u0101na Kondra\u0161a, kuratore Santa Remene un producente Ieva Briede<\/p>\n<\/p>\n<p>Ar ko Daugava at\u0161\u0137iras no cit\u0101m up\u0113m?<\/p>\n<p style=\"margin-left:0cm; margin-right:0cm\">Apvienot\u0101s Karalistes te\u0101tra komp\u0101nijai &#8220;Stan\u2019s Cafe&#8221; \u0161is ir jau astotais iestud\u0113jums vi\u0146u upju izr\u0101\u017eu cikl\u0101 &#8220;Upes t\u016bres&#8221;. Izr\u0101des re\u017eisore L\u016bsija B\u0113rda atzina, ka Daugavas st\u0101sts \u0161aj\u0101 kontekst\u0101 ir neparasts.<\/p>\n<p style=\"margin-left:0cm; margin-right:0cm\">Vi\u0146as teikto atst\u0101st\u012bja izr\u0101des producente Ieva Briede: &#8220;L\u016bsija B\u0113rda ir piedal\u012bjusies izr\u0101d\u0113s ar\u012b uz vis\u0101m up\u0113m, iz\u0146emot divas. Vi\u0146a saka, ka ir bijusi \u013coti liela\u00a0at\u0161\u0137ir\u012bba no vis\u0101m up\u0113m. Daugava, pirmk\u0101rt, ir Latvijas liel\u0101k\u0101 upe, kas iedod kaut k\u0101du savu kult\u016bru, v\u0113sturisko noz\u012bmi, kam\u0113r, piem\u0113ram, citas upes bija daudz maz\u0101kas. Piem\u0113ram, da\u017e\u0101das upes Anglij\u0101, kas tika p\u0113t\u012btas, ir mazas.&#8221;\u00a0<\/p>\n<blockquote>\n<p style=\"margin-left:0cm; margin-right:0cm\">L\u016bsija ar\u012b piemin\u0113ja, ka \u0161aj\u0101 gad\u012bjum\u0101 ir ar\u012b\u00a0politiskais virziens, jo Daugava turpin\u0101s ar\u012b cit\u0101s valst\u012bs, kuras piedal\u0101s akt\u012bvi kara darb\u012bb\u0101.\u00a0<\/p>\n<\/blockquote>\n<p style=\"margin-left:0cm; margin-right:0cm\">L\u012bdz ar to tur iest\u0101jas politiskais virziens, kur\u00a0iesaist\u012btie p\u0113ta un piedom\u0101 pie t\u0101, k\u0101 to pareiz\u0101k par\u0101d\u012bt izr\u0101d\u0113.\u00a0<\/p>\n<p style=\"margin-left:0cm; margin-right:0cm\">&#8220;Sal\u012bdzinot ar cit\u0101m up\u0113m, Latvijas st\u0101sts liekas \u013coti moderns. Piem\u0113ram, iepriek\u0161\u0113j\u0101s up\u0113s,\u00a0valst\u012bs tas bija vair\u0101k k\u0101 t\u0101du m\u012btu v\u0101k\u0161ana, skat\u012b\u0161an\u0101s v\u0113stur\u0113 uz\u00a0notikumiem un\u00a0teiksm\u0101m. Latvij\u0101 m\u0113s tom\u0113r tik\u0101mies ar \u013coti daudz\u0101m viet\u0101m, kult\u016br\u0101m, kas st\u0101st\u012bja par\u00a0savu\u00a0eso\u0161u saj\u016btu,\u00a0attiec\u012bb\u0101m ar upi, ne tikai par teiksm\u0101m un m\u012btiem,&#8221; nor\u0101d\u012bja L\u016bsija B\u0113rda.\u00a0<\/p>\n<p>Dz\u012bv\u0101 m\u016bzika un klasisk\u0101s st\u0101stniec\u012bbas sp\u0113ks\u00a0<\/p>\n<p>\u0160\u012b ir pirm\u0101 &#8220;Stan\u2019s Cafe&#8221; izr\u0101de par upi, kur\u0101 piedal\u0101s ar\u012b m\u016bzi\u0137is. Aleksandrs Maijers katr\u0101 izr\u0101d\u0113 sp\u0113l\u0113\u00a0dz\u012bvo m\u016bziku, pie\u0161\u0137irot st\u0101stam pla\u0161\u0101ku emocion\u0101lo skan\u0113jumu un spilgt\u0101k atkl\u0101jot taj\u0101 ietvertos notikumus un pieredzes.\u00a0<\/p>\n<p style=\"margin-left:0cm; margin-right:0cm\">Ar\u012b festiv\u0101la kuratore Santa Remere uzsv\u0113ra, ka izr\u0101des forma ir \u013coti vienk\u0101r\u0161a: &#8220;K\u0101 mums autori teica, viduslaiku tirgus laukuma tipa izr\u0101de, klasisk\u0101 st\u0101stniec\u012bb\u0101 balst\u012bta.\u00a0P\u0113d\u0113j\u0101 laik\u0101 laikmet\u012bg\u0101 te\u0101tra vid\u0113\u00a0nav t\u0101das izr\u0101des bie\u017ei redz\u0113tas, bet taj\u0101 pa\u0161\u0101 laik\u0101 briti cen\u0161as atjaunot \u0161o st\u0101st\u012bjumu veidu. Ja taj\u0101 br\u012bd\u012b, kad m\u0113s sak\u0101m, ka m\u0113s gribam str\u0101d\u0101t un satikties ar kopienu, ir j\u0101skat\u0101s, kas ir t\u0101 valoda, kur\u0101 tas ir iesp\u0113jams.&#8221;\u00a0<\/p>\n<p>Daugava, kuru var saskat\u012bt un sataust\u012bt\u00a0<\/p>\n<p style=\"margin-left:0cm; margin-right:0cm\">Izr\u0101des skat\u012bt\u0101js, k\u0101 piebilda\u00a0kuratore Santa Remere, \u0161o Daugavas st\u0101stu ne tikai saklaus\u012bs, bet ar\u012b saskat\u012bs, sataust\u012bs un sajut\u012bs.\u00a0<\/p>\n<p><img decoding=\"async\" src=\"https:\/\/www.europesays.com\/lv\/wp-content\/uploads\/2026\/09\/u316.jpg\" alt=\"Daugavas karte izr\u0101d\u0113 &quot;Upes t\u016bres. Daugava&quot;\u00a0\"\/>Daugavas karte izr\u0101d\u0113 &#8220;Upes t\u016bres. Daugava&#8221;\u00a0<\/p>\n<p>Foto: Silvija Smagare \/ LSM Latgales redakcija<\/p>\n<p><img decoding=\"async\" src=\"https:\/\/www.europesays.com\/lv\/wp-content\/uploads\/2026\/09\/u317.jpg\" alt=\"Daugavas karte izr\u0101d\u0113 &quot;Upes t\u016bres. Daugava&quot;\u00a0\"\/>Daugavas karte izr\u0101d\u0113 &#8220;Upes t\u016bres. Daugava&#8221;\u00a0<\/p>\n<p>Foto: Silvija Smagare \/ LSM Latgales redakcija<\/p>\n<p><img decoding=\"async\" src=\"https:\/\/www.europesays.com\/lv\/wp-content\/uploads\/2026\/09\/u318.jpg\" alt=\"Daugavas karte izr\u0101d\u0113 &quot;Upes t\u016bres. Daugava&quot;\u00a0\"\/>Daugavas karte izr\u0101d\u0113 &#8220;Upes t\u016bres. Daugava&#8221;\u00a0<\/p>\n<p>Foto: Silvija Smagare \/ LSM Latgales redakcija<\/p>\n<\/p>\n<p style=\"margin-left:0cm; margin-right:0cm\">&#8220;Man liekas, ka t\u0101ds \u013coti noz\u012bm\u012bgs elements, kas ar\u012b atg\u0101dina \u0161o senlaic\u012bgo est\u0113tiku, ir tas, ka izr\u0101des centr\u0101 ir Daugavas karte, kas ir veidota prec\u012bz\u0101 m\u0113rog\u0101, kur divi kilometri ir viens pirksta platums, bet t\u0101 ir izstiepta taisn\u0101 horizont\u0101l\u0101 l\u012bnij\u0101. T\u0101das sen\u0101k izmantoja j\u016brniec\u012bb\u0101, lai saprastu m\u0113rogu, cik t\u0101lu kas atrodas. St\u0101stnieks ved cauri\u00a0izr\u0101des kilometriem, visiem tiltiem, dambjiem.\u00a0<\/p>\n<blockquote>\n<p style=\"margin-left:0cm; margin-right:0cm\">Ar\u012b tajos st\u0101stos, kas ir aiz robe\u017eas un ko m\u0113s \u0123eopolitisk\u0101s situ\u0101cijas d\u0113\u013c neesam var\u0113ju\u0161i iev\u0101kt, bet m\u0113s \u0161o to uzzin\u0101j\u0101m tik un t\u0101. Bet tas lai paliek intrig\u0101,&#8221; st\u0101st\u012bja Remere.\u00a0<\/p>\n<\/blockquote>\n<p style=\"margin-left:0cm; margin-right:0cm\">Daugavas kartes veidot\u0101ja ir m\u0101ksliniece \u016ana Laukmane.\u00a0<\/p>\n<p style=\"margin-left:0cm; margin-right:0cm\">&#8220;Upe ir 510 centimetrus gara\u00a0iztaisnot\u0101 kart\u0113. Tur ir da\u017e\u0101di materi\u0101li \u2013 filcs, lins, vilna, dzels \u0137\u0113des, dzijas. Ir ar\u012b \u013coti daudz druk\u0101ts\u00a0tie\u0161i ar roku, t\u0101d\u0101 tehnik\u0101 p\u0101rnestas fotogr\u0101fijas, iz\u0161\u016bts. Da\u017e\u0101di ir. Es tagad ar\u012b, dzirdot, k\u0101 aktieris darbojas un kop\u0101 ar to m\u0113\u0123in\u0101t sajust\u00a0\u0161\u012bs ma\u0146as, sajust tausti,\u00a0klaus\u012bties ska\u0146u un galvenais tie\u0161\u0101m notic\u0113t un saprast, ka upe ir dz\u012bva un ka viss, kas ir ap to,\u00a0ir \u013coti svar\u012bgs mums,&#8221; atzina Laukmane.\u00a0<\/p>\n<p style=\"margin-left:0cm; margin-right:0cm\">Izr\u0101de &#8220;Upes t\u016bres. Daugava&#8221;\u00a0savu pirmizr\u0101di piedz\u012bvos Kr\u0101slav\u0101, Tirgus laukum\u0101, tad caur Au\u0161daugavas novadu t\u0101 ce\u013cos un piest\u0101s Daugavpil\u012b, Liepsal\u0101, L\u012bv\u0101nos, J\u0113kabpil\u012b un Staburag\u0101. L\u012bdz\u00a0n\u0101kam\u0101s ned\u0113\u013cas nogalei t\u0101 non\u0101ks ar\u012b\u00a0R\u012bg\u0101.\u00a0<\/p>\n","protected":false},"excerpt":{"rendered":"Ce\u013cu pie skat\u012bt\u0101jiem s\u0101k starptautiskais festiv\u0101ls &#8220;Homo Novus&#8221;. T\u0101\u00a0pirms\u0101kumi pirms 31 gada mekl\u0113jami\u00a0Daugavpil\u012b, t\u0101d\u0113\u013c festiv\u0101ls simboliski ar\u012b \u0161ogad&hellip;\n","protected":false},"author":2,"featured_media":286155,"comment_status":"","ping_status":"","sticky":false,"template":"","format":"standard","meta":{"footnotes":"","_share_on_mastodon":"0"},"categories":[12],"tags":[23,28,29,32,33,22,30,31,35,39,38,36,37,34,40,20,26,27,24,25,21],"class_list":["post-286154","post","type-post","status-publish","format-standard","has-post-thumbnail","category-latvija","tag-aktualitates","tag-breaking-news","tag-breakingnews","tag-featured-news","tag-featurednews","tag-headlines","tag-latest-news","tag-latestnews","tag-latvia","tag-latvian","tag-latviesu","tag-latviesu-valoda","tag-latviesuvaloda","tag-latvija","tag-lv","tag-news","tag-popularakas-zinas","tag-popularakaszinas","tag-top-stories","tag-topstories","tag-zinas"],"share_on_mastodon":{"url":"https:\/\/pubeurope.com\/@lv\/117215154158278182","error":""},"_links":{"self":[{"href":"https:\/\/www.europesays.com\/lv\/wp-json\/wp\/v2\/posts\/286154","targetHints":{"allow":["GET"]}}],"collection":[{"href":"https:\/\/www.europesays.com\/lv\/wp-json\/wp\/v2\/posts"}],"about":[{"href":"https:\/\/www.europesays.com\/lv\/wp-json\/wp\/v2\/types\/post"}],"author":[{"embeddable":true,"href":"https:\/\/www.europesays.com\/lv\/wp-json\/wp\/v2\/users\/2"}],"replies":[{"embeddable":true,"href":"https:\/\/www.europesays.com\/lv\/wp-json\/wp\/v2\/comments?post=286154"}],"version-history":[{"count":0,"href":"https:\/\/www.europesays.com\/lv\/wp-json\/wp\/v2\/posts\/286154\/revisions"}],"wp:featuredmedia":[{"embeddable":true,"href":"https:\/\/www.europesays.com\/lv\/wp-json\/wp\/v2\/media\/286155"}],"wp:attachment":[{"href":"https:\/\/www.europesays.com\/lv\/wp-json\/wp\/v2\/media?parent=286154"}],"wp:term":[{"taxonomy":"category","embeddable":true,"href":"https:\/\/www.europesays.com\/lv\/wp-json\/wp\/v2\/categories?post=286154"},{"taxonomy":"post_tag","embeddable":true,"href":"https:\/\/www.europesays.com\/lv\/wp-json\/wp\/v2\/tags?post=286154"}],"curies":[{"name":"wp","href":"https:\/\/api.w.org\/{rel}","templated":true}]}}