{"id":286162,"date":"2026-09-04T23:16:10","date_gmt":"2026-09-04T23:16:10","guid":{"rendered":"https:\/\/www.europesays.com\/lv\/286162\/"},"modified":"2026-09-04T23:16:10","modified_gmt":"2026-09-04T23:16:10","slug":"saeima-atklaj-plaksni-par-godu-valstiskuma-balvas-sanemejiem-raksts","status":"publish","type":"post","link":"https:\/\/www.europesays.com\/lv\/286162\/","title":{"rendered":"Saeim\u0101 atkl\u0101j pl\u0101ksni par godu Valstiskuma balvas sa\u0146\u0113m\u0113jiem \/ Raksts"},"content":{"rendered":"<p><a href=\"https:\/\/www.lsm.lv\/temas\/valstiskuma-balva\/\" rel=\"nofollow noopener\" target=\"_blank\">Valstiskuma balvas <\/a>sa\u0146\u0113m\u0113ju v\u0101rdi tagad rot\u0101 sienu pie Baltie\u0161u z\u0101les Saeimas nam\u0101. Vi\u0146i dar\u012bju\u0161i vair\u0101k nek\u0101 prasa pien\u0101kums, vi\u0146u ikdienas darbs iedvesmo citus. Piektdien, 4. septembr\u012b,\u00a0svin\u012bgi atkl\u0101ta sienas pl\u0101ksne.\u00a0<\/p>\n<p>L\u012bdz \u0161im Valstiskuma balvu sa\u0146\u0113mu\u0161as se\u0161as person\u012bbas. Vi\u0146u vid\u016b ar\u012b R\u016bta Dimanta, labdar\u012bbas organiz\u0101cijas &#8220;Ziedot.lv&#8221;\u00a0vad\u012bt\u0101ja.\u00a0<\/p>\n<p>&#8220;M\u016bsu paaudze ir atbild\u012bga par to, lai valsti nodotu saviem b\u0113rniem un mazb\u0113rniem. T\u0101p\u0113c katram pilsonim ir j\u0101darbojas t\u0101, lai m\u0113s \u0161o lolojumu nodotu p\u0113c iesp\u0113jas lab\u0101k\u0101 st\u0101vokl\u012b. Valstiskuma balva ir t\u0101ds atg\u0101din\u0101jums cilv\u0113kiem, ka mums ir j\u0101dara vair\u0101k, nek\u0101 prasa pien\u0101kums,&#8221; sac\u012bja Dimanta.\u00a0<\/p>\n<p>Valstiskuma balvu iedibin\u0101jusi\u00a0biedr\u012bba\u00a0&#8220;4.\u00a0maija deklar\u0101cijas klubs&#8221;.\u00a0<\/p>\n<p>&#8220;M\u0113s esam patiesi priec\u012bgi, ka tagad jebkur\u0161, kur\u0161 ien\u0101k Saeim\u0101 vai nu uz konferenci, vai ekskursij\u0101, var\u0113s redz\u0113t un iepaz\u012bties, kuri cilv\u0113ki ir sa\u0146\u0113mu\u0161i \u0161o augsto valsts, &#8220;4.\u00a0maija deklar\u0101cijas kluba&#8221;\u00a0un Saeimas apbalvojumu,&#8221; pauda biedr\u012bbas prezidente\u00a0Velta \u010cebotarenoka.\u00a0<\/p>\n<p>Pl\u0101ksne atkl\u0101ta pirms konferences &#8220;Neatkar\u012bbas balsis un atbalsis&#8221;, kas tika r\u012bkota par godu 35.\u00a0gadadienai, kop\u0161 pie\u0146emts konstitucion\u0101lais likums &#8220;Par Latvijas Republikas valstisko statusu&#8221;. Biedr\u012bba &#8220;4.\u00a0maija deklar\u0101cijas klubs&#8221;, kas to organiz\u0113, nor\u0101da, ka ik gadu svar\u012bgi izrun\u0101t daudz\u00a0jaut\u0101jumu par laiku, kad tika atjaunota neatkar\u012bba. Gan par to, k\u0101p\u0113c Maskav\u0101 notika apv\u0113rsums, gan ar\u012b par to, k\u0101p\u0113c daudzas rietumvalstis kav\u0113j\u0101s atz\u012bt m\u016bsu neatkar\u012bbu.<\/p>\n<p>            <img decoding=\"async\" src=\"https:\/\/www.europesays.com\/lv\/wp-content\/uploads\/2026\/09\/u33b.jpg\" alt=\"Saeim\u0101 atkl\u0101j pl\u0101ksni par godu Valstiskuma balvas sa\u0146\u0113m\u0113jiem\"\/><\/p>\n<p>Foto: Ieva \u0100bele-Ozoli\u0146a, Saeima<\/p>\n<p>Saeim\u0101 atkl\u0101j pl\u0101ksni par godu Valstiskuma balvas sa\u0146\u0113m\u0113jiem<\/p>\n<\/p>\n<p>Par Valstiskuma balvu<\/p>\n<p>Biedr\u012bbas &#8220;4.\u00a0maija deklar\u0101cijas klubs&#8221; iedibin\u0101t\u0101s Valstiskuma\u00a0balvas m\u0113r\u0137is ir veicin\u0101t sabiedr\u012bb\u0101 cie\u0146u un izpratni par Latvijas valstiskumu, t\u0101 stiprin\u0101\u0161anas sabiedrisko un politisko noz\u012bm\u012bbu katra iedz\u012bvot\u0101ja dz\u012bv\u0113.\u00a0<\/p>\n<p>Pirmo\u00a0Valstiskuma\u00a0balvu sa\u0146\u0113ma teologs un rakstnieks Juris Rubenis, otro \u2013\u00a0dzejnieks, atdzejot\u0101js un publicists, Latvijas Zin\u0101t\u0146u akad\u0113mijas goda loceklis Knuts Skujenieks, tre\u0161o \u2013\u00a0mecen\u0101ts, sabiedriskais darbinieks, V\u012btolu fonda dibin\u0101t\u0101js Vilis V\u012btols, ceturto \u2013\u00a0&#8220;Ziedot.lv&#8221; vad\u012bt\u0101ja\u00a0R\u016bta\u00a0Dimanta, piekto \u2013 Rund\u0101les pils dv\u0113sele Imants\u00a0Lancmanis, bet sesto\u00a0\u2013 dzejniece un dramatur\u0123e M\u0101ra Z\u0101l\u012bte.<\/p>\n<p>Valsts prezidents ir\u00a0Valstiskuma\u00a0balvas patrons.<\/p>\n<p>                    Valodas k\u013c\u016bda rakst\u0101?<\/p>\n<p class=\"d-none d-md-block\">Iez\u012bm\u0113jiet tekstu un spiediet Ctrl+Enter, lai nos\u016bt\u012btu labojamo teksta fragmentu redaktoram! Par faktu k\u013c\u016bd\u0101m l\u016bdzam zi\u0146ot e-past\u0101 redakcija@lsm.lv.<\/p>\n<p class=\"d-md-none\">Iez\u012bm\u0113jiet tekstu un spiediet uz Zi\u0146ot par k\u013c\u016bdu pogas, lai nos\u016bt\u012btu labojamo teksta fragmentu redaktoram!<\/p>\n<p>\n                    Zi\u0146ot par k\u013c\u016bdu\n                <\/p>\n","protected":false},"excerpt":{"rendered":"Valstiskuma balvas sa\u0146\u0113m\u0113ju v\u0101rdi tagad rot\u0101 sienu pie Baltie\u0161u z\u0101les Saeimas nam\u0101. Vi\u0146i dar\u012bju\u0161i vair\u0101k nek\u0101 prasa pien\u0101kums,&hellip;\n","protected":false},"author":2,"featured_media":286163,"comment_status":"","ping_status":"","sticky":false,"template":"","format":"standard","meta":{"footnotes":"","_share_on_mastodon":"0"},"categories":[5],"tags":[23,28,29,32,33,22,30,31,35,39,38,36,37,34,40,20,26,27,24,25,21],"class_list":["post-286162","post","type-post","status-publish","format-standard","has-post-thumbnail","category-aktualitates","tag-aktualitates","tag-breaking-news","tag-breakingnews","tag-featured-news","tag-featurednews","tag-headlines","tag-latest-news","tag-latestnews","tag-latvia","tag-latvian","tag-latviesu","tag-latviesu-valoda","tag-latviesuvaloda","tag-latvija","tag-lv","tag-news","tag-popularakas-zinas","tag-popularakaszinas","tag-top-stories","tag-topstories","tag-zinas"],"share_on_mastodon":{"url":"https:\/\/pubeurope.com\/@lv\/117215323224312672","error":""},"_links":{"self":[{"href":"https:\/\/www.europesays.com\/lv\/wp-json\/wp\/v2\/posts\/286162","targetHints":{"allow":["GET"]}}],"collection":[{"href":"https:\/\/www.europesays.com\/lv\/wp-json\/wp\/v2\/posts"}],"about":[{"href":"https:\/\/www.europesays.com\/lv\/wp-json\/wp\/v2\/types\/post"}],"author":[{"embeddable":true,"href":"https:\/\/www.europesays.com\/lv\/wp-json\/wp\/v2\/users\/2"}],"replies":[{"embeddable":true,"href":"https:\/\/www.europesays.com\/lv\/wp-json\/wp\/v2\/comments?post=286162"}],"version-history":[{"count":0,"href":"https:\/\/www.europesays.com\/lv\/wp-json\/wp\/v2\/posts\/286162\/revisions"}],"wp:featuredmedia":[{"embeddable":true,"href":"https:\/\/www.europesays.com\/lv\/wp-json\/wp\/v2\/media\/286163"}],"wp:attachment":[{"href":"https:\/\/www.europesays.com\/lv\/wp-json\/wp\/v2\/media?parent=286162"}],"wp:term":[{"taxonomy":"category","embeddable":true,"href":"https:\/\/www.europesays.com\/lv\/wp-json\/wp\/v2\/categories?post=286162"},{"taxonomy":"post_tag","embeddable":true,"href":"https:\/\/www.europesays.com\/lv\/wp-json\/wp\/v2\/tags?post=286162"}],"curies":[{"name":"wp","href":"https:\/\/api.w.org\/{rel}","templated":true}]}}