{"id":286176,"date":"2026-09-05T00:28:14","date_gmt":"2026-09-05T00:28:14","guid":{"rendered":"https:\/\/www.europesays.com\/lv\/286176\/"},"modified":"2026-09-05T00:28:14","modified_gmt":"2026-09-05T00:28:14","slug":"sestdien-riga-vairak-neka-30-vietas-norisinasies-balta-nakts","status":"publish","type":"post","link":"https:\/\/www.europesays.com\/lv\/286176\/","title":{"rendered":"Sestdien R\u012bg\u0101 vair\u0101k nek\u0101 30 viet\u0101s norisin\u0101sies &#8220;Balt\u0101 nakts&#8221;"},"content":{"rendered":"<p>&#8220;Balt\u0101 nakts&#8221; ir iecien\u012bts R\u012bgas kult\u016bras dz\u012bves notikums, kas jau 21. reizi septembra pirmaj\u0101s br\u012bvdien\u0101s pulc\u0113s R\u012bgas iedz\u012bvot\u0101jus un viesus uz pla\u0161u bezmaksas kult\u016bras un m\u0101kslas programmu. K\u0101 ierasts, apmekl\u0113t\u0101ji ir aicin\u0101ti doties pils\u0113tas iel\u0101s un apkaim\u0113s un izbaud\u012bt kult\u016bras pied\u0101v\u0101jumu, piedal\u012bties un iesaist\u012bties.<\/p>\n<blockquote class=\"quote ck-widget\" contenteditable=\"false\">\n<p>Pirmie pas\u0101kumi s\u0101ksies jau plkst. 12.00 sestdien, 5. septembr\u012b, bet p\u0113d\u0113jie nosl\u0113gsies plkst. 2.00 nakt\u012b uz sv\u0113tdienu.<\/p>\n<\/blockquote>\n<p>Kult\u016bras programmas vadmot\u012bvs ir &#8220;Pils\u0113ta atplaukst tur, kur esam m\u0113s&#8221;, kas aicina paraudz\u012bties uz pils\u0113tu k\u0101 dz\u012bvu, daudzsl\u0101\u0146ainu ekosist\u0113mu, kur\u0101 l\u012bdz\u0101s cilv\u0113kam ir ar\u012b augi, dz\u012bvnieki, kukai\u0146i un citas dz\u012bv\u0101s b\u016btnes. T\u0113mas centr\u0101 ir l\u012bdzdal\u012bba, koprade, atbild\u012bba un sp\u0113ja ieraudz\u012bt to, kas ikdienas steig\u0101 bie\u017ei paliek nepaman\u012bts.<\/p>\n<p>\u0160\u012b gada &#8220;Balt\u0101s nakts&#8221; pas\u0101kumi norisin\u0101sies Latvijas Universit\u0101tes LU Bot\u0101niskaj\u0101 d\u0101rz\u0101, &#8220;SunsStudio&#8221;, AB damb\u012b, R\u012bgas Laikmet\u012bg\u0101s m\u0101kslas telp\u0101, Neatkar\u012bbas laukum\u0101, Bastejkalna park\u0101, R\u012bgas Kongresu nam\u0101, V\u0113rmanes d\u0101rz\u0101, Latvijas Le\u013c\u013cu te\u0101tra pagalm\u0101, Francijas instit\u016bt\u0101 Latvij\u0101, rado\u0161aj\u0101 kvart\u0101l\u0101 &#8220;Veldze&#8221;, K. K. fon Stricka villas pagalm\u0101, Latvijas Kult\u016bras akad\u0113mijas Nacion\u0101laj\u0101 filmu skol\u0101, Kim? Laikmet\u012bg\u0101s m\u0101kslas centr\u0101, &#8220;Ghetto Games&#8221; amfite\u0101tr\u012b, VEF Kult\u016bras pil\u012b, Kult\u016bras pils &#8220;Zieme\u013cbl\u0101zma&#8221; park\u0101 un citviet. Savuk\u0101rt Taure\u0146u tramvajs savienos I\u013c\u0123uciemu un Teiku.<\/p>\n","protected":false},"excerpt":{"rendered":"&#8220;Balt\u0101 nakts&#8221; ir iecien\u012bts R\u012bgas kult\u016bras dz\u012bves notikums, kas jau 21. reizi septembra pirmaj\u0101s br\u012bvdien\u0101s pulc\u0113s R\u012bgas iedz\u012bvot\u0101jus&hellip;\n","protected":false},"author":2,"featured_media":286177,"comment_status":"","ping_status":"","sticky":false,"template":"","format":"standard","meta":{"footnotes":"","_share_on_mastodon":"0"},"categories":[12],"tags":[23,42473,28,29,32,33,22,30,31,35,39,38,36,37,34,40,20,26,27,24,25,21],"class_list":["post-286176","post","type-post","status-publish","format-standard","has-post-thumbnail","category-latvija","tag-aktualitates","tag-balta-nakts","tag-breaking-news","tag-breakingnews","tag-featured-news","tag-featurednews","tag-headlines","tag-latest-news","tag-latestnews","tag-latvia","tag-latvian","tag-latviesu","tag-latviesu-valoda","tag-latviesuvaloda","tag-latvija","tag-lv","tag-news","tag-popularakas-zinas","tag-popularakaszinas","tag-top-stories","tag-topstories","tag-zinas"],"share_on_mastodon":{"url":"https:\/\/pubeurope.com\/@lv\/117215605900968638","error":""},"_links":{"self":[{"href":"https:\/\/www.europesays.com\/lv\/wp-json\/wp\/v2\/posts\/286176","targetHints":{"allow":["GET"]}}],"collection":[{"href":"https:\/\/www.europesays.com\/lv\/wp-json\/wp\/v2\/posts"}],"about":[{"href":"https:\/\/www.europesays.com\/lv\/wp-json\/wp\/v2\/types\/post"}],"author":[{"embeddable":true,"href":"https:\/\/www.europesays.com\/lv\/wp-json\/wp\/v2\/users\/2"}],"replies":[{"embeddable":true,"href":"https:\/\/www.europesays.com\/lv\/wp-json\/wp\/v2\/comments?post=286176"}],"version-history":[{"count":0,"href":"https:\/\/www.europesays.com\/lv\/wp-json\/wp\/v2\/posts\/286176\/revisions"}],"wp:featuredmedia":[{"embeddable":true,"href":"https:\/\/www.europesays.com\/lv\/wp-json\/wp\/v2\/media\/286177"}],"wp:attachment":[{"href":"https:\/\/www.europesays.com\/lv\/wp-json\/wp\/v2\/media?parent=286176"}],"wp:term":[{"taxonomy":"category","embeddable":true,"href":"https:\/\/www.europesays.com\/lv\/wp-json\/wp\/v2\/categories?post=286176"},{"taxonomy":"post_tag","embeddable":true,"href":"https:\/\/www.europesays.com\/lv\/wp-json\/wp\/v2\/tags?post=286176"}],"curies":[{"name":"wp","href":"https:\/\/api.w.org\/{rel}","templated":true}]}}