{"id":286178,"date":"2026-09-05T00:34:16","date_gmt":"2026-09-05T00:34:16","guid":{"rendered":"https:\/\/www.europesays.com\/lv\/286178\/"},"modified":"2026-09-05T00:34:16","modified_gmt":"2026-09-05T00:34:16","slug":"koalicija-nogludinajusi-domstarpibas-un-solas-imigracijas-ierobezosanas-planu-apstiprinat-divu-nedelu-laika-lsm","status":"publish","type":"post","link":"https:\/\/www.europesays.com\/lv\/286178\/","title":{"rendered":"Koal\u012bcija nogludin\u0101jusi domstarp\u012bbas un sol\u0101s imigr\u0101cijas ierobe\u017eo\u0161anas pl\u0101nu apstiprin\u0101t divu ned\u0113\u013cu laik\u0101 &#8211; LSM"},"content":{"rendered":"<ol>\n<li><a href=\"https:\/\/news.google.com\/rss\/articles\/CBMi-wFBVV95cUxQejZNWjdsdU1NU01WblpMTVAzN0llcEpTME5OQnM3NmdQQkpDVHNQeGNBZE83SXE2N004UkxyUm1QMU9ZOE96eDNUcGxxc2haWEJpM19CTTNJdmFDdjZSMWlMUEVNLVR2TXhTQVpqZ2tDa1BNWUtMREl1OVJfRWtRaElTbDFZRWNsR1JVYjBsNVpjSFZ6WFBveUJUNmc2M3k5aWJFXzU1SlF3TU5aSVlBNHhjMlB5a3MwTVhPRUVLU3pwTjBxSHhzQkk5WUNPM3JjcXRhQzRmSmhkLU1YR0ZDaVc3UGFCdGVyUmhXV25ySXdFZ2ZOLUhjMFJfSQ?oc=5\" target=\"_blank\" rel=\"nofollow noopener\">Koal\u012bcija nogludin\u0101jusi domstarp\u012bbas un sol\u0101s imigr\u0101cijas ierobe\u017eo\u0161anas pl\u0101nu apstiprin\u0101t divu ned\u0113\u013cu laik\u0101<\/a>&nbsp;&nbsp;LSM<\/li>\n<li><a href=\"https:\/\/news.google.com\/rss\/articles\/CBMitwFBVV95cUxPdDEtb1dQM1RTS3J2b3p6ZEVLWE1naGx1Nng3cTB5dXRybVQ0QUxJRmNOUi1ES0JFb215S0w0SVZYa3dSQ1FsYzhGNGNHSklXazg1Z3d2ZmtlWml3QXcyT3lXOFg2NE5RRXFVcENQOXBkeGZFempLZGtXNFJoT2tDQVp6VnVMS0dCMXZtQTJhZ1NGRHFFR1ZRdU5kWWFnMnVWSFBkV21MSWstTlUxT1A0M0gyaUtvN2s?oc=5\" target=\"_blank\" rel=\"nofollow noopener\">P\u0113c ska\u013c\u0101 str\u012bda vald\u012bba tom\u0113r virz\u012bs Dombravas imigr\u0101cijas ierobe\u017eo\u0161anas pl\u0101nu<\/a>&nbsp;&nbsp;Jauns.lv<\/li>\n<li><a href=\"https:\/\/news.google.com\/rss\/articles\/CBMijAFBVV95cUxPSGRWcjNNeEZjcFZCWmpuYXJRMmdIbUJDVlhJamVrRjJmRWszeVhOSXlobWl0X3ItcnZYaDdlUElVVHhCT29KWDB2dllNQ3FSclp5UkpwREI1WXNlTHNOclhvYWJ3MTRtVWdmdGY4bURpb0hLOENWcUM4aW1NYVdtNF9VcVdJZFN2amh5WA?oc=5\" target=\"_blank\" rel=\"nofollow noopener\">Piektdiena, 4. septembris, pl. 16:00<\/a>&nbsp;&nbsp;Latvijas Radio 1<\/li>\n<li><a href=\"https:\/\/news.google.com\/rss\/articles\/CBMieEFVX3lxTE9vaXlTWm1wZnlUcXUyMEwwSGlPMTZCV1VwV2F0cWxZbHVCd0VxelZJT3Y3ZmZfb0VOOFBReXJPVjVRTGxReS0xRXVVcGZVYThnQ3N5b1Q1cmZtT3BqS1FYem1SMlVXd1BzMkcweGo3UWJadmp6clliZw?oc=5\" target=\"_blank\" rel=\"nofollow noopener\">Uzvirmo domstarp\u012bbas vald\u012bb\u0101<\/a>&nbsp;&nbsp;Diena<\/li>\n<li><a href=\"https:\/\/news.google.com\/rss\/articles\/CBMikAFBVV95cUxOUXYtRHZER2VnWGJMQUt2c2pxelBndTMzQXVFSlR0MUJiOWR1Rzc1LS00a1VWdGtGUUIyZVNSaDV5QUNVQm81NkFwS2Nxd19FaU5FS1BFQnN4endyZ0owQXZZOW9NaGVyVXIxN1pQOWxLSmpXNlpQUWRocTZ5U2ZCQWVLRlZwTXpWWUFEMGd3ODM?oc=5\" target=\"_blank\" rel=\"nofollow noopener\">Saasin\u0101s politisk\u0101 c\u012b\u0146a starp \u201cpieaugu\u0161o\u201d un \u201cni\u0137\u012bgo b\u0113rnud\u0101rznieku\u201d t\u0113lot\u0101jiem<\/a>&nbsp;&nbsp;NRA<\/li>\n<\/ol>\n","protected":false},"excerpt":{"rendered":"Koal\u012bcija nogludin\u0101jusi domstarp\u012bbas un sol\u0101s imigr\u0101cijas ierobe\u017eo\u0161anas pl\u0101nu apstiprin\u0101t divu ned\u0113\u013cu laik\u0101&nbsp;&nbsp;LSM P\u0113c ska\u013c\u0101 str\u012bda vald\u012bba tom\u0113r virz\u012bs&hellip;\n","protected":false},"author":2,"featured_media":286179,"comment_status":"","ping_status":"","sticky":false,"template":"","format":"standard","meta":{"footnotes":"","_share_on_mastodon":"0"},"categories":[12],"tags":[23,28,29,32,33,22,30,31,35,39,38,36,37,34,40,20,26,27,24,25,21],"class_list":["post-286178","post","type-post","status-publish","format-standard","has-post-thumbnail","category-latvija","tag-aktualitates","tag-breaking-news","tag-breakingnews","tag-featured-news","tag-featurednews","tag-headlines","tag-latest-news","tag-latestnews","tag-latvia","tag-latvian","tag-latviesu","tag-latviesu-valoda","tag-latviesuvaloda","tag-latvija","tag-lv","tag-news","tag-popularakas-zinas","tag-popularakaszinas","tag-top-stories","tag-topstories","tag-zinas"],"share_on_mastodon":{"url":"https:\/\/pubeurope.com\/@lv\/117215629235329884","error":""},"_links":{"self":[{"href":"https:\/\/www.europesays.com\/lv\/wp-json\/wp\/v2\/posts\/286178","targetHints":{"allow":["GET"]}}],"collection":[{"href":"https:\/\/www.europesays.com\/lv\/wp-json\/wp\/v2\/posts"}],"about":[{"href":"https:\/\/www.europesays.com\/lv\/wp-json\/wp\/v2\/types\/post"}],"author":[{"embeddable":true,"href":"https:\/\/www.europesays.com\/lv\/wp-json\/wp\/v2\/users\/2"}],"replies":[{"embeddable":true,"href":"https:\/\/www.europesays.com\/lv\/wp-json\/wp\/v2\/comments?post=286178"}],"version-history":[{"count":0,"href":"https:\/\/www.europesays.com\/lv\/wp-json\/wp\/v2\/posts\/286178\/revisions"}],"wp:featuredmedia":[{"embeddable":true,"href":"https:\/\/www.europesays.com\/lv\/wp-json\/wp\/v2\/media\/286179"}],"wp:attachment":[{"href":"https:\/\/www.europesays.com\/lv\/wp-json\/wp\/v2\/media?parent=286178"}],"wp:term":[{"taxonomy":"category","embeddable":true,"href":"https:\/\/www.europesays.com\/lv\/wp-json\/wp\/v2\/categories?post=286178"},{"taxonomy":"post_tag","embeddable":true,"href":"https:\/\/www.europesays.com\/lv\/wp-json\/wp\/v2\/tags?post=286178"}],"curies":[{"name":"wp","href":"https:\/\/api.w.org\/{rel}","templated":true}]}}