{"id":286180,"date":"2026-09-05T00:40:19","date_gmt":"2026-09-05T00:40:19","guid":{"rendered":"https:\/\/www.europesays.com\/lv\/286180\/"},"modified":"2026-09-05T00:40:19","modified_gmt":"2026-09-05T00:40:19","slug":"saeimas-nama-atklaj-gramatu-postenos-augusta-atceras-zurnalisti","status":"publish","type":"post","link":"https:\/\/www.europesays.com\/lv\/286180\/","title":{"rendered":"Saeimas nam\u0101 atkl\u0101j gr\u0101matu \u201cPoste\u0146os august\u0101. Atceras \u017eurn\u0101listi\u201d"},"content":{"rendered":"<p>Saeimas nam\u0101 piektdien, 4. septembr\u012b, atkl\u0101ja Latvijas neatkar\u012bbas atjauno\u0161anas de facto 35. gadadienai velt\u012bto gr\u0101matu \u201cPoste\u0146os august\u0101. Atceras \u017eurn\u0101listi\u201d. T\u0101 turpina st\u0101stu par mediju un l\u012bdzcilv\u0113ku noz\u012bm\u012bgo lomu m\u016bsu valsts neatkar\u012bbas atg\u016b\u0161an\u0101.<\/p>\n<p>Saeimas priek\u0161s\u0113d\u0113t\u0101ja Daiga Mieri\u0146a sac\u012bja, ka ar \u0161o gr\u0101matu godin\u0101m izcilos \u017eurn\u0101listus, kuri bija kl\u0101t t\u0101 laika notikumos un ar savu darbu pal\u012bdz\u0113ja nodot sabiedr\u012bbai svar\u012bgu inform\u0101ciju.<\/p>\n<p>Aiz katra v\u0113stures notikuma ir cilv\u0113ki ar savu pieredzi un atmi\u0146\u0101m. T\u0101p\u0113c \u0161\u012b gr\u0101mata \u013cauj ne tikai atskat\u012bties uz 1991. gada augusta notikumiem, bet ar\u012b sadzird\u0113t to cilv\u0113ku balsis, kuri pa\u0161i bija kl\u0101t Latvijas neatkar\u012bbai iz\u0161\u0137iro\u0161ajos br\u012b\u017eos, teica D. Mieri\u0146a.<\/p>\n<p>Gr\u0101mat\u0101 \u201cPoste\u0146os august\u0101. Atceras \u017eurn\u0101listi\u201d apkopotas Latvijas preses, radio, telev\u012bzijas un kino darbinieku, k\u0101 ar\u012b deput\u0101tu un citu iesaist\u012bto atmi\u0146as par 1991. gada augusta pu\u010du.<\/p>\n<p>Gr\u0101mata izdota p\u0113c Saeimas pas\u016bt\u012bjuma \u0112rika H\u0101nberga, Dai\u0146a \u012av\u0101na un Aleksandra Mirlina redaktoru kol\u0113\u0123ij\u0101. Kr\u0101jumu izdevusi izdevniec\u012bba \u201cJ\u0101\u0146a s\u0113ta\u201d, un t\u0101 pieejama ar\u012b gr\u0101matn\u012bc\u0101s.<\/p>\n<p>21. august\u0101 atz\u012bm\u0113j\u0101m 35 gadus, kop\u0161 Latvijas Republikas Augst\u0101k\u0101 padome pie\u0146\u0113ma konstitucion\u0101lo likumu \u201cPar Latvijas Republikas valstisko statusu\u201d, piln\u012bb\u0101 atjaunojot Latvijas neatkar\u012bbu. Godinot \u0161o Latvijas v\u0113stur\u0113 noz\u012bm\u012bgo notikumu, \u0161odien Saeim\u0101 notika konference \u201cNeatkar\u012bbas balsis un atbalsis\u201d, kas velt\u012bta \u0161\u012b v\u0113sturisk\u0101 l\u0113muma 35. gadadienai. Konferenc\u0113 Atmodas laikabiedri, Augst\u0101k\u0101s padomes deput\u0101ti, starptautiski atz\u012bti eksperti un viedok\u013cu l\u012bderi sprieda par Latvijas neatkar\u012bbas atjauno\u0161anas noz\u012bmi un t\u0101s m\u0101c\u012bb\u0101m m\u016bsdienu \u0123eopolitiskaj\u0101 situ\u0101cij\u0101.<\/p>\n<p>          <img decoding=\"async\" src=\"https:\/\/www.europesays.com\/lv\/wp-content\/uploads\/2026\/09\/1788568819_213_logo-lv.png\" alt=\"\"\/><\/p>\n<p>                  \u0160\u012b inform\u0101cija ir publisks pazi\u0146ojums un neatspogu\u013co LV port\u0101la viedokli. Par t\u0101s saturu atbild ies\u016bt\u012bt\u0101js. <a data-popup=\"rules\">Public\u0113\u0161anas noteikumi<\/a><\/p>\n","protected":false},"excerpt":{"rendered":"Saeimas nam\u0101 piektdien, 4. septembr\u012b, atkl\u0101ja Latvijas neatkar\u012bbas atjauno\u0161anas de facto 35. gadadienai velt\u012bto gr\u0101matu \u201cPoste\u0146os august\u0101. Atceras&hellip;\n","protected":false},"author":2,"featured_media":286181,"comment_status":"","ping_status":"","sticky":false,"template":"","format":"standard","meta":{"footnotes":"","_share_on_mastodon":"0"},"categories":[12],"tags":[23,28,29,32,33,22,30,31,35,39,38,36,37,34,40,20,26,27,24,25,21],"class_list":["post-286180","post","type-post","status-publish","format-standard","has-post-thumbnail","category-latvija","tag-aktualitates","tag-breaking-news","tag-breakingnews","tag-featured-news","tag-featurednews","tag-headlines","tag-latest-news","tag-latestnews","tag-latvia","tag-latvian","tag-latviesu","tag-latviesu-valoda","tag-latviesuvaloda","tag-latvija","tag-lv","tag-news","tag-popularakas-zinas","tag-popularakaszinas","tag-top-stories","tag-topstories","tag-zinas"],"share_on_mastodon":{"url":"https:\/\/pubeurope.com\/@lv\/117215653284540275","error":""},"_links":{"self":[{"href":"https:\/\/www.europesays.com\/lv\/wp-json\/wp\/v2\/posts\/286180","targetHints":{"allow":["GET"]}}],"collection":[{"href":"https:\/\/www.europesays.com\/lv\/wp-json\/wp\/v2\/posts"}],"about":[{"href":"https:\/\/www.europesays.com\/lv\/wp-json\/wp\/v2\/types\/post"}],"author":[{"embeddable":true,"href":"https:\/\/www.europesays.com\/lv\/wp-json\/wp\/v2\/users\/2"}],"replies":[{"embeddable":true,"href":"https:\/\/www.europesays.com\/lv\/wp-json\/wp\/v2\/comments?post=286180"}],"version-history":[{"count":0,"href":"https:\/\/www.europesays.com\/lv\/wp-json\/wp\/v2\/posts\/286180\/revisions"}],"wp:featuredmedia":[{"embeddable":true,"href":"https:\/\/www.europesays.com\/lv\/wp-json\/wp\/v2\/media\/286181"}],"wp:attachment":[{"href":"https:\/\/www.europesays.com\/lv\/wp-json\/wp\/v2\/media?parent=286180"}],"wp:term":[{"taxonomy":"category","embeddable":true,"href":"https:\/\/www.europesays.com\/lv\/wp-json\/wp\/v2\/categories?post=286180"},{"taxonomy":"post_tag","embeddable":true,"href":"https:\/\/www.europesays.com\/lv\/wp-json\/wp\/v2\/tags?post=286180"}],"curies":[{"name":"wp","href":"https:\/\/api.w.org\/{rel}","templated":true}]}}